{"id":585970,"date":"2026-07-28T21:41:12","date_gmt":"2026-07-28T21:41:12","guid":{"rendered":"https:\/\/www.europesays.com\/pl\/585970\/"},"modified":"2026-07-28T21:41:12","modified_gmt":"2026-07-28T21:41:12","slug":"rowerzystka-potracona-przez-trolejbus-w-lublinie-trafila-do-szpitala-lublin112-wiadomosci-z-lublina-i-regionu-wazne-informacje-z-kraju","status":"publish","type":"post","link":"https:\/\/www.europesays.com\/pl\/585970\/","title":{"rendered":"Rowerzystka potr\u0105cona przez trolejbus w Lublinie. Trafi\u0142a do szpitala : Lublin112 \u2013 Wiadomo\u015bci z Lublina i regionu. Wa\u017cne informacje z kraju"},"content":{"rendered":"<p>Do zdarzenia dosz\u0142o we wtorek, 28 lipca, na ul. Lwowskiej w Lublinie. P\u00f3\u017anym wieczorem, na wysoko\u015bci Ronda Mohy\u0142y, rowerzystka zosta\u0142a potr\u0105cona przez pojazd komunikacji miejskiej. Na miejscu interweniowa\u0142 zesp\u00f3\u0142 ratownictwa medycznego oraz policja.<\/p>\n<p>Ze wst\u0119pnych ustale\u0144 wynika, i\u017c kieruj\u0105ca trolejbusem kobieta porusza\u0142a si\u0119 ul. Lwowsk\u0105 od strony al. Tysi\u0105clecia. Nie zauwa\u017cy\u0142a jednak rowerzystki, kt\u00f3ra przeje\u017cd\u017ca\u0142a na drug\u0105 stron\u0119 ulicy korzystaj\u0105c z przejazdu dla jedno\u015blad\u00f3w. Co ciekawe, cyklistka r\u00f3wnie\u017c nie dostrzeg\u0142a trolejbusu.<\/p>\n<p>Potr\u0105con\u0105 kobiet\u0119 przetransportowano do szpitala. Wiadomo ju\u017c, \u017ce nie dozna\u0142a ona powa\u017c\u0144iejszych obra\u017ce\u0144 cia\u0142a. Obecnie funkcjonariusze prowadz\u0105 czynno\u015bci wyja\u015bniaj\u0105ce. Wyst\u0119puj\u0105 utrudnienia w ruchu.<\/p>\n<p>    Galeria zdj\u0119\u0107<\/p>\n<p>                                    <img decoding=\"async\" class=\"gallery-item\" src=\"https:\/\/www.europesays.com\/pl\/wp-content\/uploads\/2026\/07\/medium-143j19.jpg\" loading=\"lazy\" width=\"2048\" height=\"1536\"\/><\/p>\n<p>            Zdj\u0119cie 1 z 6<\/p>\n<p>                                    <img decoding=\"async\" class=\"gallery-item\" src=\"https:\/\/www.europesays.com\/pl\/wp-content\/uploads\/2026\/07\/medium-143j20.jpg\" loading=\"lazy\" width=\"2048\" height=\"1536\"\/><\/p>\n<p>            Zdj\u0119cie 2 z 6<\/p>\n<p>                                    <img decoding=\"async\" class=\"gallery-item\" src=\"https:\/\/www.europesays.com\/pl\/wp-content\/uploads\/2026\/07\/medium-143j18.jpg\" loading=\"lazy\" width=\"2048\" height=\"1536\"\/><\/p>\n<p>            Zdj\u0119cie 3 z 6<\/p>\n<p>                                    <img decoding=\"async\" class=\"gallery-item\" src=\"https:\/\/www.europesays.com\/pl\/wp-content\/uploads\/2026\/07\/medium-143j17.jpg\" loading=\"lazy\" width=\"2048\" height=\"1536\"\/><\/p>\n<p>            Zdj\u0119cie 4 z 6<\/p>\n<p>                                    <img decoding=\"async\" class=\"gallery-item\" src=\"https:\/\/www.europesays.com\/pl\/wp-content\/uploads\/2026\/07\/medium-143j16.jpg\" loading=\"lazy\" width=\"2048\" height=\"1536\"\/><\/p>\n<p>            Zdj\u0119cie 5 z 6<\/p>\n","protected":false},"excerpt":{"rendered":"Do zdarzenia dosz\u0142o we wtorek, 28 lipca, na ul. Lwowskiej w Lublinie. P\u00f3\u017anym wieczorem, na wysoko\u015bci Ronda Mohy\u0142y,&hellip;\n","protected":false},"author":2,"featured_media":585971,"comment_status":"","ping_status":"","sticky":false,"template":"","format":"standard","meta":{"footnotes":"","_share_on_mastodon":"0"},"categories":[51612],"tags":[3431,1081,115516,42,38,40,39,41,100866,2588],"class_list":["post-585970","post","type-post","status-publish","format-standard","has-post-thumbnail","category-lublin","tag-kolizja","tag-lublin","tag-lwowska","tag-pl","tag-poland","tag-polish","tag-polska","tag-polski","tag-potracenie-rowerzysty","tag-wypadek"],"share_on_mastodon":{"url":"https:\/\/pubeurope.com\/@pl\/116999782758082730","error":""},"_links":{"self":[{"href":"https:\/\/www.europesays.com\/pl\/wp-json\/wp\/v2\/posts\/585970","targetHints":{"allow":["GET"]}}],"collection":[{"href":"https:\/\/www.europesays.com\/pl\/wp-json\/wp\/v2\/posts"}],"about":[{"href":"https:\/\/www.europesays.com\/pl\/wp-json\/wp\/v2\/types\/post"}],"author":[{"embeddable":true,"href":"https:\/\/www.europesays.com\/pl\/wp-json\/wp\/v2\/users\/2"}],"replies":[{"embeddable":true,"href":"https:\/\/www.europesays.com\/pl\/wp-json\/wp\/v2\/comments?post=585970"}],"version-history":[{"count":0,"href":"https:\/\/www.europesays.com\/pl\/wp-json\/wp\/v2\/posts\/585970\/revisions"}],"wp:featuredmedia":[{"embeddable":true,"href":"https:\/\/www.europesays.com\/pl\/wp-json\/wp\/v2\/media\/585971"}],"wp:attachment":[{"href":"https:\/\/www.europesays.com\/pl\/wp-json\/wp\/v2\/media?parent=585970"}],"wp:term":[{"taxonomy":"category","embeddable":true,"href":"https:\/\/www.europesays.com\/pl\/wp-json\/wp\/v2\/categories?post=585970"},{"taxonomy":"post_tag","embeddable":true,"href":"https:\/\/www.europesays.com\/pl\/wp-json\/wp\/v2\/tags?post=585970"}],"curies":[{"name":"wp","href":"https:\/\/api.w.org\/{rel}","templated":true}]}}