{"id":586054,"date":"2026-07-28T22:34:30","date_gmt":"2026-07-28T22:34:30","guid":{"rendered":"https:\/\/www.europesays.com\/pl\/586054\/"},"modified":"2026-07-28T22:34:30","modified_gmt":"2026-07-28T22:34:30","slug":"kolejowy-boom-na-trasie-bialystok-warszawa","status":"publish","type":"post","link":"https:\/\/www.europesays.com\/pl\/586054\/","title":{"rendered":"Kolejowy boom na trasie Bia\u0142ystok \u2013 Warszawa"},"content":{"rendered":"<p class=\"news__lead\">PKP Intercity notuje historyczne wyniki przewozowe. W pierwszym p\u00f3\u0142roczu 2026 roku z us\u0142ug przewo\u017anika skorzysta\u0142o a\u017c 44,7 mln pasa\u017cer\u00f3w. To wynik o 11% wy\u017cszy ni\u017c w analogicznym okresie ubieg\u0142ego roku oraz a\u017c o 45% lepszy w por\u00f3wnaniu z pierwszym p\u00f3\u0142roczem 2023 roku. Polacy masowo wracaj\u0105 do podr\u00f3\u017cowania poci\u0105gami, a og\u00f3lnokrajowa liczba pasa\u017cer\u00f3w kolei mo\u017ce w tym roku si\u0119gn\u0105\u0107 nawet 470 mln os\u00f3b. Spory udzia\u0142 ma w tym nasz region oraz podr\u00f3\u017cni z wojew\u00f3dztwa podlaskiego.<\/p>\n<p>                                                                                                                                                                                                                                                                                    <a name=\"topic_0\">Podlaski sukces: 100% wi\u0119cej pasa\u017cer\u00f3w do stolicy<\/a>  <\/p>\n<p>Jednym z absolutnych lider\u00f3w wzrost\u00f3w w skali ca\u0142ego kraju okaza\u0142a si\u0119 trasa \u0142\u0105cz\u0105ca Bia\u0142ystok z Warszaw\u0105. W ci\u0105gu ostatnich trzech lat liczba podr\u00f3\u017cnych na tym odcinku wzros\u0142a a\u017c o 99%. Tak znakomity wynik to przede wszystkim efekt zako\u0144czonej modernizacji infrastruktury oraz wprowadzenia szybszych po\u0142\u0105cze\u0144 typu sprinter, kt\u00f3re pokonuj\u0105 dystans mi\u0119dzy stolic\u0105 Podlasia a Warszaw\u0105 w oko\u0142o 90 minut. W uj\u0119ciu rocznym (2025 do 2026) trasa ta zanotowa\u0142a sta\u0142y, 16-procentowy wzrost.<\/p>\n<p>  <a name=\"topic_1\">Od grudnia jeszcze wi\u0119cej poci\u0105g\u00f3w z Bia\u0142egostoku<\/a>  <\/p>\n<p>Odpowiedzi\u0105 na rosn\u0105ce zainteresowanie mieszka\u0144c\u00f3w Podlasia ma by\u0107 dalsze rozszerzanie oferty przewozowej. Przewo\u017anik zapowiedzia\u0142, \u017ce wraz z nowym rozk\u0142adem jazdy, kt\u00f3ry wejdzie w \u017cycie w grudniu, na trasie Bia\u0142ystok \u2013 Warszawa pojawi si\u0119 kolejna, 17. ju\u017c para poci\u0105g\u00f3w. Dla por\u00f3wnania jeszcze trzy lata temu miasto obs\u0142ugiwa\u0142o jedynie 11 par po\u0142\u0105cze\u0144 ze stolic\u0105. Zwi\u0119kszenie cz\u0119stotliwo\u015bci kursowania zaplanowano tak\u017ce na trasach z Warszawy do Poznania i Lublina.<\/p>\n<p>  <a name=\"topic_2\">Rynek przewoz\u00f3w wci\u0105\u017c potrzebuje zmian<\/a>  <\/p>\n<p>Mimo spektakularnego rozwoju PKP Intercity, najwi\u0119kszym przewo\u017anikiem w kraju pod wzgl\u0119dem liczby pasa\u017cer\u00f3w pozostaje POLREGIO, z kt\u00f3rego us\u0142ug korzysta ponad 100 mln os\u00f3b rocznie. Bran\u017ca wskazuje jednak na piln\u0105 potrzeb\u0119 inwestycji w nowoczesny tabor oraz usprawnienie struktury w\u0142a\u015bcicielskiej sp\u00f3\u0142ek regionalnych, aby utrzyma\u0107 tak wysokie tempo wzrostu w ca\u0142ej Polsce.<\/p>\n<p>Jak cz\u0119sto podr\u00f3\u017cujecie poci\u0105giem na trasie Bia\u0142ystok \u2013 Warszawa? Przesiedli\u015bcie si\u0119 z aut do PKP? Dajcie zna\u0107 w komentarzach!<\/p>\n<p>AR<\/p>\n<p>                                                                                                                                                                                                        ]]><\/p>\n","protected":false},"excerpt":{"rendered":"PKP Intercity notuje historyczne wyniki przewozowe. W pierwszym p\u00f3\u0142roczu 2026 roku z us\u0142ug przewo\u017anika skorzysta\u0142o a\u017c 44,7 mln&hellip;\n","protected":false},"author":2,"featured_media":586055,"comment_status":"","ping_status":"","sticky":false,"template":"","format":"standard","meta":{"footnotes":"","_share_on_mastodon":"0"},"categories":[51614],"tags":[115534,2151,115531,115537,291,3511,115533,115536,42,115538,38,40,757,115539,39,41,115532,115541,115540,52536,52482,115535],"class_list":["post-586054","post","type-post","status-publish","format-standard","has-post-thumbnail","category-bialystok","tag-90-minut-do-warszawy","tag-bialystok","tag-bialystok-warszawa-pociag","tag-czestsze-polaczenia-kolejowe","tag-historia","tag-inwestycje","tag-modernizacja-linii-kolejowej","tag-nowy-rozklad-jazdy-grudzien","tag-pl","tag-podlasie-kolej","tag-poland","tag-polish","tag-polregio","tag-polregio-pasazerowie","tag-polska","tag-polski","tag-sprinter-pkp-intercity","tag-tabor-kolejowy-inwestycje","tag-tabor-kolejowy-inwestycjebialystok","tag-tor-wschodzacy-bialystok","tag-wojewodztwo-podlaskie","tag-wzrost-liczby-pasazerow"],"share_on_mastodon":{"url":"https:\/\/pubeurope.com\/@pl\/116999989901073865","error":""},"_links":{"self":[{"href":"https:\/\/www.europesays.com\/pl\/wp-json\/wp\/v2\/posts\/586054","targetHints":{"allow":["GET"]}}],"collection":[{"href":"https:\/\/www.europesays.com\/pl\/wp-json\/wp\/v2\/posts"}],"about":[{"href":"https:\/\/www.europesays.com\/pl\/wp-json\/wp\/v2\/types\/post"}],"author":[{"embeddable":true,"href":"https:\/\/www.europesays.com\/pl\/wp-json\/wp\/v2\/users\/2"}],"replies":[{"embeddable":true,"href":"https:\/\/www.europesays.com\/pl\/wp-json\/wp\/v2\/comments?post=586054"}],"version-history":[{"count":0,"href":"https:\/\/www.europesays.com\/pl\/wp-json\/wp\/v2\/posts\/586054\/revisions"}],"wp:featuredmedia":[{"embeddable":true,"href":"https:\/\/www.europesays.com\/pl\/wp-json\/wp\/v2\/media\/586055"}],"wp:attachment":[{"href":"https:\/\/www.europesays.com\/pl\/wp-json\/wp\/v2\/media?parent=586054"}],"wp:term":[{"taxonomy":"category","embeddable":true,"href":"https:\/\/www.europesays.com\/pl\/wp-json\/wp\/v2\/categories?post=586054"},{"taxonomy":"post_tag","embeddable":true,"href":"https:\/\/www.europesays.com\/pl\/wp-json\/wp\/v2\/tags?post=586054"}],"curies":[{"name":"wp","href":"https:\/\/api.w.org\/{rel}","templated":true}]}}