{"id":586086,"date":"2026-07-28T22:51:10","date_gmt":"2026-07-28T22:51:10","guid":{"rendered":"https:\/\/www.europesays.com\/pl\/586086\/"},"modified":"2026-07-28T22:51:10","modified_gmt":"2026-07-28T22:51:10","slug":"propozycja-omanu-w-sprawie-ciesniny-ormuz-iran-podjal-decyzje","status":"publish","type":"post","link":"https:\/\/www.europesays.com\/pl\/586086\/","title":{"rendered":"Propozycja Omanu w sprawie cie\u015bniny Ormuz. Iran podj\u0105\u0142 decyzj\u0119"},"content":{"rendered":"<p>Wed\u0142ug medi\u00f3w Oman mia\u0142 zaproponowa\u0107 wytyczenie przez cie\u015bnin\u0119 trzech tras, jednej przez wody terytorialne Iranu, drugiej przez wody oma\u0144skie i trzeciej, le\u017c\u0105cej po\u015brodku drogi &#8222;mi\u0119dzynarodowej&#8221;.<\/p>\n<p> Dalszy ci\u0105g artyku\u0142u pod materia\u0142em wideo <a href=\"https:\/\/www.onet.pl\/\" title=\"Strona G\u0142\u00f3wna\" aria-label=\"Strona G\u0142\u00f3wna\" data-astro-prefetch=\"tap\" class=\"ods-a-logo-main-desktop\" rel=\"nofollow noopener\" target=\"_blank\"><img src=\"https:\/\/cdn.wiadomosci.onet.pl\/img\/Logo_desktop_Onet.svg\" class=\"ods-a-logo-main-desktop__image\" alt=\"Logo\" width=\"107\" height=\"60\" fetchpriority=\"high\" decoding=\"sync\" style=\"height:60px\"\/><\/a><\/p>\n<p class=\"ods-m-google-article__text\">Czytaj nas cz\u0119\u015bciej w Google<\/p>\n<p><a href=\"https:\/\/google.com\/preferences\/source?q=wiadomosci.onet.pl\" target=\"_blank\" rel=\"noopener noreferrer nofollow\" aria-label=\"Dodaj w Google\" title=\"Dodaj w Google\" class=\"ods-a-button ods-a-button__primary ods-a-button__default ods-a-button-l\"> Dodaj w Google <\/a><\/p>\n<p>Taki plan nie rozwiewa ira\u0144skich obaw zwi\u0105zanych z bezpiecze\u0144stwem \u2014 powiedzia\u0142 Gharibabadi, cytowany przez pa\u0144stwow\u0105 telewizj\u0119. Doda\u0142, \u017ce Iran zaproponowa\u0142 Omanowi wytyczenie dw\u00f3ch szlak\u00f3w, z czego oba wiod\u0142yby przez wody terytorialne Iranu.<\/p>\n<p>Iran zablokowa\u0142 ruch przez Ormuz po tym, gdy 28 lutego zosta\u0142 zaatakowany przez USA i Izrael. Teheran d\u0105\u017cy obecnie do przej\u0119cia kontroli nad tym szlakiem. Przed wojn\u0105 ruch przez Ormuz nie by\u0142 ograniczany i nadzorowany przez Iran.<\/p>\n<p>     Wymiana ognia na Bliskim Wschodzie<\/p>\n<p>Cie\u015bnina le\u017cy na wodach terytorialnych Iranu i Omanu. W przyj\u0119tym 17 czerwca wst\u0119pnym porozumieniu rozejmowym USA z Iranem zapisano, \u017ce forma przysz\u0142ej administracji Ormuzem zostanie ustalona przez Iran i Oman. Przedstawiciele Teheranu i Maskatu prowadzili na ten temat rozmowy, ale jak dot\u0105d nie zako\u0144czy\u0142y si\u0119 one konkretnymi ustaleniami.<\/p>\n<p>      &#8222;Ka\u017cda wizyta Netanjahu to katastrofa&#8221;. Ludzie Trumpa boj\u0105 si\u0119 skutk\u00f3w ich spotkania   <img class=\"ods-a-photo ods-a-photo--background\" src=\"https:\/\/www.europesays.com\/pl\/wp-content\/uploads\/2026\/07\/cJZk9lBaHR0cHM6Ly9vY2RuLmV1L3B1bHNjbXMvTURBXy8xNWIzYjE2N2ZmMWZlZGVhY2UxZGI0YTFjNGZiMDA2Mi5qcGeRlQLNA.jpeg\" height=\"179\" width=\"250\" alt=\"Donald Trump i Binjamin Netanjahu w Bia\u0142ym Domu, luty 2025 r.\" loading=\"lazy\" fetchpriority=\"low\" decoding=\"async\"\/>  <\/p>\n<p>Na pocz\u0105tku lipca Iran zacz\u0105\u0142 jednak ponownie atakowa\u0107 statki, kt\u00f3re nie podporz\u0105dkowa\u0142y si\u0119 narzuconym przez to pa\u0144stwo zasadom. Wywo\u0142a\u0142o to ameryka\u0144ski odwet i seri\u0119 niemal codziennych, wzajemnych ameryka\u0144sko-ira\u0144skich ostrza\u0142\u00f3w, kt\u00f3re zako\u0144czy\u0142y si\u0119 pod koniec ubieg\u0142ego tygodnia.<\/p>\n<p>Przed wojn\u0105 przez Ormuz przep\u0142ywa\u0142o oko\u0142o 20 proc. \u015bwiatowego eksportu ropy naftowej i skroplonego gazu ziemnego. Zablokowanie cie\u015bniny przyczyni\u0142o si\u0119 do wzrostu cen surowc\u00f3w energetycznych.<\/p>\n","protected":false},"excerpt":{"rendered":"Wed\u0142ug medi\u00f3w Oman mia\u0142 zaproponowa\u0107 wytyczenie przez cie\u015bnin\u0119 trzech tras, jednej przez wody terytorialne Iranu, drugiej przez wody&hellip;\n","protected":false},"author":2,"featured_media":586087,"comment_status":"","ping_status":"","sticky":false,"template":"","format":"standard","meta":{"footnotes":"","_share_on_mastodon":"0"},"categories":[14],"tags":[61195,32,33,45486,27,663,34,35,28,31,48,25,20577,46,40,41,47,80,6627,29,30,26,82,83,84],"class_list":["post-586086","post","type-post","status-publish","format-standard","has-post-thumbnail","category-swiat","tag-bottomfeed_styl","tag-breaking-news","tag-breakingnews","tag-ciesnina_ormuz","tag-headlines","tag-iran","tag-latest-news","tag-latestnews","tag-naglowki","tag-najwazniejsze-artykuly","tag-nat_styl","tag-news","tag-oman","tag-omp","tag-polish","tag-polski","tag-screening_general","tag-swiat","tag-teheran","tag-top-stories","tag-topstories","tag-wiadomosci","tag-world","tag-world-news","tag-worldnews"],"share_on_mastodon":{"url":"https:\/\/pubeurope.com\/@pl\/117000057661254308","error":""},"_links":{"self":[{"href":"https:\/\/www.europesays.com\/pl\/wp-json\/wp\/v2\/posts\/586086","targetHints":{"allow":["GET"]}}],"collection":[{"href":"https:\/\/www.europesays.com\/pl\/wp-json\/wp\/v2\/posts"}],"about":[{"href":"https:\/\/www.europesays.com\/pl\/wp-json\/wp\/v2\/types\/post"}],"author":[{"embeddable":true,"href":"https:\/\/www.europesays.com\/pl\/wp-json\/wp\/v2\/users\/2"}],"replies":[{"embeddable":true,"href":"https:\/\/www.europesays.com\/pl\/wp-json\/wp\/v2\/comments?post=586086"}],"version-history":[{"count":0,"href":"https:\/\/www.europesays.com\/pl\/wp-json\/wp\/v2\/posts\/586086\/revisions"}],"wp:featuredmedia":[{"embeddable":true,"href":"https:\/\/www.europesays.com\/pl\/wp-json\/wp\/v2\/media\/586087"}],"wp:attachment":[{"href":"https:\/\/www.europesays.com\/pl\/wp-json\/wp\/v2\/media?parent=586086"}],"wp:term":[{"taxonomy":"category","embeddable":true,"href":"https:\/\/www.europesays.com\/pl\/wp-json\/wp\/v2\/categories?post=586086"},{"taxonomy":"post_tag","embeddable":true,"href":"https:\/\/www.europesays.com\/pl\/wp-json\/wp\/v2\/tags?post=586086"}],"curies":[{"name":"wp","href":"https:\/\/api.w.org\/{rel}","templated":true}]}}