{"id":586258,"date":"2026-07-29T00:50:12","date_gmt":"2026-07-29T00:50:12","guid":{"rendered":"https:\/\/www.europesays.com\/pl\/586258\/"},"modified":"2026-07-29T00:50:12","modified_gmt":"2026-07-29T00:50:12","slug":"napiecia-na-bliskim-wschodzie-iran-wystrzelil-rakiety-balistyczne","status":"publish","type":"post","link":"https:\/\/www.europesays.com\/pl\/586258\/","title":{"rendered":"Napi\u0119cia na Bliskim Wschodzie. Iran wystrzeli\u0142 rakiety balistyczne"},"content":{"rendered":"<p>CENTCOM napisa\u0142 w komunikacie, \u017ce we wtorek o godz. 17:45 czasu wschodnioameryka\u0144skiego (23.45 w Polsce) si\u0142y Korpusu Stra\u017cnik\u00f3w Rewolucji Islamskiej (IRGC) wystrzeli\u0142y z Iranu wiele pocisk\u00f3w balistycznych, pr\u00f3buj\u0105c przeprowadzi\u0107 atak z zaskoczenia na si\u0142y USA stacjonuj\u0105ce na Bliskim Wschodzie.<\/p>\n<p> Dalszy ci\u0105g artyku\u0142u pod materia\u0142em wideo <a href=\"https:\/\/www.onet.pl\/\" title=\"Strona G\u0142\u00f3wna\" aria-label=\"Strona G\u0142\u00f3wna\" data-astro-prefetch=\"tap\" class=\"ods-a-logo-main-desktop\" rel=\"nofollow noopener\" target=\"_blank\"><img src=\"https:\/\/cdn.wiadomosci.onet.pl\/img\/Logo_desktop_Onet.svg\" class=\"ods-a-logo-main-desktop__image\" alt=\"Logo\" width=\"107\" height=\"60\" fetchpriority=\"high\" decoding=\"sync\" style=\"height:60px\"\/><\/a><\/p>\n<p class=\"ods-m-google-article__text\">Czytaj nas cz\u0119\u015bciej w Google<\/p>\n<p><a href=\"https:\/\/google.com\/preferences\/source?q=onet.pl\" target=\"_blank\" rel=\"noopener noreferrer nofollow\" aria-label=\"Dodaj w Google\" title=\"Dodaj w Google\" class=\"ods-a-button ods-a-button__primary ods-a-button__default ods-a-button-l\"> Dodaj w Google <\/a><\/p>\n<p>Wojsko przekaza\u0142o, \u017ce wszystkie ira\u0144skie pociski zosta\u0142y przechwycone. Doda\u0142o, \u017ce si\u0142y Stan\u00f3w Zjednoczonych pozostaj\u0105 czujne i utrzymuj\u0105 wysoki poziom gotowo\u015bci. Portal Axios, powo\u0142uj\u0105c si\u0119 na \u017ar\u00f3d\u0142o w ameryka\u0144skich w\u0142adzach, informuje, \u017ce Iran wystrzeli\u0142 rakiety balistyczne w stron\u0119 ameryka\u0144skiej bazy w Jordanii.<\/p>\n<p> Wymiana ognia na Bliskim Wschodzie     <\/p>\n<p>To pierwszy ira\u0144ski atak rakietowy na ameryka\u0144sk\u0105 baz\u0119 od pi\u0105tku, gdy prezydent USA Donald Trump wstrzyma\u0142 codzienne ataki na cele w Iranie.<\/p>\n<p> &#8222;Ka\u017cda wizyta Netanjahu to katastrofa&#8221;. Ludzie Trumpa boj\u0105 si\u0119 skutk\u00f3w ich spotkania   <img class=\"ods-a-photo ods-a-photo--background\" src=\"https:\/\/www.europesays.com\/pl\/wp-content\/uploads\/2026\/07\/CvSk9lBaHR0cHM6Ly9vY2RuLmV1L3B1bHNjbXMvTURBXy8xNWIzYjE2N2ZmMWZlZGVhY2UxZGI0YTFjNGZiMDA2Mi5qcGeRlQLNA.jpeg\" height=\"179\" width=\"250\" alt=\"Donald Trump i Binjamin Netanjahu w Bia\u0142ym Domu, luty 2025 r.\" loading=\"lazy\" fetchpriority=\"low\" decoding=\"async\"\/>  <\/p>\n<p>W poniedzia\u0142ek Trump o\u015bwiadczy\u0142, \u017ce je\u015bli rozmowy z Iranem nie przynios\u0105 rezultatu, USA wr\u00f3c\u0105 do silnych dzia\u0142a\u0144 wojskowych. Prezydent podkre\u015bli\u0142, \u017ce w pi\u0105tek zdecydowa\u0142 si\u0119 wstrzyma\u0107 uderzenia na ira\u0144skie cele, poniewa\u017c pa\u0144stwa po\u015brednicz\u0105ce w rozmowach poprosi\u0142y go o to, by da\u0142 negocjacjom kolejn\u0105 szans\u0119.<\/p>\n","protected":false},"excerpt":{"rendered":"CENTCOM napisa\u0142 w komunikacie, \u017ce we wtorek o godz. 17:45 czasu wschodnioameryka\u0144skiego (23.45 w Polsce) si\u0142y Korpusu Stra\u017cnik\u00f3w&hellip;\n","protected":false},"author":2,"featured_media":586259,"comment_status":"","ping_status":"","sticky":false,"template":"","format":"standard","meta":{"footnotes":"","_share_on_mastodon":"0"},"categories":[14],"tags":[905,61195,32,33,44,27,663,12862,34,35,28,31,48,25,46,55,40,41,47,80,6627,29,30,26,82,83,84],"class_list":["post-586258","post","type-post","status-publish","format-standard","has-post-thumbnail","category-swiat","tag-bliski_wschod","tag-bottomfeed_styl","tag-breaking-news","tag-breakingnews","tag-donald_trump","tag-headlines","tag-iran","tag-jordania","tag-latest-news","tag-latestnews","tag-naglowki","tag-najwazniejsze-artykuly","tag-nat_styl","tag-news","tag-omp","tag-phx","tag-polish","tag-polski","tag-screening_general","tag-swiat","tag-teheran","tag-top-stories","tag-topstories","tag-wiadomosci","tag-world","tag-world-news","tag-worldnews"],"share_on_mastodon":{"url":"https:\/\/pubeurope.com\/@pl\/117000524962343166","error":""},"_links":{"self":[{"href":"https:\/\/www.europesays.com\/pl\/wp-json\/wp\/v2\/posts\/586258","targetHints":{"allow":["GET"]}}],"collection":[{"href":"https:\/\/www.europesays.com\/pl\/wp-json\/wp\/v2\/posts"}],"about":[{"href":"https:\/\/www.europesays.com\/pl\/wp-json\/wp\/v2\/types\/post"}],"author":[{"embeddable":true,"href":"https:\/\/www.europesays.com\/pl\/wp-json\/wp\/v2\/users\/2"}],"replies":[{"embeddable":true,"href":"https:\/\/www.europesays.com\/pl\/wp-json\/wp\/v2\/comments?post=586258"}],"version-history":[{"count":0,"href":"https:\/\/www.europesays.com\/pl\/wp-json\/wp\/v2\/posts\/586258\/revisions"}],"wp:featuredmedia":[{"embeddable":true,"href":"https:\/\/www.europesays.com\/pl\/wp-json\/wp\/v2\/media\/586259"}],"wp:attachment":[{"href":"https:\/\/www.europesays.com\/pl\/wp-json\/wp\/v2\/media?parent=586258"}],"wp:term":[{"taxonomy":"category","embeddable":true,"href":"https:\/\/www.europesays.com\/pl\/wp-json\/wp\/v2\/categories?post=586258"},{"taxonomy":"post_tag","embeddable":true,"href":"https:\/\/www.europesays.com\/pl\/wp-json\/wp\/v2\/tags?post=586258"}],"curies":[{"name":"wp","href":"https:\/\/api.w.org\/{rel}","templated":true}]}}