{"id":586338,"date":"2026-07-29T01:45:15","date_gmt":"2026-07-29T01:45:15","guid":{"rendered":"https:\/\/www.europesays.com\/pl\/586338\/"},"modified":"2026-07-29T01:45:15","modified_gmt":"2026-07-29T01:45:15","slug":"david-i-victoria-beckhamowie-na-ibizie-razem-z-nimi-syn-i-michael-jordan","status":"publish","type":"post","link":"https:\/\/www.europesays.com\/pl\/586338\/","title":{"rendered":"David i Victoria Beckhamowie na Ibizie. Razem z nimi syn i Michael Jordan"},"content":{"rendered":"<p>W ostatnich dniach Beckhamowie, kt\u00f3rzy regularnie odwiedzaj\u0105 Ibiz\u0119, zostali zauwa\u017ceni podczas lunchu w restauracji Casa Jondal. Towarzyszyli im syn Romeo Beckham z partnerk\u0105 Kim Turnbull oraz legendarny koszykarz Michael Jordan z \u017con\u0105 Yvette Prieto.<\/p>\n<p> <a href=\"https:\/\/www.onet.pl\/\" title=\"Strona G\u0142\u00f3wna\" aria-label=\"Strona G\u0142\u00f3wna\" data-astro-prefetch=\"tap\" class=\"ods-a-logo-main-desktop\" rel=\"nofollow noopener\" target=\"_blank\"><img src=\"https:\/\/cdn.plejada.pl\/img\/Logo_desktop_Onet.svg\" class=\"ods-a-logo-main-desktop__image\" alt=\"Logo\" width=\"107\" height=\"60\" fetchpriority=\"high\" decoding=\"sync\" style=\"height:60px\"\/><\/a><\/p>\n<p class=\"ods-m-google-article__text\">Czytaj nas cz\u0119\u015bciej w Google<\/p>\n<p><a href=\"https:\/\/google.com\/preferences\/source?q=plejada.pl\" target=\"_blank\" rel=\"noopener noreferrer nofollow\" aria-label=\"Dodaj w Google\" title=\"Dodaj w Google\" class=\"ods-a-button ods-a-button__primary ods-a-button__default ods-a-button-l\"> Dodaj w Google <\/a><a href=\"https:\/\/plejada.pl\/temat\/victoria-beckham\/9h2dkjd\" id=\"139e5640-fdd8-4a42-85bc-939fff9e2f35\" rel=\"nofollow noopener\" target=\"_blank\">Victoria Beckham<\/a>, znana z zami\u0142owania do elegancji, wybra\u0142a na t\u0119 okazj\u0119 zwiewn\u0105, kwiecist\u0105 sukienk\u0119 maxi oraz sk\u00f3rzan\u0105, plecion\u0105 torebk\u0119 marki Loro Piana. David Beckham postawi\u0142 na czarny zestaw: k\u0105piel\u00f3wki, T-shirt i czapk\u0119 z daszkiem noszon\u0105 ty\u0142em do przodu. Dalszy ci\u0105g artyku\u0142u pod materia\u0142em wideo Beckhamowie i ich styl na Ibizie     Podczas urlopu na Ibizie Beckhamowie prezentuj\u0105 sw\u00f3j charakterystyczny styl, kt\u00f3ry \u0142\u0105czy wygod\u0119 z elegancj\u0105. Victoria Beckham, nawi\u0105zuj\u0105c do swojego dawnego pseudonimu Posh, wybiera lekkie i modne sukienki, natomiast <a href=\"https:\/\/plejada.pl\/temat\/david-beckham-pilkarz\/f0sh8yx\" id=\"eb8a1329-92f4-4d83-b175-8e5990b99121\" rel=\"nofollow noopener\" target=\"_blank\">David Beckham<\/a> stawia na sportowe, swobodne ubrania. <\/p>\n<p>W poprzednim tygodniu para zosta\u0142a sfotografowana na pok\u0142adzie jachtu. Victoria mia\u0142a na sobie czarn\u0105 sukni\u0119 maxi, du\u017ce okulary przeciws\u0142oneczne, plecion\u0105 torb\u0119 oraz s\u0142omkowy kapelusz z szerokim rondem. David wybra\u0142 bia\u0142y T-shirt i czarne k\u0105piel\u00f3wki. Wed\u0142ug relacji, ich jachtowe stylizacje znacznie r\u00f3\u017cni\u0105 si\u0119 od codziennych wybor\u00f3w modowych, gdy David zazwyczaj nosi szyte na miar\u0119 garnitury, a Victoria sukienki z w\u0142asnej kolekcji.<\/p>\n<p>      Dzi\u0119kujemy, \u017ce przeczyta\u0142a\u015b\/e\u015b nasz artyku\u0142 do ko\u0144ca. W serwisie Plejada.pl ka\u017cdego dnia piszemy o najwa\u017cniejszych wydarzeniach show-biznesowych. B\u0105d\u017a na bie\u017c\u0105co!<a rel=\"nofollow noopener\" href=\"https:\/\/profile.google.com\/cp\/Cg0vZy8xMWJ6X19wdHBx\" id=\"b43cc79b-474c-4622-9c72-b851057fa258\" target=\"_blank\"> Obserwuj<\/a> Plejad\u0119 w Google. Odwied\u017a nas tak\u017ce na<a rel=\"nofollow noopener\" href=\"https:\/\/www.facebook.com\/plejadapl\" id=\"3a43275a-9849-44b5-9d20-046d77b69e2c\" target=\"_blank\"> Facebooku<\/a>,<a rel=\"nofollow noopener\" href=\"https:\/\/www.instagram.com\/plejadapl\/\" id=\"b7474fac-646b-41cd-81f1-19bac5ab22e1\" target=\"_blank\"> Instagramie<\/a>,<a rel=\"nofollow noopener\" href=\"https:\/\/www.youtube.com\/c\/plejada\" id=\"27d179b9-556a-458f-9751-80851d1d2ddb\" target=\"_blank\"> YouTubie<\/a> oraz<a rel=\"nofollow noopener\" href=\"https:\/\/www.tiktok.com\/@plejada_pl\" id=\"50706797-98df-4a18-b506-db3f4551ab47\" target=\"_blank\"> TikToku<\/a>.Chcesz podzieli\u0107 si\u0119 ciekawym newsem lub zaproponowa\u0107 temat? Skontaktuj si\u0119 z nami, pisz\u0105c maila na adres: <a rel=\"nofollow noopener\" href=\"https:\/\/plejada.pl\/newsy\/david-i-victoria-beckhamowie-na-ibizie-razem-z-nimi-syn-i-michael-jordan\/mailto:plejada@redakcjaonet.pl\" id=\"657e44df-6ebf-4f14-b7a7-ae4102f01d9a\" target=\"_blank\">plejada@redakcjaonet.pl<\/a>.<script async src=\"\/\/www.instagram.com\/embed.js\"><\/script><script async src=\"\/\/www.tiktok.com\/embed.js\"><\/script><\/p>\n","protected":false},"excerpt":{"rendered":"W ostatnich dniach Beckhamowie, kt\u00f3rzy regularnie odwiedzaj\u0105 Ibiz\u0119, zostali zauwa\u017ceni podczas lunchu w restauracji Casa Jondal. Towarzyszyli im&hellip;\n","protected":false},"author":2,"featured_media":586339,"comment_status":"","ping_status":"","sticky":false,"template":"","format":"standard","meta":{"footnotes":"","_share_on_mastodon":"0"},"categories":[14],"tags":[61195,32,33,9400,27,34,35,28,31,48,25,125,46,40,41,47,80,29,110944,30,9326,26,82,83,84],"class_list":["post-586338","post","type-post","status-publish","format-standard","has-post-thumbnail","category-swiat","tag-bottomfeed_styl","tag-breaking-news","tag-breakingnews","tag-david_beckham","tag-headlines","tag-latest-news","tag-latestnews","tag-naglowki","tag-najwazniejsze-artykuly","tag-nat_styl","tag-news","tag-newsy","tag-omp","tag-polish","tag-polski","tag-screening_general","tag-swiat","tag-top-stories","tag-topbar_tst0","tag-topstories","tag-victoria_beckham","tag-wiadomosci","tag-world","tag-world-news","tag-worldnews"],"share_on_mastodon":{"url":"https:\/\/pubeurope.com\/@pl\/117000741015079152","error":""},"_links":{"self":[{"href":"https:\/\/www.europesays.com\/pl\/wp-json\/wp\/v2\/posts\/586338","targetHints":{"allow":["GET"]}}],"collection":[{"href":"https:\/\/www.europesays.com\/pl\/wp-json\/wp\/v2\/posts"}],"about":[{"href":"https:\/\/www.europesays.com\/pl\/wp-json\/wp\/v2\/types\/post"}],"author":[{"embeddable":true,"href":"https:\/\/www.europesays.com\/pl\/wp-json\/wp\/v2\/users\/2"}],"replies":[{"embeddable":true,"href":"https:\/\/www.europesays.com\/pl\/wp-json\/wp\/v2\/comments?post=586338"}],"version-history":[{"count":0,"href":"https:\/\/www.europesays.com\/pl\/wp-json\/wp\/v2\/posts\/586338\/revisions"}],"wp:featuredmedia":[{"embeddable":true,"href":"https:\/\/www.europesays.com\/pl\/wp-json\/wp\/v2\/media\/586339"}],"wp:attachment":[{"href":"https:\/\/www.europesays.com\/pl\/wp-json\/wp\/v2\/media?parent=586338"}],"wp:term":[{"taxonomy":"category","embeddable":true,"href":"https:\/\/www.europesays.com\/pl\/wp-json\/wp\/v2\/categories?post=586338"},{"taxonomy":"post_tag","embeddable":true,"href":"https:\/\/www.europesays.com\/pl\/wp-json\/wp\/v2\/tags?post=586338"}],"curies":[{"name":"wp","href":"https:\/\/api.w.org\/{rel}","templated":true}]}}