{"id":586376,"date":"2026-07-29T02:10:17","date_gmt":"2026-07-29T02:10:17","guid":{"rendered":"https:\/\/www.europesays.com\/pl\/586376\/"},"modified":"2026-07-29T02:10:17","modified_gmt":"2026-07-29T02:10:17","slug":"burza-wokol-filmu-o-kuroniach-zmiany-godzily-w-postac-grazyny","status":"publish","type":"post","link":"https:\/\/www.europesays.com\/pl\/586376\/","title":{"rendered":"Burza wok\u00f3\u0142 filmu o Kuroniach. &#8222;Zmiany godzi\u0142y w posta\u0107 Gra\u017cyny&#8221;"},"content":{"rendered":"<p>11 listopada w kinach swoj\u0105 premier\u0119 b\u0119dzie mia\u0142 film &#8222;Nasza rewolucja&#8221; w re\u017cyserii Piotra Domalewskiego wyprodukowany przez Next Film nale\u017c\u0105cy do Agory. W ostatnich dniach na \u0142\u0105mach magazynu &#8222;Press&#8221; Maciej Pisuk \u2014 autor pierwotnego scenariusza filmu o historii Gra\u017cyny i Jacka Kuroni\u00f3w \u2014 poinformowa\u0142, \u017ce wycofa\u0142 swoje nazwisko z napis\u00f3w ko\u0144cowych filmu &#8222;Nasza rewolucja&#8221;. <\/p>\n<p><a href=\"https:\/\/www.onet.pl\/\" title=\"Strona G\u0142\u00f3wna\" aria-label=\"Strona G\u0142\u00f3wna\" data-astro-prefetch=\"tap\" class=\"ods-a-logo-main-desktop\" rel=\"nofollow noopener\" target=\"_blank\"><img src=\"https:\/\/cdn.kultura.onet.pl\/img\/Logo_desktop_Onet.svg\" class=\"ods-a-logo-main-desktop__image\" alt=\"Logo\" width=\"107\" height=\"60\" fetchpriority=\"high\" decoding=\"sync\" style=\"height:60px\"\/><\/a><\/p>\n<p class=\"ods-m-google-article__text\">Czytaj nas cz\u0119\u015bciej w Google<\/p>\n<p><a href=\"https:\/\/google.com\/preferences\/source?q=kultura.onet.pl\" target=\"_blank\" rel=\"noopener noreferrer nofollow\" aria-label=\"Dodaj w Google\" title=\"Dodaj w Google\" class=\"ods-a-button ods-a-button__primary ods-a-button__default ods-a-button-l\"> Dodaj w Google <\/a><\/p>\n<p>Zarzuci\u0142 producentowi Robertowi Kijakowi niewywi\u0105zanie si\u0119 z umowy i zapowiada dochodzenie swoich praw na drodze s\u0105dowej.<\/p>\n<p>Sp\u00f3r o film o Kuroniach. Scenarzysta m\u00f3wi o ra\u017c\u0105cych b\u0142\u0119dach<\/p>\n<p>Pisuk jest autorem scenariusza, przyj\u0119tym przez Next Film w 2022 r. w\u00f3wczas pod roboczym tytu\u0142em &#8222;Bez ciebie mnie nie b\u0119dzie&#8221;. Po otrzymaniu zmienionej wersji w 2025 r. skrytykowa\u0142 wprowadzone poprawki re\u017cyserskie, wskazuj\u0105c na ra\u017c\u0105ce b\u0142\u0119dy.<\/p>\n<blockquote class=\"ods-o-quote\">\n<p class=\"ods-o-quote__paragraph\">Zmiany godzi\u0142y w posta\u0107 Gra\u017cyny Kuroniowej, kt\u00f3rej rola \u2014 wbrew prawdzie historycznej \u2014 zosta\u0142a umniejszona i zbanalizowana. To by\u0142 pow\u00f3d, dla kt\u00f3rego za\u017c\u0105da\u0142em wycofania swojego nazwiska z napis\u00f3w czo\u0142owych filmu<\/p>\n<\/blockquote>\n<p>\u2014 pisa\u0142 scenarzysta w wiadomo\u015bci opublikowanej przez Roberta Kijaka, producenta filmu.<\/p>\n<p>Wed\u0142ug Pisuka w 2025 r. strony uzgodni\u0142y, \u017ce pomo\u017ce w korektach scenariusza w zamian za odzyskanie praw do swojej wersji tekstu. Z maili nades\u0142anych do producenta wynika, \u017ce oczekiwa\u0142 wgl\u0105du w ostateczn\u0105 wersj\u0119 scenariusza. Po niemal roku \u2014 10 lipca 2026 r. autor otrzyma\u0142 zaproszenie na kolaudacj\u0119 (ocen\u0119) filmu. Pisuk jednak odm\u00f3wi\u0142.<\/p>\n<p>          <img class=\"ods-a-photo ods-a-photo--background\" src=\"https:\/\/www.europesays.com\/pl\/wp-content\/uploads\/2026\/07\/JmKk9lBaHR0cHM6Ly9vY2RuLmV1L3B1bHNjbXMvTURBXy9hMmZhOTc5N2EyN2U1ZmE0YTEyNjk1NWQ5YTQwMjEyMC5wbmeRkwXNB.png\" height=\"529\" width=\"940\" alt=\"Plakat filmu &quot;Nasza Rewolucja&quot;\" loading=\"lazy\" fetchpriority=\"auto\" decoding=\"auto\"\/>    <\/p>\n<p>Next Film<\/p>\n<p>  Plakat filmu &#8222;Nasza Rewolucja&#8221;  <\/p>\n<p>Robert Kijak odpowiedzia\u0142 na zarzuty scenarzysty, publikuj\u0105c o\u015bwiadczenie, w kt\u00f3rym udost\u0119pni\u0142 korespondencj\u0119 z Pisukiem od 2022 r. Przekonuje, \u017ce Next Film zgodnie z umow\u0105 naby\u0142 prawa do scenariusza, kt\u00f3ry \u2014 ze wzgl\u0119du wprowadzone do niego zmiany re\u017cyserskie \u2014 autor m\u00f3g\u0142by odzyska\u0107 i wykorzysta\u0107 jako podstaw\u0119 ksi\u0105\u017cki lub serialu w kolejnych latach po premierze filmu. <\/p>\n<p>Zarzuca te\u017c Pisukowi, \u017ce odm\u00f3wi\u0142 zapoznania si\u0119 z gotowym filmem, a tak\u017ce zaszkodzi\u0142 produkcji, nag\u0142a\u015bniaj\u0105c sp\u00f3r w mediach.<\/p>\n<p>     &#8222;Nasza rewolucja&#8221; \u2014 o czym opowiada film?<\/p>\n<p>Film, inspirowany histori\u0105 Gra\u017cyny i Jacka Kuroni\u00f3w, trafi do kin 11 listopada 2026 r. W filmie w g\u0142\u00f3wnych rolach wyst\u0105pili Magdalena Pop\u0142awska i Arkadiusz Jakubik. Na ekranie zobaczymy tak\u017ce Jacka Komana, Ann\u0119 Ilczuk czy Jakuba Jakubika w roli m\u0142odego Jacka Kuronia.<\/p>\n<p>Produkcja &#8222;Nasza rewolucja&#8221; w re\u017cyserii Piotra Domalewskiego zosta\u0142a zakwalifikowana do Festiwalu Polskich Film\u00f3w Fabularnych w Gdyni.<\/p>\n<p>\u2014 Chcia\u0142em, \u017ceby nie patrze\u0107 na niego [Jacka Kuronia \u2014 przyp. red.] z perspektywy kolan. \u017beby nie traktowa\u0107 go jak pomnika. Szuka\u0142em w nim p\u0119kni\u0119\u0107. Chcia\u0142em spojrze\u0107 na niego jak na normalnego cz\u0142owieka, kt\u00f3ry ma prawo pope\u0142nia\u0107 b\u0142\u0119dy \u2014 t\u0142umaczy\u0142<a href=\"https:\/\/www.onet.pl\/film\/onetfilm\/arkadiusz-jakubik-odslania-kulisy-naszej-rewolucji-wypalil-45-tys-papierosow\/nxpg20y,681c1dfa\" id=\"71173bf4-5daa-4bad-9703-f64b0e33d201\" rel=\"nofollow noopener\" target=\"_blank\"> podej\u015bcie do granej przez siebie postaci Arkadiusz Kubik w rozmowie z Onetem.<\/a><\/p>\n","protected":false},"excerpt":{"rendered":"11 listopada w kinach swoj\u0105 premier\u0119 b\u0119dzie mia\u0142 film &#8222;Nasza rewolucja&#8221; w re\u017cyserii Piotra Domalewskiego wyprodukowany przez Next&hellip;\n","protected":false},"author":2,"featured_media":586377,"comment_status":"","ping_status":"","sticky":false,"template":"","format":"standard","meta":{"footnotes":"","_share_on_mastodon":"0"},"categories":[22],"tags":[115638,41751,61195,122,816,47529,918,39701,48,46,42,38,40,39,41,3689,123,47,26],"class_list":["post-586376","post","type-post","status-publish","format-standard","has-post-thumbnail","category-rozrywka","tag-agora_sa","tag-arkadiusz_jakubik","tag-bottomfeed_styl","tag-entertainment","tag-film","tag-jacek_kuron","tag-magdalena_poplawska","tag-najnowsze_wiadomosci","tag-nat_styl","tag-omp","tag-pl","tag-poland","tag-polish","tag-polska","tag-polski","tag-prl","tag-rozrywka","tag-screening_general","tag-wiadomosci"],"share_on_mastodon":{"url":"https:\/\/pubeurope.com\/@pl\/117000839151468739","error":""},"_links":{"self":[{"href":"https:\/\/www.europesays.com\/pl\/wp-json\/wp\/v2\/posts\/586376","targetHints":{"allow":["GET"]}}],"collection":[{"href":"https:\/\/www.europesays.com\/pl\/wp-json\/wp\/v2\/posts"}],"about":[{"href":"https:\/\/www.europesays.com\/pl\/wp-json\/wp\/v2\/types\/post"}],"author":[{"embeddable":true,"href":"https:\/\/www.europesays.com\/pl\/wp-json\/wp\/v2\/users\/2"}],"replies":[{"embeddable":true,"href":"https:\/\/www.europesays.com\/pl\/wp-json\/wp\/v2\/comments?post=586376"}],"version-history":[{"count":0,"href":"https:\/\/www.europesays.com\/pl\/wp-json\/wp\/v2\/posts\/586376\/revisions"}],"wp:featuredmedia":[{"embeddable":true,"href":"https:\/\/www.europesays.com\/pl\/wp-json\/wp\/v2\/media\/586377"}],"wp:attachment":[{"href":"https:\/\/www.europesays.com\/pl\/wp-json\/wp\/v2\/media?parent=586376"}],"wp:term":[{"taxonomy":"category","embeddable":true,"href":"https:\/\/www.europesays.com\/pl\/wp-json\/wp\/v2\/categories?post=586376"},{"taxonomy":"post_tag","embeddable":true,"href":"https:\/\/www.europesays.com\/pl\/wp-json\/wp\/v2\/tags?post=586376"}],"curies":[{"name":"wp","href":"https:\/\/api.w.org\/{rel}","templated":true}]}}