{"id":586474,"date":"2026-07-29T03:13:33","date_gmt":"2026-07-29T03:13:33","guid":{"rendered":"https:\/\/www.europesays.com\/pl\/586474\/"},"modified":"2026-07-29T03:13:33","modified_gmt":"2026-07-29T03:13:33","slug":"karol-nawrocki-z-zaproszeniem-na-kebaba-to-nagranie-jest-hitem-na-tiktoku","status":"publish","type":"post","link":"https:\/\/www.europesays.com\/pl\/586474\/","title":{"rendered":"Karol Nawrocki z zaproszeniem na kebaba. To nagranie jest hitem na TikToku"},"content":{"rendered":"<p>Ca\u0142a Polska pozna\u0142a <a href=\"https:\/\/plejada.pl\/temat\/karol-nawrocki-prezydent\/nzlwdg6\" id=\"68ea6911-92b8-4d8b-a234-8a4bb227234c\" rel=\"nofollow noopener\" target=\"_blank\">Karola Nawrockiego<\/a>, gdy w lipcu 2024 r. pojawi\u0142y si\u0119 pierwsze informacje, \u017ce to w\u0142a\u015bnie on mo\u017ce kandydowa\u0107 na urz\u0105d prezydenta z ramienia Prawa i Sprawiedliwo\u015bci. Trafi\u0142 do drugiej tury wybor\u00f3w prezydenckich z Rafa\u0142em Trzaskowskim i ostatecznie pokona\u0142 go, zdobywaj\u0105c nieco ponad 50 proc. g\u0142os\u00f3w. Na pocz\u0105tku sierpnia ubieg\u0142ego roku zosta\u0142 zaprzysi\u0119\u017cony i od tego czasu wraz z ma\u0142\u017conk\u0105, Mart\u0105 Nawrock\u0105, oraz tr\u00f3jk\u0105 dzieci, Kasi\u0105, Antonim i Danielem, zamieszkuje Pa\u0142ac Prezydencki. Dalszy ci\u0105g artyku\u0142u pod materia\u0142em wideo Ch\u0142opiec zaprosi\u0142 Karola Nawrockiego na kebaba. Zaskakuj\u0105ca reakcja     <a href=\"https:\/\/www.onet.pl\/\" title=\"Strona G\u0142\u00f3wna\" aria-label=\"Strona G\u0142\u00f3wna\" data-astro-prefetch=\"tap\" class=\"ods-a-logo-main-desktop\" rel=\"nofollow noopener\" target=\"_blank\"><img src=\"https:\/\/cdn.plejada.pl\/img\/Logo_desktop_Onet.svg\" class=\"ods-a-logo-main-desktop__image\" alt=\"Logo\" width=\"107\" height=\"60\" fetchpriority=\"high\" decoding=\"sync\" style=\"height:60px\"\/><\/a><\/p>\n<p class=\"ods-m-google-article__text\">Czytaj nas cz\u0119\u015bciej w Google<\/p>\n<p><a href=\"https:\/\/google.com\/preferences\/source?q=plejada.pl\" target=\"_blank\" rel=\"noopener noreferrer nofollow\" aria-label=\"Dodaj w Google\" title=\"Dodaj w Google\" class=\"ods-a-button ods-a-button__primary ods-a-button__default ods-a-button-l\"> Dodaj w Google <\/a><\/p>\n<p>Cho\u0107 opinie na temat prezydentury Karola Nawrockiego s\u0105 r\u00f3\u017cne, a zar\u00f3wno polska scena polityczna, jak i obywatele s\u0105 podzieleni na dwa obozy, nie mo\u017cna zaprzeczy\u0107, \u017ce prezydent sprawia wra\u017cenie otwartego na Polak\u00f3w i cz\u0119sto si\u0119 z nimi spotyka.<\/p>\n<p>Podczas jednego z ostatnich spotka\u0144 Karol Nawrocki zosta\u0142 zaczepiony przez ch\u0142opca o imieniu Kacper, kt\u00f3ry stawia pierwsze kroki jako influencer na TikToku. M\u0142ody tiktoker spyta\u0142 prezydenta, ile musi uzbiera\u0107 polubie\u0144 pod nagraniem, aby ten poszed\u0142 z nim na kebaba.<\/p>\n<p>          <img class=\"ods-a-photo ods-a-photo--background\" src=\"https:\/\/www.europesays.com\/pl\/wp-content\/uploads\/2026\/07\/ZC-k9lBaHR0cHM6Ly9vY2RuLmV1L3B1bHNjbXMvTURBXy8yZDlkMjA4MmEzNjQ5MTRjZmRlOWRmOGU5M2RjMjY4YS5qcGeRkwXNB.jpeg\" height=\"627\" width=\"940\" alt=\"Marta Nawrocka, Karol Nawrocki\" loading=\"lazy\" fetchpriority=\"auto\" decoding=\"auto\"\/>    <\/p>\n<p>Pi\u0119tka Mieszko \/ AKPA<\/p>\n<p>  Marta Nawrocka, Karol Nawrocki  <\/p>\n<p>&#8222;Na ile like&#8217;\u00f3w p\u00f3jdzie pan prezydent ze mn\u0105 na kebaba?&#8221; \u2014 s\u0142yszymy na nagraniu.<\/p>\n<p>Na odpowied\u017a Karola Nawrockiego nie trzeba by\u0142o d\u0142ugo czeka\u0107, a jego s\u0142owa zaskoczy\u0142y.<\/p>\n<p class=\"ods-o-quote__paragraph\">Kebaba chcesz zje\u015b\u0107? Zjedzmy co\u015b zdrowego<\/p>\n<p>\u2014 odpowiedzia\u0142.<\/p>\n<p>&#8222;Nie r\u00f3bmy like&#8217;\u00f3w tylko kiedy\u015b po prostu do mnie przyjedziesz, dobra? To si\u0119 umawiamy \u2014 z Jakubem b\u0105d\u017a w kontakcie i p\u00f3jdziemy&#8221; \u2014 doda\u0142, wskazuj\u0105c na jednego ze swoich wsp\u00f3\u0142pracownik\u00f3w.<\/p>\n<p class=\"ods-o-frame-in-text__paragraph\">Zobacz tak\u017ce:<\/p>\n<p class=\"ods-o-frame-in-text__paragraph\"><a href=\"https:\/\/wiadomosci.onet.pl\/kraj\/prof-dudek-ostrzega-przed-ukrytym-planem-prawicy-to-jest-to-czego-sie-boje\/c77clp8\" id=\"2126d52e-708d-47b1-bb1c-23e14cafa98e\" rel=\"nofollow noopener\" target=\"_blank\">Prof. Dudek ostrzega przed planem prawicy. &#8222;To jest to, czego si\u0119 boj\u0119&#8221;<\/a><\/p>\n<p>   <img class=\"ods-a-photo ods-a-photo--background\" src=\"https:\/\/www.europesays.com\/pl\/wp-content\/uploads\/2026\/07\/UbXk9lBaHR0cHM6Ly9vY2RuLmV1L3B1bHNjbXMvTURBXy85OGFhOGEzMjI2NjE0MjAyZjA4MGZmMzQyODRjYTk2Yi5qcGeRlQLNA.jpeg\" height=\"253\" width=\"450\" alt=\"Karol Nawrocki i Antoni Dudek\" loading=\"lazy\" fetchpriority=\"low\" decoding=\"async\"\/>  Dzi\u0119kujemy, \u017ce przeczyta\u0142a\u015b\/e\u015b nasz artyku\u0142 do ko\u0144ca. W serwisie Plejada.pl ka\u017cdego dnia piszemy o najwa\u017cniejszych wydarzeniach show-biznesowych. B\u0105d\u017a na bie\u017c\u0105co!<a rel=\"nofollow noopener\" href=\"https:\/\/profile.google.com\/cp\/Cg0vZy8xMWJ6X19wdHBx\" id=\"8202bacd-909e-4074-9f19-bcc9a82b666b\" target=\"_blank\"> Obserwuj<\/a> Plejad\u0119 w Google. Odwied\u017a nas tak\u017ce na<a rel=\"nofollow noopener\" href=\"https:\/\/www.facebook.com\/plejadapl\" id=\"2a05cb80-2b25-449f-b5b4-cc92f0a0d01c\" target=\"_blank\"> Facebooku<\/a>,<a rel=\"nofollow noopener\" href=\"https:\/\/www.instagram.com\/plejadapl\/\" id=\"9030b63b-1ce7-48c1-be79-570fd1609458\" target=\"_blank\"> Instagramie<\/a>,<a rel=\"nofollow noopener\" href=\"https:\/\/www.youtube.com\/c\/plejada\" id=\"310d808b-7e8d-41cb-b8bf-16c64e9930b6\" target=\"_blank\"> YouTubie<\/a> oraz<a rel=\"nofollow noopener\" href=\"https:\/\/www.tiktok.com\/@plejada_pl\" id=\"2590db01-c756-46ee-84b6-58341e408e8d\" target=\"_blank\"> TikToku<\/a>.Chcesz podzieli\u0107 si\u0119 ciekawym newsem lub zaproponowa\u0107 temat? Skontaktuj si\u0119 z nami, pisz\u0105c maila na adres: <a rel=\"nofollow noopener\" href=\"https:\/\/plejada.pl\/newsy\/karol-nawrocki-z-zaproszeniem-na-kebaba-to-nagranie-jest-hitem-na-tiktoku\/mailto:plejada@redakcjaonet.pl\" id=\"a4f3fe8a-47d9-4082-888e-c9dcc186eb6a\" target=\"_blank\">plejada@redakcjaonet.pl<\/a>.<script async src=\"\/\/www.instagram.com\/embed.js\"><\/script><script async src=\"\/\/www.tiktok.com\/embed.js\"><\/script><\/p>\n","protected":false},"excerpt":{"rendered":"Ca\u0142a Polska pozna\u0142a Karola Nawrockiego, gdy w lipcu 2024 r. pojawi\u0142y si\u0119 pierwsze informacje, \u017ce to w\u0142a\u015bnie on&hellip;\n","protected":false},"author":2,"featured_media":586475,"comment_status":"","ping_status":"","sticky":false,"template":"","format":"standard","meta":{"footnotes":"","_share_on_mastodon":"0"},"categories":[62712],"tags":[61195,690,43,48,125,46,47,14166,100098,111182],"class_list":["post-586474","post","type-post","status-publish","format-standard","has-post-thumbnail","category-karol-nawrocki","tag-bottomfeed_styl","tag-karol-nawrocki","tag-karol_nawrocki","tag-nat_styl","tag-newsy","tag-omp","tag-screening_general","tag-tiktok","tag-topbar","tag-topbar_tst1"],"share_on_mastodon":{"url":"https:\/\/pubeurope.com\/@pl\/117001087352171375","error":""},"_links":{"self":[{"href":"https:\/\/www.europesays.com\/pl\/wp-json\/wp\/v2\/posts\/586474","targetHints":{"allow":["GET"]}}],"collection":[{"href":"https:\/\/www.europesays.com\/pl\/wp-json\/wp\/v2\/posts"}],"about":[{"href":"https:\/\/www.europesays.com\/pl\/wp-json\/wp\/v2\/types\/post"}],"author":[{"embeddable":true,"href":"https:\/\/www.europesays.com\/pl\/wp-json\/wp\/v2\/users\/2"}],"replies":[{"embeddable":true,"href":"https:\/\/www.europesays.com\/pl\/wp-json\/wp\/v2\/comments?post=586474"}],"version-history":[{"count":0,"href":"https:\/\/www.europesays.com\/pl\/wp-json\/wp\/v2\/posts\/586474\/revisions"}],"wp:featuredmedia":[{"embeddable":true,"href":"https:\/\/www.europesays.com\/pl\/wp-json\/wp\/v2\/media\/586475"}],"wp:attachment":[{"href":"https:\/\/www.europesays.com\/pl\/wp-json\/wp\/v2\/media?parent=586474"}],"wp:term":[{"taxonomy":"category","embeddable":true,"href":"https:\/\/www.europesays.com\/pl\/wp-json\/wp\/v2\/categories?post=586474"},{"taxonomy":"post_tag","embeddable":true,"href":"https:\/\/www.europesays.com\/pl\/wp-json\/wp\/v2\/tags?post=586474"}],"curies":[{"name":"wp","href":"https:\/\/api.w.org\/{rel}","templated":true}]}}