{"id":586672,"date":"2026-07-29T05:37:11","date_gmt":"2026-07-29T05:37:11","guid":{"rendered":"https:\/\/www.europesays.com\/pl\/586672\/"},"modified":"2026-07-29T05:37:11","modified_gmt":"2026-07-29T05:37:11","slug":"usa-zaatakowaly-w-iraku-jest-komunikat-precyzyjne-uderzenia-wiadomosci-onet","status":"publish","type":"post","link":"https:\/\/www.europesays.com\/pl\/586672\/","title":{"rendered":"USA zaatakowa\u0142y w Iraku. Jest komunikat. &quot;Precyzyjne uderzenia&quot; &#8211; Wiadomo\u015bci Onet"},"content":{"rendered":"<ol>\n<li><a href=\"https:\/\/news.google.com\/rss\/articles\/CBMirwFBVV95cUxQQTdzV3NQemF0WXdvZVpleVdKcDc4RHprWWtKR3FUR1pBd0paN3Frd3pUTXNURG53RDE1RXZ4NkdxanpJWkktX2VDMTdmcy1DSnUzcDJJZzN4VlY2WmNkZ2VTQld1SGdhUE9mX0xtU2ExUUtmTFZfS1dpYVFsUTJvUlBRRWdjcm9EM1VWNjFsbmxIYXJVNEppYzdRMXpNRDlNY2pxeXV1VzFCb2Z6a2Ew?oc=5\" target=\"_blank\" rel=\"nofollow noopener\">USA zaatakowa\u0142y w Iraku. Jest komunikat. &#8222;Precyzyjne uderzenia&#8221;<\/a>&nbsp;&nbsp;Wiadomo\u015bci Onet<\/li>\n<li><a href=\"https:\/\/news.google.com\/rss\/articles\/CBMiowFBVV95cUxQcmhFQnowaExoaFc4NzBrZ0NoSUk0Z21MdW1PT0REZW9yeW9HQ0FVNHg4bG5RZVg1M3g2ZWpOXzFfRFp2c2dMZExuUVMwT0ZhdVU1ZHRzdmpFSVJWUDk3SGhfdFlyUEJNbjRrSUoxcktYRzVEY2drMFdIdHduUWlZU1hPYTdaalJyRzB5akpXWDdCYzNrelI0Ykt1Z2wwcXJ5cktN?oc=5\" target=\"_blank\" rel=\"nofollow noopener\">My\u015bliwce USA nad Irakiem. Dow\u00f3dztwo o &#8222;precyzyjnym uderzeniu&#8221;<\/a>&nbsp;&nbsp;WP Wiadomo\u015bci<\/li>\n<li><a href=\"https:\/\/news.google.com\/rss\/articles\/CBMisAFBVV95cUxNQW9DYk1IVGxrRWs0Y1RCRGFfeWtTbUl5cFoxZWY1QUVJQVYyTHRZZjRTbm5kTFhkYTItNnNRM2tqQWNKeU9ib3ROT0V2THA0dm5wRjV1cDZQcUhabGtFV3FibDBnSS1yenRRY201SFEzLUw3TG1HOHFhaV91Tjh6TExhb01NM3hyLWpTeXdGLUNiSDZPZWdocFRiWk9xcTF1RWJKcFZyazZXeS01OV9faQ?oc=5\" target=\"_blank\" rel=\"nofollow noopener\">Eskalacja na Bliskim Wschodzie: Ameryka\u0144skie i saudyjskie si\u0142y przeprowadzi\u0142y precyzyjne ataki<\/a>&nbsp;&nbsp;RMF24<\/li>\n<li><a href=\"https:\/\/news.google.com\/rss\/articles\/CBMivgFBVV95cUxQSE91M3VkN2pfLWlFWk5KOVFWRUpXYVpEMjRPNTBRRW9keGl3MmpRS0U0NGg0U3FnOXZiTjd0STdJWkVkNEY5dFZtOFVDZ0lUaTUweERJb1BtZEdldUpsNHBWMTNPNnFzMjJmWWNSTkpNeXIycUlZZTI3OERJRFBGTlp5NlRTb1JhSkdmc24wcUJQMllfRXRpZXBiSWQ0WFdSRmVKV0ZqMlhHdC05VlBRaW5neWVHSGtEYzBxcDVn?oc=5\" target=\"_blank\" rel=\"nofollow noopener\">USA: Wojsko: razem z si\u0142ami saudyjskimi zaatakowali\u015bmy cele zwi\u0105zane z Iranem w Iraku<\/a>&nbsp;&nbsp;wnp.pl<\/li>\n<li><a href=\"https:\/\/news.google.com\/rss\/articles\/CBMiowFBVV95cUxNMk4xZGpaUVZoNUVfZ1RkR3FUZlYyLUZESTlOUkxSRmJ6QzVnUWFNNEpvc1RNbjRzV3dZOUU1NHA1RDd5SFZORFdJUFZNbG1jalFCMF9IQjhySUhBeHlPX1FVR2wtZ2VmLXMyUGxPNzVfeUFxekNRVUlub2p6dzZ0YndaRlE0TGk4RTBDYVZxNlMwcllvSm9CYnEzRWtUbDJnaUtF?oc=5\" target=\"_blank\" rel=\"nofollow noopener\">USA zaatakowa\u0142y na Bliskim Wschodzie. Tym razem celem nie by\u0142 Iran<\/a>&nbsp;&nbsp;Rzeczpospolita<\/li>\n<\/ol>\n","protected":false},"excerpt":{"rendered":"USA zaatakowa\u0142y w Iraku. Jest komunikat. &#8222;Precyzyjne uderzenia&#8221;&nbsp;&nbsp;Wiadomo\u015bci Onet My\u015bliwce USA nad Irakiem. Dow\u00f3dztwo o &#8222;precyzyjnym uderzeniu&#8221;&nbsp;&nbsp;WP Wiadomo\u015bci&hellip;\n","protected":false},"author":2,"featured_media":586673,"comment_status":"","ping_status":"","sticky":false,"template":"","format":"standard","meta":{"footnotes":"","_share_on_mastodon":"0"},"categories":[14],"tags":[3427,905,61195,32,33,27,13193,663,34,35,28,31,48,25,46,40,41,47,80,29,30,71,26,82,83,84],"class_list":["post-586672","post","type-post","status-publish","format-standard","has-post-thumbnail","category-swiat","tag-arabia_saudyjska","tag-bliski_wschod","tag-bottomfeed_styl","tag-breaking-news","tag-breakingnews","tag-headlines","tag-irak","tag-iran","tag-latest-news","tag-latestnews","tag-naglowki","tag-najwazniejsze-artykuly","tag-nat_styl","tag-news","tag-omp","tag-polish","tag-polski","tag-screening_general","tag-swiat","tag-top-stories","tag-topstories","tag-usa","tag-wiadomosci","tag-world","tag-world-news","tag-worldnews"],"share_on_mastodon":{"url":"https:\/\/pubeurope.com\/@pl\/117001653267222289","error":""},"_links":{"self":[{"href":"https:\/\/www.europesays.com\/pl\/wp-json\/wp\/v2\/posts\/586672","targetHints":{"allow":["GET"]}}],"collection":[{"href":"https:\/\/www.europesays.com\/pl\/wp-json\/wp\/v2\/posts"}],"about":[{"href":"https:\/\/www.europesays.com\/pl\/wp-json\/wp\/v2\/types\/post"}],"author":[{"embeddable":true,"href":"https:\/\/www.europesays.com\/pl\/wp-json\/wp\/v2\/users\/2"}],"replies":[{"embeddable":true,"href":"https:\/\/www.europesays.com\/pl\/wp-json\/wp\/v2\/comments?post=586672"}],"version-history":[{"count":0,"href":"https:\/\/www.europesays.com\/pl\/wp-json\/wp\/v2\/posts\/586672\/revisions"}],"wp:featuredmedia":[{"embeddable":true,"href":"https:\/\/www.europesays.com\/pl\/wp-json\/wp\/v2\/media\/586673"}],"wp:attachment":[{"href":"https:\/\/www.europesays.com\/pl\/wp-json\/wp\/v2\/media?parent=586672"}],"wp:term":[{"taxonomy":"category","embeddable":true,"href":"https:\/\/www.europesays.com\/pl\/wp-json\/wp\/v2\/categories?post=586672"},{"taxonomy":"post_tag","embeddable":true,"href":"https:\/\/www.europesays.com\/pl\/wp-json\/wp\/v2\/tags?post=586672"}],"curies":[{"name":"wp","href":"https:\/\/api.w.org\/{rel}","templated":true}]}}