{"id":586778,"date":"2026-07-29T06:44:08","date_gmt":"2026-07-29T06:44:08","guid":{"rendered":"https:\/\/www.europesays.com\/pl\/586778\/"},"modified":"2026-07-29T06:44:08","modified_gmt":"2026-07-29T06:44:08","slug":"ronaldo-na-slub-z-georgina-zaprosil-tylko-trzech-pilkarzy-sa-nazwiska","status":"publish","type":"post","link":"https:\/\/www.europesays.com\/pl\/586778\/","title":{"rendered":"Ronaldo na \u015blub z Georgin\u0105 zaprosi\u0142 tylko trzech pi\u0142karzy. S\u0105 nazwiska!"},"content":{"rendered":"<p>Cristiano Ronaldo z Georgin\u0105 Rodriguez spotykaj\u0105 si\u0119 od 2016 r. Pi\u0142karz wypatrzy\u0142 Argentynk\u0119 w luksusowym butiku, a p\u00f3\u017aniej d\u0142ugo nie m\u00f3g\u0142 o niej zapomnie\u0107. Pocz\u0105tkowo spotykali si\u0119 w ukryciu, a po pewnym czasie ch\u0119tnie pokazywali w sieci, \u017ce \u0142\u0105czy ich wyj\u0105tkowe uczucie. Zakochani wychowuj\u0105 razem pi\u0119cioro dzieci, a zar\u0119czyli si\u0119 w sierpniu ubieg\u0142ego roku. &#8222;Tak, chc\u0119. W tym i w ka\u017cdym moim \u017cyciu&#8221; \u2014 pisa\u0142a Georgina Rodriguez w sieci, chwal\u0105c si\u0119 pier\u015bcionkiem zar\u0119czynowym, na kt\u00f3ry Cristiano Ronaldo wyda\u0142 krocie.<\/p>\n<p>Dalszy ci\u0105g artyku\u0142u pod materia\u0142em wideoWiadomo kogo Ronaldo i Georgina zaprosili na sw\u00f3j \u015blub<a href=\"https:\/\/przegladsportowy.onet.pl\/\" title=\"Strona g\u0142\u00f3wna serwisu\" aria-label=\"Strona g\u0142\u00f3wna serwisu\" data-astro-prefetch=\"tap\" class=\"ods-a-logo-main-desktop\" rel=\"nofollow noopener\" target=\"_blank\"><img src=\"https:\/\/cdn.przegladsportowy.onet.pl\/img\/Logo_desktop_Onet.svg\" class=\"ods-a-logo-main-desktop__image\" alt=\"Logo\" width=\"107\" height=\"60\" fetchpriority=\"high\" decoding=\"sync\" style=\"height:60px\"\/><\/a><\/p>\n<p class=\"ods-m-google-article__text\">Czytaj nas cz\u0119\u015bciej w Google<\/p>\n<p><a href=\"https:\/\/google.com\/preferences\/source?q=przegladsportowy.onet.pl\" target=\"_blank\" rel=\"noopener noreferrer nofollow\" aria-label=\"Dodaj w Google\" title=\"Dodaj w Google\" class=\"ods-a-button ods-a-button__primary ods-a-button__default ods-a-button-l\">Dodaj w Google<\/a><\/p>\n<p>Wiadomo by\u0142o, \u017ce zakochani pobior\u0105 si\u0119 po mistrzostwach \u015bwiata 2026. Gwiazdor Al-Nassr mia\u0142 nadziej\u0119 na triumf Portugalii, jednak jego dru\u017cyna odpad\u0142a w 1\/8 fina\u0142u mundialu z Hiszpani\u0105 (1:0). Pi\u0142karz prze\u0142kn\u0105\u0142 gorycz pora\u017cki, a portugalskie media podaj\u0105, \u017ce ju\u017c szykuje si\u0119 do \u015blubu. &#8222;Quinto Partido&#8221; poda\u0142o nawet, kogo zaprosi\u0142 na ten wielki dzie\u0144. <\/p>\n<p>Cristiano Ronaldo na \u015blub zaprosi\u0142 pono\u0107 tylko trzech aktywnych pi\u0142karzy: Kyliana Mbappe, Viniciusa i Rodrygo. Opr\u00f3cz tego na weselu pojawi\u0107 si\u0119 maj\u0105 Rio Ferdinand, Khabib Nurmagomedov, Jennifer Lopez, Rihanna, Drake, Travis Scott, Vin Diesel, Piers Morgan i influencer IShowSpeed.<\/p>\n<p>\u015alub ma si\u0119 odby\u0107 w Sintrze w Portugalii, w pa\u0142acu Quinta da Regaleria. <\/p>\n","protected":false},"excerpt":{"rendered":"Cristiano Ronaldo z Georgin\u0105 Rodriguez spotykaj\u0105 si\u0119 od 2016 r. Pi\u0142karz wypatrzy\u0142 Argentynk\u0119 w luksusowym butiku, a p\u00f3\u017aniej&hellip;\n","protected":false},"author":2,"featured_media":586779,"comment_status":"","ping_status":"","sticky":false,"template":"","format":"standard","meta":{"footnotes":"","_share_on_mastodon":"0"},"categories":[52122],"tags":[61195,3286,3287,48,129,46,948,6010,752,42,38,40,39,41,47,556,11971,130],"class_list":["post-586778","post","type-post","status-publish","format-standard","has-post-thumbnail","category-pko-bank-polski","tag-bottomfeed_styl","tag-cristiano_ronaldo","tag-georgina_rodriguez","tag-nat_styl","tag-ofsajd","tag-omp","tag-pilka_nozna","tag-pko-bank-polski","tag-pko-bp","tag-pl","tag-poland","tag-polish","tag-polska","tag-polski","tag-screening_general","tag-slub","tag-wags","tag-wiadomosci_sportowe"],"share_on_mastodon":{"url":"https:\/\/pubeurope.com\/@pl\/117001917457467931","error":""},"_links":{"self":[{"href":"https:\/\/www.europesays.com\/pl\/wp-json\/wp\/v2\/posts\/586778","targetHints":{"allow":["GET"]}}],"collection":[{"href":"https:\/\/www.europesays.com\/pl\/wp-json\/wp\/v2\/posts"}],"about":[{"href":"https:\/\/www.europesays.com\/pl\/wp-json\/wp\/v2\/types\/post"}],"author":[{"embeddable":true,"href":"https:\/\/www.europesays.com\/pl\/wp-json\/wp\/v2\/users\/2"}],"replies":[{"embeddable":true,"href":"https:\/\/www.europesays.com\/pl\/wp-json\/wp\/v2\/comments?post=586778"}],"version-history":[{"count":0,"href":"https:\/\/www.europesays.com\/pl\/wp-json\/wp\/v2\/posts\/586778\/revisions"}],"wp:featuredmedia":[{"embeddable":true,"href":"https:\/\/www.europesays.com\/pl\/wp-json\/wp\/v2\/media\/586779"}],"wp:attachment":[{"href":"https:\/\/www.europesays.com\/pl\/wp-json\/wp\/v2\/media?parent=586778"}],"wp:term":[{"taxonomy":"category","embeddable":true,"href":"https:\/\/www.europesays.com\/pl\/wp-json\/wp\/v2\/categories?post=586778"},{"taxonomy":"post_tag","embeddable":true,"href":"https:\/\/www.europesays.com\/pl\/wp-json\/wp\/v2\/tags?post=586778"}],"curies":[{"name":"wp","href":"https:\/\/api.w.org\/{rel}","templated":true}]}}