{"id":587560,"date":"2026-07-29T14:10:33","date_gmt":"2026-07-29T14:10:33","guid":{"rendered":"https:\/\/www.europesays.com\/pl\/587560\/"},"modified":"2026-07-29T14:10:33","modified_gmt":"2026-07-29T14:10:33","slug":"spor-o-podpis-donalda-tuska-krs-reaguje-po-decyzji-karola-nawrockiego","status":"publish","type":"post","link":"https:\/\/www.europesays.com\/pl\/587560\/","title":{"rendered":"Sp\u00f3r o podpis Donalda Tuska. KRS reaguje po decyzji Karola Nawrockiego"},"content":{"rendered":"<p>Prezydent we wtorek wr\u0119czy\u0142 akty mianowania 211 asesorom s\u0105d\u00f3w rejonowych i 18 asesorom wojew\u00f3dzkich s\u0105d\u00f3w administracyjnych.<\/p>\n<p> Dalszy ci\u0105g artyku\u0142u pod materia\u0142em wideo <a href=\"https:\/\/www.onet.pl\/\" title=\"Strona G\u0142\u00f3wna\" aria-label=\"Strona G\u0142\u00f3wna\" data-astro-prefetch=\"tap\" class=\"ods-a-logo-main-desktop\" rel=\"nofollow noopener\" target=\"_blank\"><img src=\"https:\/\/cdn.wiadomosci.onet.pl\/img\/Logo_desktop_Onet.svg\" class=\"ods-a-logo-main-desktop__image\" alt=\"Logo\" width=\"107\" height=\"60\" fetchpriority=\"high\" decoding=\"sync\" style=\"height:60px\"\/><\/a><\/p>\n<p class=\"ods-m-google-article__text\">Czytaj nas cz\u0119\u015bciej w Google<\/p>\n<p><a href=\"https:\/\/google.com\/preferences\/source?q=wiadomosci.onet.pl\" target=\"_blank\" rel=\"noopener noreferrer nofollow\" aria-label=\"Dodaj w Google\" title=\"Dodaj w Google\" class=\"ods-a-button ods-a-button__primary ods-a-button__default ods-a-button-l\"> Dodaj w Google <\/a><\/p>\n<p>W \u015brod\u0119 KRS w uchwale opublikowanej na X przypomnia\u0142a, \u017ce zgodnie z art. 144 ust. 3 Konstytucji RP akty urz\u0119dowe prezydenta niewymienione w katalogu jego prerogatyw wymagaj\u0105 kontrasygnaty premiera. KRS zaznaczy\u0142a, \u017ce akty mianowania asesor\u00f3w wr\u0119czone przez prezydenta nie zawieraj\u0105 takiej kontrasygnaty.<\/p>\n<p>Rada podkre\u015bli\u0142a, \u017ce skuteczno\u015b\u0107 akt\u00f3w mianowania asesor\u00f3w s\u0105dowych &#8222;nie mo\u017ce budzi\u0107 w\u0105tpliwo\u015bci&#8221;, zar\u00f3wno z punktu widzenia realizacji prawa obywateli do s\u0105du, jak i praw os\u00f3b, kt\u00f3rych te akty dotycz\u0105.<\/p>\n<p>&#8222;Wobec powy\u017cszego Krajowa Rada S\u0105downictwa uznaje, \u017ce udzielenie kontrasygnaty przes\u0105dzi o skuteczno\u015bci tych akt\u00f3w mianowania&#8221; \u2014 g\u0142osi uchwa\u0142a.<\/p>\n<p>Sp\u00f3r o kontrasygnat\u0119 Donalda Tuska. Trybuna\u0142 Konstytucyjny wyda\u0142 orzeczenie<\/p>\n<p>Kwestia kontrasygnaty akt\u00f3w mianowania asesor\u00f3w pozostaje przedmiotem sporu prawnego. 25 czerwca Trybuna\u0142 Konstytucyjny orzek\u0142, \u017ce wym\u00f3g kontrasygnaty Prezesa Rady Ministr\u00f3w dla skuteczno\u015bci mianowania asesor\u00f3w s\u0105dowych przez prezydenta jest niezgodny z Konstytucj\u0105. Trybuna\u0142 uzna\u0142, \u017ce nominacje asesorskie stanowi\u0105 czynno\u015b\u0107 funkcjonalnie niezb\u0119dn\u0105 do wykonania prezydenckiej prerogatywy powo\u0142ywania s\u0119dzi\u00f3w, kt\u00f3ra nie wymaga kontrasygnaty.<\/p>\n<p>Rz\u0105d nie uznaje jednak skutk\u00f3w orzecze\u0144 obecnego Trybuna\u0142u Konstytucyjnego. Sejm w uchwale z marca 2024 r. wskaza\u0142, \u017ce uwzgl\u0119dnianie rozstrzygni\u0119\u0107 TK wydanych z naruszeniem prawa mo\u017ce narusza\u0107 zasad\u0119 legalizmu i od tego czasu orzeczenia Trybuna\u0142u nie s\u0105 publikowane w Dzienniku Ustaw. Minister sprawiedliwo\u015bci Waldemar \u017burek deklarowa\u0142 r\u00f3wnie\u017c, \u017ce nie okre\u015bla rozstrzygni\u0119\u0107 obecnego TK mianem wyrok\u00f3w.<\/p>\n<p>Na pocz\u0105tku lipca \u017burek zaapelowa\u0142 o pilne umo\u017cliwienie rozpocz\u0119cia s\u0142u\u017cby ponad 200 aplikantom Krajowej Szko\u0142y S\u0105downictwa i Prokuratury, kt\u00f3rzy zdali egzamin s\u0119dziowski. Z kolei w \u015brod\u0119 podkre\u015bli\u0142, \u017ce w czasie pe\u0142nienia funkcji szefa MS utworzy\u0142 881 nowych etat\u00f3w wsparcia dla s\u0105d\u00f3w, a liczba ta zwi\u0119kszy si\u0119 o asesor\u00f3w powo\u0142anych we wtorek przez prezydenta.<\/p>\n","protected":false},"excerpt":{"rendered":"Prezydent we wtorek wr\u0119czy\u0142 akty mianowania 211 asesorom s\u0105d\u00f3w rejonowych i 18 asesorom wojew\u00f3dzkich s\u0105d\u00f3w administracyjnych. Dalszy ci\u0105g&hellip;\n","protected":false},"author":2,"featured_media":587561,"comment_status":"","ping_status":"","sticky":false,"template":"","format":"standard","meta":{"footnotes":"","_share_on_mastodon":"0"},"categories":[62712],"tags":[61195,212,690,43,49,1381,48,46,412,47,100098,111182,4057],"class_list":["post-587560","post","type-post","status-publish","format-standard","has-post-thumbnail","category-karol-nawrocki","tag-bottomfeed_styl","tag-donald_tusk","tag-karol-nawrocki","tag-karol_nawrocki","tag-kraj","tag-krs","tag-nat_styl","tag-omp","tag-prawo_sady_prawnicy","tag-screening_general","tag-topbar","tag-topbar_tst1","tag-trybunal_konstytucyjny"],"share_on_mastodon":{"url":"https:\/\/pubeurope.com\/@pl\/117003671434914303","error":""},"_links":{"self":[{"href":"https:\/\/www.europesays.com\/pl\/wp-json\/wp\/v2\/posts\/587560","targetHints":{"allow":["GET"]}}],"collection":[{"href":"https:\/\/www.europesays.com\/pl\/wp-json\/wp\/v2\/posts"}],"about":[{"href":"https:\/\/www.europesays.com\/pl\/wp-json\/wp\/v2\/types\/post"}],"author":[{"embeddable":true,"href":"https:\/\/www.europesays.com\/pl\/wp-json\/wp\/v2\/users\/2"}],"replies":[{"embeddable":true,"href":"https:\/\/www.europesays.com\/pl\/wp-json\/wp\/v2\/comments?post=587560"}],"version-history":[{"count":0,"href":"https:\/\/www.europesays.com\/pl\/wp-json\/wp\/v2\/posts\/587560\/revisions"}],"wp:featuredmedia":[{"embeddable":true,"href":"https:\/\/www.europesays.com\/pl\/wp-json\/wp\/v2\/media\/587561"}],"wp:attachment":[{"href":"https:\/\/www.europesays.com\/pl\/wp-json\/wp\/v2\/media?parent=587560"}],"wp:term":[{"taxonomy":"category","embeddable":true,"href":"https:\/\/www.europesays.com\/pl\/wp-json\/wp\/v2\/categories?post=587560"},{"taxonomy":"post_tag","embeddable":true,"href":"https:\/\/www.europesays.com\/pl\/wp-json\/wp\/v2\/tags?post=587560"}],"curies":[{"name":"wp","href":"https:\/\/api.w.org\/{rel}","templated":true}]}}