{"id":587712,"date":"2026-07-29T15:36:13","date_gmt":"2026-07-29T15:36:13","guid":{"rendered":"https:\/\/www.europesays.com\/pl\/587712\/"},"modified":"2026-07-29T15:36:13","modified_gmt":"2026-07-29T15:36:13","slug":"zuzel-wazny-powrot-na-tor-swietne-wiesci-dla-orlen-oil-motoru-lublin-pobandzie","status":"publish","type":"post","link":"https:\/\/www.europesays.com\/pl\/587712\/","title":{"rendered":"\u017bu\u017cel. Wa\u017cny powr\u00f3t na tor! \u015awietne wie\u015bci dla Orlen Oil Motoru Lublin &#8211; PoBandzie"},"content":{"rendered":"<p>Junior Orlen Oil Motoru Lublin upad\u0142 na tor, podczas eliminacji do SGP2 w Krsko. Bartosz Ba\u0144bor dozna\u0142 z\u0142amania obojczyka i \u015br\u00f3dr\u0119cza. Bez niego formacja m\u0142odzie\u017cowa Motoru Lublin os\u0142abi\u0142a si\u0119 do\u015b\u0107 mocno. 19-latek odje\u017cd\u017ca najlepszy sezon PGE Ekstralidze. Jego \u015brednia wynosi 1,526.<\/p>\n<p><a href=\"https:\/\/po-bandzie.com.pl\/zuzel-falubaz-zabiera-glos-ws-walaska-oto-kulisy-kto-trenerem\/\" rel=\"nofollow noopener\" target=\"_blank\">\u017bu\u017cel. Falubaz zabiera g\u0142os ws. Walaska! Oto kulisy. Kto menad\u017cerem?<\/a><\/p>\n<p>Teraz Dawid Lampart, by\u0142y zawodnik Orlen Oil Motoru Lublin oraz cz\u0142onek teamu Bartosza Ba\u0144bora opublikowa\u0142 na swoich social media relacj\u0119, gdzie w\u0142a\u015bnie jego podopieczny startuje na motorze \u017cu\u017clowym. Trening odby\u0142 si\u0119 na torze w Rzeszowie, gdzie zawodnik Motoru Lublin szykuje si\u0119 do pe\u0142nej sprawno\u015bci oraz kolejnych wyst\u0119p\u00f3w w zawodach \u017cu\u017clowych.<\/p>\n<p>Zawodnik Motoru jest kolejnym \u017cu\u017clowcem, kt\u00f3remu sukces w SGP2 uciek\u0142 sprzed nosa. Wiktor Przyjemski mia\u0142 wielk\u0105 szans\u0119, aby zgarn\u0105\u0107 drugi z\u0142oty medal, lecz dozna\u0142 kontuzji w sobotni wiecz\u00f3r. Bartosz Ba\u0144bor by\u0142 ju\u017c niemal\u017ce pewny awansu do cyklu, poniewa\u017c mia\u0142 8 punkt\u00f3w na swoim koncie. Niestety Polak uderzy\u0142 w drewnian\u0105 band\u0119, upad\u0142 i dozna\u0142 powa\u017cnych dw\u00f3ch z\u0142ama\u0144, kt\u00f3re wykluczy\u0142y go z jazdy na miesi\u0105c.<\/p>\n<p><img fetchpriority=\"high\" decoding=\"async\" class=\"alignnone wp-image-234535 size-large\" src=\"https:\/\/www.europesays.com\/pl\/wp-content\/uploads\/2026\/07\/IMG_3681-e1785336532468-591x1024.png\" alt=\"\" width=\"591\" height=\"1024\"  \/><\/p>\n<p><a href=\"https:\/\/po-bandzie.com.pl\/zuzel-szostak-pewny-zejscia-do-metalkasu-z-czestochowa-w-ogole-nie-prowadzilismy-rozmow-wywiad\/\" rel=\"nofollow noopener\" target=\"_blank\">\u017bu\u017cel. Szostak pewny zej\u015bcia do Metalkasu! \u201eZ Cz\u0119stochow\u0105 w og\u00f3le nie prowadzili\u015bmy rozm\u00f3w\u201d (WYWIAD)<\/a><\/p>\n<p>Orlen Oil Motor Lublin 9 sierpnia odjedzie spotkanie wyjazdowe we Wroc\u0142awiu. Sytuacja Lublinian nie jest \u0142atwa, poniewa\u017c je\u017celi chc\u0105 jecha\u0107 w fazie play-off, to musz\u0105 zacz\u0105\u0107 wygrywa\u0107 mecze wyjazdowe. Aktualnie potrzebuj\u0105 punkt\u00f3w niczym tlenu, poniewa\u017c do ko\u0144ca rundy zasadniczej czekaj\u0105 ich dwa bardzo trudne wyjazdy oraz mecz domowy z Fogo Uni\u0105 Leszno.<\/p>\n<p><a href=\"https:\/\/po-bandzie.com.pl\/zuzel-szok-nagly-koniec-kariery-w-poniedzialek-sie-scigal\/\" rel=\"nofollow noopener\" target=\"_blank\">\u017bu\u017cel. Szok! Nag\u0142y koniec kariery, w poniedzia\u0142ek si\u0119 \u015bciga\u0142!<\/a><\/p>\n","protected":false},"excerpt":{"rendered":"Junior Orlen Oil Motoru Lublin upad\u0142 na tor, podczas eliminacji do SGP2 w Krsko. Bartosz Ba\u0144bor dozna\u0142 z\u0142amania&hellip;\n","protected":false},"author":2,"featured_media":587713,"comment_status":"","ping_status":"","sticky":false,"template":"","format":"standard","meta":{"footnotes":"","_share_on_mastodon":"0"},"categories":[52097],"tags":[115928,6925,115929,36975,3972,12376,115930,774,2164,1334,42,9706,38,40,39,41,9708,115931,23743,115932,3981,23744,9712,3983,3984],"class_list":["post-587712","post","type-post","status-publish","format-standard","has-post-thumbnail","category-orlen","tag-banbor","tag-bartosz-banbor","tag-dawid-lampa","tag-dawid-lampart","tag-google-news","tag-google-upday","tag-lampart-zuzel","tag-orlen","tag-orlen-oil-motor-lublin","tag-pge-ekstraliga","tag-pl","tag-pobandzie-portal","tag-poland","tag-polish","tag-polska","tag-polski","tag-speedway-news","tag-wiadomosci-zuzlowe","tag-zuzel-2026","tag-zuzel-bartosz-banbor","tag-zuzel-google","tag-zuzel-lublin","tag-zuzel-pobandzie","tag-zuzel-tv","tag-zuzel-wyniki"],"share_on_mastodon":{"url":"https:\/\/pubeurope.com\/@pl\/117004009147008720","error":""},"_links":{"self":[{"href":"https:\/\/www.europesays.com\/pl\/wp-json\/wp\/v2\/posts\/587712","targetHints":{"allow":["GET"]}}],"collection":[{"href":"https:\/\/www.europesays.com\/pl\/wp-json\/wp\/v2\/posts"}],"about":[{"href":"https:\/\/www.europesays.com\/pl\/wp-json\/wp\/v2\/types\/post"}],"author":[{"embeddable":true,"href":"https:\/\/www.europesays.com\/pl\/wp-json\/wp\/v2\/users\/2"}],"replies":[{"embeddable":true,"href":"https:\/\/www.europesays.com\/pl\/wp-json\/wp\/v2\/comments?post=587712"}],"version-history":[{"count":0,"href":"https:\/\/www.europesays.com\/pl\/wp-json\/wp\/v2\/posts\/587712\/revisions"}],"wp:featuredmedia":[{"embeddable":true,"href":"https:\/\/www.europesays.com\/pl\/wp-json\/wp\/v2\/media\/587713"}],"wp:attachment":[{"href":"https:\/\/www.europesays.com\/pl\/wp-json\/wp\/v2\/media?parent=587712"}],"wp:term":[{"taxonomy":"category","embeddable":true,"href":"https:\/\/www.europesays.com\/pl\/wp-json\/wp\/v2\/categories?post=587712"},{"taxonomy":"post_tag","embeddable":true,"href":"https:\/\/www.europesays.com\/pl\/wp-json\/wp\/v2\/tags?post=587712"}],"curies":[{"name":"wp","href":"https:\/\/api.w.org\/{rel}","templated":true}]}}