{"id":587788,"date":"2026-07-29T16:17:12","date_gmt":"2026-07-29T16:17:12","guid":{"rendered":"https:\/\/www.europesays.com\/pl\/587788\/"},"modified":"2026-07-29T16:17:12","modified_gmt":"2026-07-29T16:17:12","slug":"alez-wiesci-dla-widzewa-lodz-oficjalnie-robert-dobrzycki-wyklada-wiecej-pieniedzy","status":"publish","type":"post","link":"https:\/\/www.europesays.com\/pl\/587788\/","title":{"rendered":"Ale\u017c wie\u015bci dla Widzewa \u0141\u00f3d\u017a. Oficjalnie: Robert Dobrzycki wyk\u0142ada wi\u0119cej pieni\u0119dzy"},"content":{"rendered":"<p>Zanim kupi\u0142 ukochany dla siebie RTS, odni\u00f3s\u0142 sukces w biznesie i nie zamierza si\u0119 zatrzymywa\u0107. Dobrzycki ju\u017c dzi\u015b mo\u017ce pochwali\u0107 si\u0119 mianem miliardera. Jest wsp\u00f3\u0142w\u0142a\u015bcicielem oraz prezesem firmy Panattoni w Europie. Jego maj\u0105tek szacowany jest na ponad 1 mld dol.<\/p>\n<p>Dalszy ci\u0105g artyku\u0142u pod materia\u0142em wideo<\/p>\n<p>W firmie zatrudnianych jest niemal tysi\u0105c os\u00f3b i dostarcza ona tylko w Europie 22 mln m kw. hal przemys\u0142owych. Do tego w 2021 r. Panattoni rozpocz\u0119\u0142o dzia\u0142alno\u015b\u0107 tak\u017ce w Indiach. \u2014 Wolumen deweloperski, jakim zarz\u0105dzam w Europie, wynosi 5 mld euro \u2014 ujawnia\u0142 w Kanale Zero Dobrzycki.<\/p>\n<p><a href=\"https:\/\/przegladsportowy.onet.pl\/\" title=\"Strona g\u0142\u00f3wna serwisu\" aria-label=\"Strona g\u0142\u00f3wna serwisu\" data-astro-prefetch=\"tap\" class=\"ods-a-logo-main-desktop\" rel=\"nofollow noopener\" target=\"_blank\"><img src=\"https:\/\/cdn.przegladsportowy.onet.pl\/img\/Logo_desktop_Onet.svg\" class=\"ods-a-logo-main-desktop__image\" alt=\"Logo\" width=\"107\" height=\"60\" fetchpriority=\"high\" decoding=\"sync\" style=\"height:60px\"\/><\/a><\/p>\n<p class=\"ods-m-google-article__text\">Czytaj nas cz\u0119\u015bciej w Google<\/p>\n<p><a href=\"https:\/\/google.com\/preferences\/source?q=przegladsportowy.onet.pl\" target=\"_blank\" rel=\"noopener noreferrer nofollow\" aria-label=\"Dodaj w Google\" title=\"Dodaj w Google\" class=\"ods-a-button ods-a-button__primary ods-a-button__default ods-a-button-l\">Dodaj w Google<\/a>Doskona\u0142e wie\u015bci dla Widzewa. Jeszcze wi\u0119kszy wk\u0142ad Dobrzyckiego<\/p>\n<p>Nic dziwnego, \u017ce kibice czekali na to, jakie b\u0119d\u0105 kolejne ruchy biznesmena zwi\u0105zane ze wsparciem finansowym Widzewa. Ju\u017c zim\u0105 m\u00f3wi\u0142o si\u0119 o ponad 13 mln euro na wzmocnienia dru\u017cyny. Jeszcze w sezonie 2025\/26 szacowano, \u017ce inwestycja w Widzew zbli\u017cy\u0142a si\u0119 do 100 mln z\u0142.<\/p>\n<p><a href=\"https:\/\/przegladsportowy.onet.pl\/pilka-nozna\/reprezentacja-polski\/cezary-kulesza-reaguje-w-sprawie-przyszlosci-jana-urbana-w-reprezentacji\/ss5wpqp\" id=\"2b546646-7700-492b-94bb-cb4eea4f48fa\" rel=\"nofollow noopener\" target=\"_blank\">Cezary Kulesza reaguje w sprawie przysz\u0142o\u015bci Jana Urbana w reprezentacji<\/a><\/p>\n<p>W tym sezonie do RTS-u do\u0142\u0105czyli m.in. Giannis Papanikolaou czy reprezentant Polski Karol \u015awiderski. Pod koniec lipca nadszed\u0142 czas r\u00f3wnie\u017c na wa\u017cne og\u0142oszenie w sprawie wi\u0119kszego wsparcia finansowego nowego w\u0142a\u015bciciela klubu.<\/p>\n<p>Robert Dobrzycki zwi\u0119kszy\u0142 swoje zaanga\u017cowanie kapita\u0142owe w Widzew \u0141\u00f3d\u017a S.A. Podczas Walnego Zgromadzenia Akcjonariuszy podj\u0119to uchwa\u0142\u0119 o podwy\u017cszeniu kapita\u0142u zak\u0142adowego sp\u00f3\u0142ki poprzez emisj\u0119 nowych akcji. Wszystkie wyemitowane akcje obj\u0105\u0142 Robert Dobrzycki za po\u015brednictwem sp\u00f3\u0142ki RD Sports Sp. z o.o.<\/p>\n<p>&#8222;Po rejestracji podwy\u017cszenia kapita\u0142u struktura w\u0142a\u015bcicielska Widzew \u0141\u00f3d\u017a S.A. przedstawia si\u0119 nast\u0119puj\u0105co:<\/p>\n<p>RD Sports Sp. z o.o. \u2014 93,32 proc.<\/p>\n<p>Troodon Sp. z o.o. \u2014 5,03 proc.<\/p>\n<p>Stowarzyszenie Reaktywacja Tradycji Sportowych Widzew \u0141\u00f3d\u017a \u2014 1,09 proc.<\/p>\n<p>Remigiusz Brzezi\u0144ski \u2014 0,56 proc.&#8221; \u2014 podaje w oficjalnym komunikacie klub.<\/p>\n<p>To tylko kolejny dow\u00f3d na to, \u017ce Dobrzycki stopniowo coraz mocniej anga\u017cuje si\u0119 we wsparcie klubu, kt\u00f3ry ma namiesza\u0107 w czo\u0142\u00f3wce Ekstraklasy.<\/p>\n<p>\u2014 Zamiast kupi\u0107 sobie zabawk\u0119, kt\u00f3r\u0105 cieszy\u0142bym si\u0119 kilka godzin, jestem w czym\u015b, w czym chc\u0119 by\u0107 na ca\u0142e \u017cycie. To najlepiej wydane pieni\u0105dze w moim \u017cyciu \u2014 deklarowa\u0142 miliarder w kanale Zero.<\/p>\n","protected":false},"excerpt":{"rendered":"Zanim kupi\u0142 ukochany dla siebie RTS, odni\u00f3s\u0142 sukces w biznesie i nie zamierza si\u0119 zatrzymywa\u0107. Dobrzycki ju\u017c dzi\u015b&hellip;\n","protected":false},"author":2,"featured_media":587789,"comment_status":"","ping_status":"","sticky":false,"template":"","format":"standard","meta":{"footnotes":"","_share_on_mastodon":"0"},"categories":[24],"tags":[61195,274,48,46,948,42,38,40,39,41,9096,47,127,126,130,3469],"class_list":["post-587788","post","type-post","status-publish","format-standard","has-post-thumbnail","category-sport","tag-bottomfeed_styl","tag-ekstraklasa","tag-nat_styl","tag-omp","tag-pilka_nozna","tag-pl","tag-poland","tag-polish","tag-polska","tag-polski","tag-robert_dobrzycki","tag-screening_general","tag-sport","tag-sports","tag-wiadomosci_sportowe","tag-widzew_lodz"],"share_on_mastodon":{"url":"","error":""},"_links":{"self":[{"href":"https:\/\/www.europesays.com\/pl\/wp-json\/wp\/v2\/posts\/587788","targetHints":{"allow":["GET"]}}],"collection":[{"href":"https:\/\/www.europesays.com\/pl\/wp-json\/wp\/v2\/posts"}],"about":[{"href":"https:\/\/www.europesays.com\/pl\/wp-json\/wp\/v2\/types\/post"}],"author":[{"embeddable":true,"href":"https:\/\/www.europesays.com\/pl\/wp-json\/wp\/v2\/users\/2"}],"replies":[{"embeddable":true,"href":"https:\/\/www.europesays.com\/pl\/wp-json\/wp\/v2\/comments?post=587788"}],"version-history":[{"count":0,"href":"https:\/\/www.europesays.com\/pl\/wp-json\/wp\/v2\/posts\/587788\/revisions"}],"wp:featuredmedia":[{"embeddable":true,"href":"https:\/\/www.europesays.com\/pl\/wp-json\/wp\/v2\/media\/587789"}],"wp:attachment":[{"href":"https:\/\/www.europesays.com\/pl\/wp-json\/wp\/v2\/media?parent=587788"}],"wp:term":[{"taxonomy":"category","embeddable":true,"href":"https:\/\/www.europesays.com\/pl\/wp-json\/wp\/v2\/categories?post=587788"},{"taxonomy":"post_tag","embeddable":true,"href":"https:\/\/www.europesays.com\/pl\/wp-json\/wp\/v2\/tags?post=587788"}],"curies":[{"name":"wp","href":"https:\/\/api.w.org\/{rel}","templated":true}]}}