{"id":587914,"date":"2026-07-29T17:32:17","date_gmt":"2026-07-29T17:32:17","guid":{"rendered":"https:\/\/www.europesays.com\/pl\/587914\/"},"modified":"2026-07-29T17:32:17","modified_gmt":"2026-07-29T17:32:17","slug":"port-lotniczy-lublin-z-nowa-trasa-do-egiptu-rejsy-co-srode","status":"publish","type":"post","link":"https:\/\/www.europesays.com\/pl\/587914\/","title":{"rendered":"Port Lotniczy Lublin z now\u0105 tras\u0105 do Egiptu. Rejsy co \u015brod\u0119"},"content":{"rendered":"<p class=\"wp-block-paragraph\">28 lipca 2026 r. Port Lotniczy Lublin S.A. zapowiedzia\u0142 uruchomienie ca\u0142orocznego po\u0142\u0105czenia czarterowego do Marsa Alam w Egipcie.<\/p>\n<p class=\"wp-block-paragraph\">Pierwszy rejs zaplanowano na 23 grudnia 2026 r. Nowa trasa rozszerzy zimow\u0105 ofert\u0119 lotniska o bezpo\u015bredni kierunek nad Morzem Czerwonym. O wcze\u015bniejszym rozwoju siatki lubelskiego portu <a href=\"https:\/\/transinfo.pl\/infoair\/port-lotniczy-lublin-uruchomil-loty-do-rijeki-nowa-trasa-wizz-air-do-chorwacji\/?utm_source=chatgpt.com\" rel=\"nofollow noopener\" target=\"_blank\">pisali\u015bmy ju\u017c wcze\u015bniej w TransInfo.pl<\/a>.<\/p>\n<p>Rozk\u0142ad jazdy:<\/p>\n<p>Kiedy odb\u0119dzie si\u0119 pierwszy lot z Lublina do Marsa Alam?<\/p>\n<p>Jak cz\u0119sto b\u0119d\u0105 realizowane czartery do Egiptu?<\/p>\n<p>Ilu pasa\u017cer\u00f3w obs\u0142u\u017cy\u0142 lubelski port w rekordowym czerwcu?<\/p>\n<p><a href=\"https:\/\/transinfo.pl\/wp-content\/uploads\/2026\/07\/758744481_2101424640779548_3955899165317805378_n.jpg\" rel=\"nofollow noopener\" target=\"_blank\"><\/p>\n<p><img loading=\"lazy\" decoding=\"async\" width=\"819\" height=\"1024\" src=\"data:image\/svg+xml,%3Csvg%20xmlns=\" http:=\"\" alt=\"Marsa Alam z Lublina przez ca\u0142y rok. Start przed \u015bwi\u0119tami\" data-lazy- data-lazy- data-lazy-src=\"https:\/\/www.europesays.com\/pl\/wp-content\/uploads\/2026\/07\/758744481_2101424640779548_3955899165317805378_n-819x1024.jpg\"\/><\/p>\n<p><\/a>Marsa Alam z Lublina przez ca\u0142y rok. Start przed \u015bwi\u0119tami<\/p>\n<p>Pierwszy rejs 23 grudnia<\/p>\n<p class=\"wp-block-paragraph\">Ca\u0142oroczne po\u0142\u0105czenie czarterowe z lotniska w Lublinie do Marsa Alam wystartuje 23 grudnia 2026 r. Rejsy b\u0119d\u0105 odbywa\u0107 si\u0119 raz w tygodniu, w ka\u017cd\u0105 \u015brod\u0119.<\/p>\n<p class=\"wp-block-paragraph\">Uruchomienie trasy przed Bo\u017cym Narodzeniem pozwoli zaoferowa\u0107 pasa\u017cerom wyjazdy do Egiptu tak\u017ce w okresie \u015bwi\u0105tecznym i zimowym. Kierunek b\u0119dzie dost\u0119pny przez ca\u0142y rok, a nie wy\u0142\u0105cznie w sezonie wakacyjnym.<\/p>\n<p class=\"wp-block-paragraph\">Prezes Portu Lotniczego Lublin S.A. Dariusz Krzowski wskaza\u0142, \u017ce decyzja jest odpowiedzi\u0105 na rosn\u0105cy potencja\u0142 rynku turystycznego w regionie. Bezpo\u015brednie po\u0142\u0105czenie ma umo\u017cliwi\u0107 mieszka\u0144com Lubelszczyzny rozpocz\u0119cie zorganizowanego wypoczynku bez konieczno\u015bci dojazdu do port\u00f3w lotniczych w innych cz\u0119\u015bciach kraju.<\/p>\n<p>Egipt wzmacnia ofert\u0119 czarterow\u0105<\/p>\n<p class=\"wp-block-paragraph\">Marsa Alam do\u0142\u0105czy do pozosta\u0142ych kierunk\u00f3w wakacyjnych dost\u0119pnych z lubelskiego lotniska. Pasa\u017cerowie mog\u0105 obecnie podr\u00f3\u017cowa\u0107 na zorganizowane wyjazdy mi\u0119dzy innymi do Turcji, Chorwacji, Bu\u0142garii, Tunezji, Grecji oraz innych egipskich kurort\u00f3w.<\/p>\n<p class=\"wp-block-paragraph\">Nowa trasa b\u0119dzie po\u0142\u0105czeniem czarterowym, czyli oferowanym przede wszystkim w ramach pakiet\u00f3w przygotowywanych przez bran\u017c\u0119 turystyczn\u0105. Port potwierdzi\u0142, \u017ce za ofert\u0119 odpowiada Coral Travel Poland sp. z o.o., wsp\u00f3\u0142pracuj\u0105ca z liniami Enter Air sp. z o.o.<\/p>\n<p class=\"wp-block-paragraph\">Marsa Alam le\u017cy w po\u0142udniowo-wschodniej cz\u0119\u015bci Egiptu, nad Morzem Czerwonym. Kierunek jest wykorzystywany przez organizator\u00f3w turystyki zar\u00f3wno w sezonie letnim, jak i zimowym, co umo\u017cliwia utrzymywanie ca\u0142orocznego rozk\u0142adu czarterowego.<\/p>\n<p>Regularne trasy po Europie i do Warszawy<\/p>\n<p class=\"wp-block-paragraph\">Oferta regularna Portu Lotniczego Lublin obejmuje po\u0142\u0105czenia do W\u0142och, Hiszpanii i Holandii. Z lotniska mo\u017cna r\u00f3wnie\u017c polecie\u0107 do Londynu, Dublina, Warszawy i Gda\u0144ska.<\/p>\n<p class=\"wp-block-paragraph\">Rejsy obs\u0142uguj\u0105 mi\u0119dzy innymi Polskie Linie Lotnicze LOT S.A., Ryanair, Buzz oraz Enter Air. Siatka \u0142\u0105czy trasy s\u0142u\u017c\u0105ce podr\u00f3\u017com zarobkowym i rodzinnym z kierunkami turystycznymi oraz po\u0142\u0105czeniem do warszawskiego portu przesiadkowego.<\/p>\n<p class=\"wp-block-paragraph\">Marsa Alam b\u0119dzie czwartym nowym kierunkiem og\u0142oszonym przez lubelskie lotnisko w 2026 r. Wcze\u015bniej siatk\u0119 rozbudowano mi\u0119dzy innymi o Maastricht, Trapani i Rijek\u0119.<\/p>\n<p><a href=\"https:\/\/www.europesays.com\/pl\/wp-content\/uploads\/2026\/07\/Od-pazdziernika-nowe-polaczenie-LOT-Lublin-Warszawa-0.jpg\"><img loading=\"lazy\" decoding=\"async\" width=\"640\" height=\"232\" src=\"data:image\/svg+xml,%3Csvg%20xmlns=\" http:=\"\" alt=\"Marsa Alam z Lublina przez ca\u0142y rok. Start przed \u015bwi\u0119tami\" class=\"wp-image-56751\" data-lazy- data-lazy- data-lazy-src=\"https:\/\/www.europesays.com\/pl\/wp-content\/uploads\/2026\/07\/Od-pazdziernika-nowe-polaczenie-LOT-Lublin-Warszawa-0.jpg\"\/><\/a>Marsa Alam z Lublina przez ca\u0142y rok. Start przed \u015bwi\u0119tami<\/p>\n<p>Rekordowe 61.794 pasa\u017cer\u00f3w w czerwcu<\/p>\n<p class=\"wp-block-paragraph\">Zapowied\u017a nowej trasy pojawi\u0142a si\u0119 po najlepszym miesi\u0105cu w historii lubelskiego portu. W czerwcu 2026 r. lotnisko obs\u0142u\u017cy\u0142o 61.794 pasa\u017cer\u00f3w.<\/p>\n<p class=\"wp-block-paragraph\">Poprzedni rekord nale\u017ca\u0142 do sierpnia 2025 r., kiedy odprawiono 61.115 podr\u00f3\u017cnych. Czerwcowy wynik by\u0142 zatem wy\u017cszy o 679 pasa\u017cer\u00f3w.<\/p>\n<p class=\"wp-block-paragraph\">Rosn\u0105cy ruch wspieraj\u0105 zar\u00f3wno po\u0142\u0105czenia regularne, jak i wakacyjne czartery. Rozbudowa oferty turystycznej pozwala portowi zwi\u0119ksza\u0107 liczb\u0119 obs\u0142ugiwanych podr\u00f3\u017cnych w miesi\u0105cach letnich, a ca\u0142oroczna trasa do Marsa Alam ma wzmocni\u0107 tak\u017ce sezon zimowy.<\/p>\n<p>Cel na 2026 rok: 530 tys. podr\u00f3\u017cnych<\/p>\n<p class=\"wp-block-paragraph\">W 2025 r. przez Port Lotniczy Lublin przewin\u0119\u0142o si\u0119 471 tys. pasa\u017cer\u00f3w. Wykonano w\u00f3wczas ponad 5 tys. operacji lotniczych.<\/p>\n<p class=\"wp-block-paragraph\">Plan na 2026 r. zak\u0142ada obs\u0142u\u017cenie 530 tys. podr\u00f3\u017cnych. Osi\u0105gni\u0119cie tego wyniku oznacza\u0142oby wzrost o oko\u0142o 59 tys. pasa\u017cer\u00f3w w por\u00f3wnaniu z poprzednim rokiem.<\/p>\n<p class=\"wp-block-paragraph\">W\u0142adze portu rozwijaj\u0105 siatk\u0119 zar\u00f3wno przez uruchamianie nowych tras regularnych, jak i wsp\u00f3\u0142prac\u0119 z organizatorami turystyki. Cotygodniowe loty do Marsa Alam maj\u0105 by\u0107 jednym z element\u00f3w utrzymania ruchu r\u00f3wnie\u017c poza szczytem sezonu letniego.<\/p>\n<p>Przychody dwukrotnie wy\u017csze<\/p>\n<p class=\"wp-block-paragraph\">Przychody netto sp\u00f3\u0142ki wzros\u0142y z 15.500.000 PLN w 2024 r. do 30.800.000 PLN w 2025 r. Oznacza to niemal podwojenie wp\u0142yw\u00f3w w ci\u0105gu roku.<\/p>\n<p class=\"wp-block-paragraph\">Jednocze\u015bnie strata netto zmniejszy\u0142a si\u0119 z oko\u0142o 51.500.000 PLN do 42.500.000 PLN. Poprawa wyniku wynios\u0142a niespe\u0142na 9 mln PLN.<\/p>\n<p class=\"wp-block-paragraph\">Port nadal pozostaje sp\u00f3\u0142k\u0105 wymagaj\u0105c\u0105 finansowego wsparcia samorz\u0105dowych akcjonariuszy. S\u0105 nimi gmina Lublin, wojew\u00f3dztwo lubelskie, miasto \u015awidnik oraz powiat \u015bwidnicki.<\/p>\n<p><a href=\"https:\/\/www.europesays.com\/pl\/wp-content\/uploads\/2026\/07\/CBA-w-Porcie-Lotniczym-Lublin-foto-PAP-0.jpg\"><img loading=\"lazy\" decoding=\"async\" width=\"700\" height=\"466\" src=\"data:image\/svg+xml,%3Csvg%20xmlns=\" http:=\"\" alt=\"Marsa Alam z Lublina przez ca\u0142y rok. Start przed \u015bwi\u0119tami\" class=\"wp-image-93188\" data-lazy- data-lazy- data-lazy-src=\"https:\/\/www.europesays.com\/pl\/wp-content\/uploads\/2026\/07\/CBA-w-Porcie-Lotniczym-Lublin-foto-PAP-0.jpg\"\/><\/a>Marsa Alam z Lublina przez ca\u0142y rok. Start przed \u015bwi\u0119tami<\/p>\n<p>Lotnisko dzia\u0142a od 2012 roku<\/p>\n<p class=\"wp-block-paragraph\">Port Lotniczy Lublin zosta\u0142 oddany do u\u017cytku w 2012 r. Obiekt znajduje si\u0119 w \u015awidniku i posiada status mi\u0119dzynarodowego portu lotniczego.<\/p>\n<p class=\"wp-block-paragraph\">Infrastruktura umo\u017cliwia obs\u0142ug\u0119 samolot\u00f3w wielko\u015bci Boeinga 767 oraz Airbusa A310. Lotnisko dysponuje r\u00f3wnie\u017c hal\u0105 magazynowo-prze\u0142adunkow\u0105 o powierzchni blisko 2.000 m\u00b2.<\/p>\n<p class=\"wp-block-paragraph\">Zaplecze cargo wyposa\u017cono mi\u0119dzy innymi w ch\u0142odni\u0119 oraz urz\u0105dzenia do prze\u015bwietlania przesy\u0142ek o du\u017cych gabarytach. Port rozwija wi\u0119c r\u00f3wnolegle segment pasa\u017cerski i obs\u0142ug\u0119 transportu towarowego.<\/p>\n<p>Zakupowe t\u0142o<\/p>\n<p class=\"wp-block-paragraph\">Wiosn\u0105 2026 r. Port Lotniczy Lublin rozszerzy\u0142 regularn\u0105 siatk\u0119 o loty do Maastricht w Holandii oraz Trapani na Sycylii. W czerwcu uruchomiono tak\u017ce po\u0142\u0105czenie do Rijeki, obs\u0142ugiwane dwa razy w tygodniu.<\/p>\n<p class=\"wp-block-paragraph\">R\u00f3wnolegle wzmacniano ofert\u0119 wakacyjn\u0105, obejmuj\u0105c\u0105 kierunki w Chorwacji, Bu\u0142garii, Turcji, Grecji, Tunezji i Egipcie. Pozwoli\u0142o to osi\u0105gn\u0105\u0107 w czerwcu rekordowy wynik 61.794 pasa\u017cer\u00f3w.<\/p>\n<p class=\"wp-block-paragraph\">Uruchomienie ca\u0142orocznej trasy do Marsa Alam jest kolejnym etapem tego programu. W przeciwie\u0144stwie do typowych sezonowych czarter\u00f3w nowe po\u0142\u0105czenie ma by\u0107 dost\u0119pne r\u00f3wnie\u017c jesieni\u0105 i zim\u0105, zapewniaj\u0105c pasa\u017cerom z Lubelszczyzny bezpo\u015brednie loty do Egiptu przez wszystkie miesi\u0105ce roku.<\/p>\n","protected":false},"excerpt":{"rendered":"28 lipca 2026 r. Port Lotniczy Lublin S.A. zapowiedzia\u0142 uruchomienie ca\u0142orocznego po\u0142\u0105czenia czarterowego do Marsa Alam w Egipcie.&hellip;\n","protected":false},"author":2,"featured_media":587915,"comment_status":"","ping_status":"","sticky":false,"template":"","format":"standard","meta":{"footnotes":"","_share_on_mastodon":"0"},"categories":[51612],"tags":[956,2995,56241,1081,17939,42,38,40,39,41,1030],"class_list":["post-587914","post","type-post","status-publish","format-standard","has-post-thumbnail","category-lublin","tag-egipt","tag-lotnisko","tag-lotnisko-lublin","tag-lublin","tag-nowe-polaczenie","tag-pl","tag-poland","tag-polish","tag-polska","tag-polski","tag-samolot"],"share_on_mastodon":{"url":"https:\/\/pubeurope.com\/@pl\/117004464632311232","error":""},"_links":{"self":[{"href":"https:\/\/www.europesays.com\/pl\/wp-json\/wp\/v2\/posts\/587914","targetHints":{"allow":["GET"]}}],"collection":[{"href":"https:\/\/www.europesays.com\/pl\/wp-json\/wp\/v2\/posts"}],"about":[{"href":"https:\/\/www.europesays.com\/pl\/wp-json\/wp\/v2\/types\/post"}],"author":[{"embeddable":true,"href":"https:\/\/www.europesays.com\/pl\/wp-json\/wp\/v2\/users\/2"}],"replies":[{"embeddable":true,"href":"https:\/\/www.europesays.com\/pl\/wp-json\/wp\/v2\/comments?post=587914"}],"version-history":[{"count":0,"href":"https:\/\/www.europesays.com\/pl\/wp-json\/wp\/v2\/posts\/587914\/revisions"}],"wp:featuredmedia":[{"embeddable":true,"href":"https:\/\/www.europesays.com\/pl\/wp-json\/wp\/v2\/media\/587915"}],"wp:attachment":[{"href":"https:\/\/www.europesays.com\/pl\/wp-json\/wp\/v2\/media?parent=587914"}],"wp:term":[{"taxonomy":"category","embeddable":true,"href":"https:\/\/www.europesays.com\/pl\/wp-json\/wp\/v2\/categories?post=587914"},{"taxonomy":"post_tag","embeddable":true,"href":"https:\/\/www.europesays.com\/pl\/wp-json\/wp\/v2\/tags?post=587914"}],"curies":[{"name":"wp","href":"https:\/\/api.w.org\/{rel}","templated":true}]}}