{"id":588058,"date":"2026-07-29T18:58:12","date_gmt":"2026-07-29T18:58:12","guid":{"rendered":"https:\/\/www.europesays.com\/pl\/588058\/"},"modified":"2026-07-29T18:58:12","modified_gmt":"2026-07-29T18:58:12","slug":"donald-tusk-i-wolodymyr-zelenski-spotkali-sie-w-lublinie-trwaja-rozmowy-w-urzedzie-wojewodzkim","status":"publish","type":"post","link":"https:\/\/www.europesays.com\/pl\/588058\/","title":{"rendered":"Donald Tusk i Wo\u0142odymyr Ze\u0142enski spotkali si\u0119 w Lublinie. Trwaj\u0105 rozmowy w Urz\u0119dzie Wojew\u00f3dzkim"},"content":{"rendered":"<p>Lublin sta\u0142 si\u0119 dzi\u015b miejscem jednego z najwa\u017cniejszych spotka\u0144 politycznych ostatnich miesi\u0119cy. Premier Donald Tusk i prezydent Ukrainy Wo\u0142odymyr Ze\u0142enski rozpocz\u0119li rozmowy w siedzibie Lubelskiego Urz\u0119du Wojew\u00f3dzkiego. Spotkanie odbywa si\u0119 w czasie, gdy sytuacja bezpiecze\u0144stwa w Europie pozostaje jednym z kluczowych temat\u00f3w mi\u0119dzynarodowej polityki.<\/p>\n<p>Obaj przyw\u00f3dcy dotarli do Lublina w \u015brod\u0119 po po\u0142udniu. Premier Donald Tusk powita\u0142 prezydenta Ukrainy przed wej\u015bciem do Lubelskiego Urz\u0119du Wojew\u00f3dzkiego, gdzie nast\u0119pnie rozpocz\u0119\u0142y si\u0119 rozmowy za zamkni\u0119tymi drzwiami. Wizycie towarzysz\u0105 wzmo\u017cone \u015brodki bezpiecze\u0144stwa, a okolice urz\u0119du zosta\u0142y zabezpieczone przez s\u0142u\u017cby odpowiedzialne za ochron\u0119 najwa\u017cniejszych os\u00f3b w pa\u0144stwie.<\/p>\n<p>Wed\u0142ug zapowiedzi Kancelarii Prezesa Rady Ministr\u00f3w jednym z g\u0142\u00f3wnych temat\u00f3w spotkania jest om\u00f3wienie rezultat\u00f3w niedawnej wizyty Wo\u0142odymyra Ze\u0142enskiego w Stanach Zjednoczonych oraz jego rozm\u00f3w z prezydentem USA Donaldem Trumpem. Rozmowy maj\u0105 dotyczy\u0107 r\u00f3wnie\u017c aktualnej sytuacji mi\u0119dzynarodowej, wsparcia dla Ukrainy oraz dalszej wsp\u00f3\u0142pracy pomi\u0119dzy Warszaw\u0105 i Kijowem.<\/p>\n<p>Lublin ponownie miejscem wa\u017cnych rozm\u00f3w<\/p>\n<p>Wyb\u00f3r Lublina na miejsce spotkania nie jest przypadkowy. Miasto od pocz\u0105tku rosyjskiej agresji na Ukrain\u0119 odgrywa istotn\u0105 rol\u0119 w polsko-ukrai\u0144skiej wsp\u00f3\u0142pracy. To w\u0142a\u015bnie przez Lubelszczyzn\u0119 przebiega\u0142y jedne z najwa\u017cniejszych szlak\u00f3w pomocy humanitarnej i wojskowej kierowanej do walcz\u0105cej Ukrainy. Region pozostaje tak\u017ce wa\u017cnym miejscem wsp\u00f3\u0142pracy samorz\u0105dowej, gospodarczej i spo\u0142ecznej pomi\u0119dzy oboma krajami.<\/p>\n<p>Spotkanie odbywa si\u0119 w szczeg\u00f3lnym momencie dla bezpiecze\u0144stwa Europy. Trwaj\u0105ce dzia\u0142ania wojenne za wschodni\u0105 granic\u0105 Polski oraz intensywne rozmowy prowadzone przez \u015bwiatowych lider\u00f3w sprawiaj\u0105, \u017ce konsultacje pomi\u0119dzy w\u0142adzami Polski i Ukrainy maj\u0105 istotne znaczenie zar\u00f3wno dla relacji dwustronnych, jak i dla ca\u0142ego regionu.<\/p>\n<p>Rozmowy za zamkni\u0119tymi drzwiami<\/p>\n<p>Na obecnym etapie nie przekazano szczeg\u00f3\u0142\u00f3w dotycz\u0105cych przebiegu rozm\u00f3w. Spotkanie ma charakter zamkni\u0119ty, a jego agenda obejmuje kwestie polityczne, bezpiecze\u0144stwa oraz dalszej wsp\u00f3\u0142pracy mi\u0119dzy oboma pa\u0144stwami.<\/p>\n<p>Po zako\u0144czeniu rozm\u00f3w spodziewane s\u0105 oficjalne informacje podsumowuj\u0105ce spotkanie. Niewykluczone, \u017ce premier Donald Tusk i prezydent Wo\u0142odymyr Ze\u0142enski wyst\u0105pi\u0105 przedstawiaj\u0105c najwa\u017cniejsze ustalenia i komentuj\u0105c aktualn\u0105 sytuacj\u0119 mi\u0119dzynarodow\u0105.<\/p>\n<p>Lublin przez najbli\u017csze godziny pozostaje w centrum uwagi polskich i zagranicznych medi\u00f3w. Trwaj\u0105ce rozmowy dw\u00f3ch przyw\u00f3dc\u00f3w mog\u0105 mie\u0107 znaczenie dla dalszej wsp\u00f3\u0142pracy Polski i Ukrainy oraz dla dzia\u0142a\u0144 podejmowanych przez pa\u0144stwa wspieraj\u0105ce Kij\u00f3w w obliczu trwaj\u0105cej wojny.<\/p>\n<p><img aria-describedby=\"caption-attachment-520727\" loading=\"lazy\" decoding=\"async\" src=\"https:\/\/www.europesays.com\/pl\/wp-content\/uploads\/2026\/07\/143j22-640x426.jpg\" alt=\"Donald Tusk i Wo\u0142odymyr Ze\u0142enski spotkali si\u0119 w Lublinie. Trwaj\u0105 rozmowy w Urz\u0119dzie Wojew\u00f3dzkim\" width=\"500\" height=\"333\" class=\"size-medium wp-image-520727\"  \/><\/p>\n<p id=\"caption-attachment-520727\" class=\"wp-caption-text\">fot. lublin112.pl<\/p>\n<p><img aria-describedby=\"caption-attachment-520726\" loading=\"lazy\" decoding=\"async\" src=\"https:\/\/www.europesays.com\/pl\/wp-content\/uploads\/2026\/07\/143j23-640x394.jpg\" alt=\"Donald Tusk i Wo\u0142odymyr Ze\u0142enski spotkali si\u0119 w Lublinie. Trwaj\u0105 rozmowy w Urz\u0119dzie Wojew\u00f3dzkim\" width=\"500\" height=\"308\" class=\"size-medium wp-image-520726\"  \/><\/p>\n<p id=\"caption-attachment-520726\" class=\"wp-caption-text\">fot. lublin112.pl<\/p>\n<p><img aria-describedby=\"caption-attachment-520728\" loading=\"lazy\" decoding=\"async\" src=\"https:\/\/www.europesays.com\/pl\/wp-content\/uploads\/2026\/07\/143j21-640x412.jpg\" alt=\"Donald Tusk i Wo\u0142odymyr Ze\u0142enski spotkali si\u0119 w Lublinie. Trwaj\u0105 rozmowy w Urz\u0119dzie Wojew\u00f3dzkim\" width=\"500\" height=\"322\" class=\"size-medium wp-image-520728\"  \/><\/p>\n<p id=\"caption-attachment-520728\" class=\"wp-caption-text\">fot. lublin112.pl<\/p>\n<p><img aria-describedby=\"caption-attachment-520725\" loading=\"lazy\" decoding=\"async\" src=\"https:\/\/www.europesays.com\/pl\/wp-content\/uploads\/2026\/07\/143j24-640x414.jpg\" alt=\"Donald Tusk i Wo\u0142odymyr Ze\u0142enski spotkali si\u0119 w Lublinie. Trwaj\u0105 rozmowy w Urz\u0119dzie Wojew\u00f3dzkim\" width=\"500\" height=\"323\" class=\"size-medium wp-image-520725\"  \/><\/p>\n<p id=\"caption-attachment-520725\" class=\"wp-caption-text\">fot. lublin112.pl<\/p>\n","protected":false},"excerpt":{"rendered":"Lublin sta\u0142 si\u0119 dzi\u015b miejscem jednego z najwa\u017cniejszych spotka\u0144 politycznych ostatnich miesi\u0119cy. Premier Donald Tusk i prezydent Ukrainy&hellip;\n","protected":false},"author":2,"featured_media":588059,"comment_status":"","ping_status":"","sticky":false,"template":"","format":"standard","meta":{"footnotes":"","_share_on_mastodon":"0"},"categories":[51612],"tags":[1345,1898,96504,1081,42,38,40,907,39,41,92831,116053,6677],"class_list":["post-588058","post","type-post","status-publish","format-standard","has-post-thumbnail","category-lublin","tag-donald-tusk","tag-dyplomacja","tag-lubelski-urzad-wojewodzki","tag-lublin","tag-pl","tag-poland","tag-polish","tag-polityka","tag-polska","tag-polski","tag-relacje-polsko-ukrainskie","tag-spotkanie-tusk-zelenski","tag-wolodymyr-zelenski"],"share_on_mastodon":{"url":"https:\/\/pubeurope.com\/@pl\/117004803081937616","error":""},"_links":{"self":[{"href":"https:\/\/www.europesays.com\/pl\/wp-json\/wp\/v2\/posts\/588058","targetHints":{"allow":["GET"]}}],"collection":[{"href":"https:\/\/www.europesays.com\/pl\/wp-json\/wp\/v2\/posts"}],"about":[{"href":"https:\/\/www.europesays.com\/pl\/wp-json\/wp\/v2\/types\/post"}],"author":[{"embeddable":true,"href":"https:\/\/www.europesays.com\/pl\/wp-json\/wp\/v2\/users\/2"}],"replies":[{"embeddable":true,"href":"https:\/\/www.europesays.com\/pl\/wp-json\/wp\/v2\/comments?post=588058"}],"version-history":[{"count":0,"href":"https:\/\/www.europesays.com\/pl\/wp-json\/wp\/v2\/posts\/588058\/revisions"}],"wp:featuredmedia":[{"embeddable":true,"href":"https:\/\/www.europesays.com\/pl\/wp-json\/wp\/v2\/media\/588059"}],"wp:attachment":[{"href":"https:\/\/www.europesays.com\/pl\/wp-json\/wp\/v2\/media?parent=588058"}],"wp:term":[{"taxonomy":"category","embeddable":true,"href":"https:\/\/www.europesays.com\/pl\/wp-json\/wp\/v2\/categories?post=588058"},{"taxonomy":"post_tag","embeddable":true,"href":"https:\/\/www.europesays.com\/pl\/wp-json\/wp\/v2\/tags?post=588058"}],"curies":[{"name":"wp","href":"https:\/\/api.w.org\/{rel}","templated":true}]}}