{"id":588332,"date":"2026-07-29T21:47:11","date_gmt":"2026-07-29T21:47:11","guid":{"rendered":"https:\/\/www.europesays.com\/pl\/588332\/"},"modified":"2026-07-29T21:47:11","modified_gmt":"2026-07-29T21:47:11","slug":"nominacje-nawrockiego-pod-znakiem-zapytania-krs-wskazuje-na-tuska","status":"publish","type":"post","link":"https:\/\/www.europesays.com\/pl\/588332\/","title":{"rendered":"Nominacje Nawrockiego pod znakiem zapytania. KRS wskazuje na Tuska"},"content":{"rendered":"\n<p>&#13;<br \/>\nWed\u0142ug Rady to\u00a0w\u0142a\u015bnie podpis Prezesa Rady Ministr\u00f3w przes\u0105dzi o\u00a0skuteczno\u015bci tych nominacji. &#13;\n<\/p>\n<p>229 nominacji wr\u0119czonych przez prezydenta<\/p>\n<p>&#13;<br \/>\nWe wtorek prezydent Karol Nawrocki wr\u0119czy\u0142 akty mianowania 229 asesorom \u2013\u00a0211 asesorom s\u0105d\u00f3w rejonowych oraz\u00a018 asesorom wojew\u00f3dzkich s\u0105d\u00f3w administracyjnych. By\u0142a to\u00a0najwi\u0119ksza ceremonia nominacyjna asesor\u00f3w w\u00a0trakcie jego kadencji. &#13;\n<\/p>\n<p>&#13;<br \/>\nPodczas uroczysto\u015bci prezydent podkre\u015bla\u0142 rol\u0119 przysz\u0142ych asesor\u00f3w w\u00a0wymiarze sprawiedliwo\u015bci. \u2013\u00a0Wymiar sprawiedliwo\u015bci, polskie s\u0105dy, polscy s\u0119dziowie, asesorzy, ale\u00a0tak\u017ce prokuratorzy s\u0105 od\u00a0tego, aby\u00a0s\u0142u\u017cy\u0107 obywatelom Rzeczypospolitej Polskiej. Tylko w\u00f3wczas to\u00a0ma sens, kiedy wype\u0142niamy swoj\u0105 misj\u0119 s\u0142u\u017cby obywatelom Rzeczypospolitej Polskiej \u2013\u00a0m\u00f3wi\u0142 Karol Nawrocki. &#13;\n<\/p>\n<p>Uchwa\u0142a KRS<\/p>\n<p>&#13;<br \/>\nDzie\u0144 po\u00a0uroczysto\u015bci Krajowa Rada S\u0105downictwa opublikowa\u0142a uchwa\u0142\u0119 dotycz\u0105c\u0105 nominacji asesorskich. Rada przypomnia\u0142a, \u017ce\u00a0zgodnie z\u00a0art. 144 ust. 3\u00a0Konstytucji RP akty urz\u0119dowe prezydenta niewymienione w\u00a0katalogu jego prerogatyw wymagaj\u0105 kontrasygnaty Prezesa Rady Ministr\u00f3w. W\u00a0uchwale wskazano, \u017ce\u00a0akty mianowania wr\u0119czone 28 lipca nie\u00a0zawieraj\u0105 podpisu premiera. &#8222;Akty mianowania na\u00a0stanowiska asesor\u00f3w wr\u0119czone w\u00a0dniu 28 lipca 2026\u00a0r. nie\u00a0zawieraj\u0105 takiej kontrasygnaty&#8221; \u2013\u00a0czytamy w\u00a0dokumencie. &#13;\n<\/p>\n<p>&#13;<br \/>\nKRS podkre\u015bli\u0142a jednocze\u015bnie, \u017ce\u00a0skuteczno\u015b\u0107 tych akt\u00f3w \u201enie mo\u017ce budzi\u0107 w\u0105tpliwo\u015bci, zar\u00f3wno w\u00a0kontek\u015bcie realizacji prawa obywateli do\u00a0s\u0105du, jak i\u00a0praw os\u00f3b, kt\u00f3rych te\u00a0akty mianowania dotycz\u0105\u201d. Rada zako\u0144czy\u0142a uchwa\u0142\u0119 jednoznacznym stanowiskiem. &#8222;Wobec powy\u017cszego Krajowa Rada S\u0105downictwa uznaje, \u017ce\u00a0udzielenie kontrasygnaty przes\u0105dzi o\u00a0skuteczno\u015bci tych akt\u00f3w mianowania&#8221; \u2013\u00a0napisano w\u00a0opublikowanym w\u00a0mediach spo\u0142eczno\u015bciowych komunikacie. &#13;\n<\/p>\n<p>Sp\u00f3r o\u00a0podpis premiera<\/p>\n<p>&#13;<br \/>\n25 czerwca 2026\u00a0r. Trybuna\u0142 Konstytucyjny orzek\u0142, \u017ce\u00a0wym\u00f3g kontrasygnaty Prezesa Rady Ministr\u00f3w dla\u00a0mianowania asesor\u00f3w s\u0105dowych jest niezgodny z\u00a0Konstytucj\u0105. W\u00a0uzasadnieniu wskazano, \u017ce\u00a0mianowanie asesor\u00f3w jest czynno\u015bci\u0105 funkcjonalnie zwi\u0105zan\u0105 z\u00a0prezydenck\u0105 prerogatyw\u0105 powo\u0142ywania s\u0119dzi\u00f3w, kt\u00f3ra nie\u00a0wymaga podpisu premiera. &#13;\n<\/p>\n<p>&#13;<br \/>\nRz\u0105d nie\u00a0uznaje jednak skutk\u00f3w orzecze\u0144 obecnego Trybuna\u0142u Konstytucyjnego. Zgodnie z\u00a0uchwa\u0142\u0105 Sejmu z\u00a0marca 2024\u00a0r. rozstrzygni\u0119cia wydane z\u00a0naruszeniem prawa nie\u00a0s\u0105 publikowane w\u00a0Dzienniku Ustaw. Minister sprawiedliwo\u015bci Waldemar \u017burek deklarowa\u0142 r\u00f3wnie\u017c, \u017ce\u00a0nie okre\u015bla rozstrzygni\u0119\u0107 obecnego TK mianem wyrok\u00f3w. &#13;\n<\/p>\n<p>Stanowisko Ministerstwa Sprawiedliwo\u015bci<\/p>\n<p>&#13;<br \/>\nJeszcze przed wr\u0119czeniem nominacji Ministerstwo Sprawiedliwo\u015bci przekaza\u0142o prezesom s\u0105d\u00f3w apelacyjnych stanowisko, zgodnie z\u00a0kt\u00f3rym osoby, kt\u00f3re odebra\u0142y akty mianowania bez kontrasygnaty premiera, nadal nale\u017cy traktowa\u0107 jako egzaminowanych aplikant\u00f3w Krajowej Szko\u0142y S\u0105downictwa i\u00a0Prokuratury, a\u00a0nie asesor\u00f3w s\u0105dowych. &#13;\n<\/p>\n<p>&#13;<br \/>\n   Czytaj te\u017c:<br \/><a href=\"https:\/\/dorzeczy.pl\/opinie\/921280\/karol-nawrocki-wreczyl-nominacje-powolano-229-asesorow.html\" rel=\"follow nofollow noopener\" data-schema=\"DORZECZY\" data-image=\"https:\/\/img.dorzeczy.pl\/_thumb\/f2\/b3\/bc1236ddafcbaeb03e4dc40ee4a3.jpeg\" target=\"_blank\">&#8222;Jeste\u015bcie nadziej\u0105 wymiaru sprawiedliwo\u015bci&#8221;. Prezydent wr\u0119czy\u0142 229 nominacji asesorskich<\/a>   Czytaj te\u017c:<br \/><a href=\"https:\/\/dorzeczy.pl\/kraj\/921148\/karol-nawrocki-przyjal-slubowanie-od-kolejnego-sedziego-tk.html\" rel=\"follow nofollow noopener\" data-schema=\"DORZECZY\" data-image=\"https:\/\/img.dorzeczy.pl\/_thumb\/eb\/20\/0b0704244a8c2bf4d12c3dbaca0e.jpeg\" target=\"_blank\">Karol Nawrocki przyj\u0105\u0142 \u015blubowanie od\u00a0kolejnego s\u0119dziego TK<\/a>&#13;<\/p>\n","protected":false},"excerpt":{"rendered":"&#13; Wed\u0142ug Rady to\u00a0w\u0142a\u015bnie podpis Prezesa Rady Ministr\u00f3w przes\u0105dzi o\u00a0skuteczno\u015bci tych nominacji. &#13; 229 nominacji wr\u0119czonych przez prezydenta&hellip;\n","protected":false},"author":2,"featured_media":588333,"comment_status":"","ping_status":"","sticky":false,"template":"","format":"standard","meta":{"footnotes":"","_share_on_mastodon":"0"},"categories":[62712],"tags":[115422,1345,98,690,92432,49,1381,12284,116133,102,8232,116134,4125],"class_list":["post-588332","post","type-post","status-publish","format-standard","has-post-thumbnail","category-karol-nawrocki","tag-asesorzy-sadowi","tag-donald-tusk","tag-dorzeczy","tag-karol-nawrocki","tag-kontrasygnata","tag-kraj","tag-krs","tag-ministerstwo-sprawiedliwosci","tag-nominacje-asesorow","tag-opinie","tag-trybunal-konstytucyjny","tag-uchwala-krs","tag-wymiar-sprawiedliwosci"],"share_on_mastodon":{"url":"https:\/\/pubeurope.com\/@pl\/117005467116408410","error":""},"_links":{"self":[{"href":"https:\/\/www.europesays.com\/pl\/wp-json\/wp\/v2\/posts\/588332","targetHints":{"allow":["GET"]}}],"collection":[{"href":"https:\/\/www.europesays.com\/pl\/wp-json\/wp\/v2\/posts"}],"about":[{"href":"https:\/\/www.europesays.com\/pl\/wp-json\/wp\/v2\/types\/post"}],"author":[{"embeddable":true,"href":"https:\/\/www.europesays.com\/pl\/wp-json\/wp\/v2\/users\/2"}],"replies":[{"embeddable":true,"href":"https:\/\/www.europesays.com\/pl\/wp-json\/wp\/v2\/comments?post=588332"}],"version-history":[{"count":0,"href":"https:\/\/www.europesays.com\/pl\/wp-json\/wp\/v2\/posts\/588332\/revisions"}],"wp:featuredmedia":[{"embeddable":true,"href":"https:\/\/www.europesays.com\/pl\/wp-json\/wp\/v2\/media\/588333"}],"wp:attachment":[{"href":"https:\/\/www.europesays.com\/pl\/wp-json\/wp\/v2\/media?parent=588332"}],"wp:term":[{"taxonomy":"category","embeddable":true,"href":"https:\/\/www.europesays.com\/pl\/wp-json\/wp\/v2\/categories?post=588332"},{"taxonomy":"post_tag","embeddable":true,"href":"https:\/\/www.europesays.com\/pl\/wp-json\/wp\/v2\/tags?post=588332"}],"curies":[{"name":"wp","href":"https:\/\/api.w.org\/{rel}","templated":true}]}}