{"id":588418,"date":"2026-07-29T22:50:13","date_gmt":"2026-07-29T22:50:13","guid":{"rendered":"https:\/\/www.europesays.com\/pl\/588418\/"},"modified":"2026-07-29T22:50:13","modified_gmt":"2026-07-29T22:50:13","slug":"plany-andruszkiewicza-dolaczy-do-morawieckiego-takie-chodza-sluchy-wprost","status":"publish","type":"post","link":"https:\/\/www.europesays.com\/pl\/588418\/","title":{"rendered":"Plany Andruszkiewicza. Do\u0142\u0105czy do Morawieckiego? \u201eTakie chodz\u0105 s\u0142uchy\u201d \u2013 Wprost"},"content":{"rendered":"\n<p>&#13;<br \/>\nKonrad Frysztak go\u015bci\u0142 w\u00a0studiu stacji Polsat News \u2013\u00a0w\u00a0programie \u201eDebata Gozdyry\u201d. W\u00a0trakcie rozmowy ujawni\u0142, \u017ce\u00a0Adam Andruszkiewicz \u2013\u00a0prezydencki minister \u2013\u00a0ma\u00a0pono\u0107 do\u0142\u0105czy\u0107 do\u00a0stowarzyszenia Rozw\u00f3j Plus, za\u0142o\u017conego przez Mateusza Morawieckiego. \u2013\u00a0Takie chodz\u0105 s\u0142uchy \u2013\u00a0skwitowa\u0142. &#13;\n<\/p>\n<p>&#13;<br \/>\nPolitycy Prawa i\u00a0Sprawiedliwo\u015bci oskar\u017caj\u0105 by\u0142ego premiera, \u017ce\u00a0organizacja, kt\u00f3r\u0105 powo\u0142a\u0142, doprowadzi\u0142a niedawno do\u00a0rozpadu partii. &#13;\n<\/p>\n<p>&#13;<br \/>\nWiceprzewodnicz\u0105cy sejmowej Komisji Administracji i\u00a0Spraw Wewn\u0119trznych powiedzia\u0142 to\u00a0w\u00a0kontek\u015bcie tematu odno\u015bnie roli prezydenta Karola Nawrockiego ws. roz\u0142amu w\u00a0PiS. &#13;\n<\/p>\n<p>Andruszkiewicz do\u0142\u0105czy do\u00a0Rozwoju Plus Morawieckiego? Jest cz\u0142onkiem PiS. \u201eChodz\u0105 s\u0142uchy, \u017ce\u00a0ju\u017c nie\u201d<\/p>\n<p>&#13;<br \/>\nProwadz\u0105ca program \u2013\u00a0dziennikarka Agnieszka Gozdyra \u2013\u00a0zwr\u00f3ci\u0142a uwag\u0119, \u017ce\u00a0w\u00a0mi\u0119dzyczasie, gdy ugrupowanie Jaros\u0142awa Kaczy\u0144skiego prze\u017cywa kryzys, g\u0142owa pa\u0144stwa og\u0142osi\u0142a wydarzenie, kt\u00f3re cz\u0119\u015b\u0107 opinii publicznej por\u00f3wnuje z\u00a0Campusem Polska Przysz\u0142o\u015bci Rafa\u0142a Trzaskowskiego (wiceprzewodnicz\u0105cego KO). Nawrocki zaprosi\u0142 m\u0142odzie\u017c w\u00a0ostatnie dni wakacji na\u00a0Pomorze \u2013\u00a0do\u00a0Juraty. Opr\u00f3cz spotkania z\u00a0prezydentem b\u0119d\u0105 mogli oni uczestniczy\u0107 w\u00a0koncertach czy\u00a0aktywno\u015bciach sportowych. &#13;\n<\/p>\n<p>&#13;<br \/>\nFrysztak poci\u0105gn\u0105\u0142 w\u0105tek, ujawniaj\u0105c, \u017ce\u00a0prezydent rzekomo \u201ewysy\u0142a\u0142 swojego giermka do\u00a0stowarzyszenia Morawieckiego\u201d. Warto zaznaczy\u0107, \u017ce\u00a0Andruszkiewicz wci\u0105\u017c jest cz\u0142onkiem PiS. \u2013\u00a0Chodz\u0105 s\u0142uchy, \u017ce\u00a0ju\u017c nie\u00a0\u2013 odpa\u0142 pose\u0142 KO. &#13;\n<\/p>\n<p>&#13;<br \/>\nChc\u0105c, by\u00a0komunikat sta\u0142 si\u0119 jasny, Gozdyra zapyta\u0142a, czy\u00a0oznacza to, i\u017c\u00a0minister Nawrockiego \u201ezasili szeregi Rozwoju Plus\u201d. \u2013\u00a0Takie s\u0105 plotki \u2013\u00a0oznajmi\u0142 Frysztak. &#13;\n<\/p>\n<p>&#13;<br \/>\nBy\u0142y szef rz\u0105du Zjednoczonej Prawicy og\u0142osi\u0142 niedawno, \u017ce\u00a0w\u00a0jego stowarzyszeniu jest 40 pos\u0142\u00f3w i\u00a0jeden senator. Wiceprezesem organizacji zosta\u0142 <a href=\"https:\/\/www.wprost.pl\/kraj\/12401316\/zdradzeusz-muchomorki-maslarze-horala-wbil-szpile-bochenskiemu.html\" rel=\"nofollow noopener\" target=\"_blank\">pose\u0142 Marcin Hora\u0142a<\/a> \u2013\u00a0pe\u0142ni\u0105cy obowi\u0105zki przewodnicz\u0105cego Rady Parlamentarzyst\u00f3w przy Prezydencie RP. &#13;\n<\/p>\n<p>&#13;<br \/>\n   Czytaj te\u017c:<br \/><a href=\"https:\/\/www.wprost.pl\/kraj\/12400920\/kaczynski-o-rozlamie-w-pis-tak-okreslil-ruch-morawieckiego.html\" rel=\"follow nofollow noopener\" data-schema=\"WPROST\" data-image=\"https:\/\/img.wprost.pl\/_thumb\/bd\/77\/fa93aea8cf32a2df77e7f22d675e.jpeg\" target=\"_blank\">Kaczy\u0144ski reaguje na\u00a0ruch Morawieckiego. \u201eMia\u0142 w\u0142asny plan polityczny\u201d<\/a>   Czytaj te\u017c:<br \/><a href=\"https:\/\/www.wprost.pl\/kraj\/12400398\/pis-nie-wykluczyl-morawieckiego-kulisy-decyzji-kaczynskiego.html\" rel=\"follow nofollow noopener\" data-schema=\"WPROST\" data-image=\"https:\/\/img.wprost.pl\/_thumb\/34\/e3\/943897d493a26a5ed67f87a49156.jpeg\" target=\"_blank\">Kaczy\u0144ski zastawi\u0142 pu\u0142apk\u0119 na\u00a0Morawieckiego. W\u00a0gr\u0119 wchodz\u0105 ogromne pieni\u0105dze<\/a>&#13;<\/p>\n","protected":false},"excerpt":{"rendered":"&#13; Konrad Frysztak go\u015bci\u0142 w\u00a0studiu stacji Polsat News \u2013\u00a0w\u00a0programie \u201eDebata Gozdyry\u201d. W\u00a0trakcie rozmowy ujawni\u0142, \u017ce\u00a0Adam Andruszkiewicz \u2013\u00a0prezydencki minister&hellip;\n","protected":false},"author":2,"featured_media":588419,"comment_status":"","ping_status":"","sticky":false,"template":"","format":"standard","meta":{"footnotes":"","_share_on_mastodon":"0"},"categories":[62712],"tags":[95256,116141,4110,690,49,3816,1315,907,43315],"class_list":["post-588418","post","type-post","status-publish","format-standard","has-post-thumbnail","category-karol-nawrocki","tag-andruszkiewicz","tag-frysztak","tag-kaczynski","tag-karol-nawrocki","tag-kraj","tag-morawiecki","tag-nawrocki","tag-polityka","tag-wprost"],"share_on_mastodon":{"url":"https:\/\/pubeurope.com\/@pl\/117005715060151988","error":""},"_links":{"self":[{"href":"https:\/\/www.europesays.com\/pl\/wp-json\/wp\/v2\/posts\/588418","targetHints":{"allow":["GET"]}}],"collection":[{"href":"https:\/\/www.europesays.com\/pl\/wp-json\/wp\/v2\/posts"}],"about":[{"href":"https:\/\/www.europesays.com\/pl\/wp-json\/wp\/v2\/types\/post"}],"author":[{"embeddable":true,"href":"https:\/\/www.europesays.com\/pl\/wp-json\/wp\/v2\/users\/2"}],"replies":[{"embeddable":true,"href":"https:\/\/www.europesays.com\/pl\/wp-json\/wp\/v2\/comments?post=588418"}],"version-history":[{"count":0,"href":"https:\/\/www.europesays.com\/pl\/wp-json\/wp\/v2\/posts\/588418\/revisions"}],"wp:featuredmedia":[{"embeddable":true,"href":"https:\/\/www.europesays.com\/pl\/wp-json\/wp\/v2\/media\/588419"}],"wp:attachment":[{"href":"https:\/\/www.europesays.com\/pl\/wp-json\/wp\/v2\/media?parent=588418"}],"wp:term":[{"taxonomy":"category","embeddable":true,"href":"https:\/\/www.europesays.com\/pl\/wp-json\/wp\/v2\/categories?post=588418"},{"taxonomy":"post_tag","embeddable":true,"href":"https:\/\/www.europesays.com\/pl\/wp-json\/wp\/v2\/tags?post=588418"}],"curies":[{"name":"wp","href":"https:\/\/api.w.org\/{rel}","templated":true}]}}