{"id":588732,"date":"2026-07-30T02:50:19","date_gmt":"2026-07-30T02:50:19","guid":{"rendered":"https:\/\/www.europesays.com\/pl\/588732\/"},"modified":"2026-07-30T02:50:19","modified_gmt":"2026-07-30T02:50:19","slug":"glosno-na-temat-ronaldo-i-georginy-prawda-kryjaca-sie-za-plotka-o-ich-slubie","status":"publish","type":"post","link":"https:\/\/www.europesays.com\/pl\/588732\/","title":{"rendered":"G\u0142o\u015bno na temat Ronaldo i Georginy. &#8222;Prawda kryj\u0105ca si\u0119 za plotk\u0105 o ich \u015blubie&#8221;"},"content":{"rendered":"<p>Cristiano Ronaldo i Georgina Rodriguez poznali si\u0119 latem 2016 r. przed luksusowym butikiem, w kt\u00f3rym w\u00f3wczas pracowa\u0142a. Ich zwi\u0105zek wyszed\u0142 na jaw kilka miesi\u0119cy p\u00f3\u017aniej. Latem 2025 r. Portugalczyk o\u015bwiadczy\u0142 si\u0119 ukochanej, z kt\u00f3r\u0105 wychowuje pi\u0119cioro dzieci.<\/p>\n<p>Dalszy ci\u0105g artyku\u0142u pod materia\u0142em wideoPlotka o terminie \u015blubu Cristiano Ronaldo i Georginy Rodriguez sta\u0142a si\u0119 viralem. &#8222;Zosta\u0142a kategorycznie zdementowana&#8221;<a href=\"https:\/\/przegladsportowy.onet.pl\/\" title=\"Strona g\u0142\u00f3wna serwisu\" aria-label=\"Strona g\u0142\u00f3wna serwisu\" data-astro-prefetch=\"tap\" class=\"ods-a-logo-main-desktop\" rel=\"nofollow noopener\" target=\"_blank\"><img src=\"https:\/\/cdn.przegladsportowy.onet.pl\/img\/Logo_desktop_Onet.svg\" class=\"ods-a-logo-main-desktop__image\" alt=\"Logo\" width=\"107\" height=\"60\" fetchpriority=\"high\" decoding=\"sync\" style=\"height:60px\"\/><\/a><\/p>\n<p class=\"ods-m-google-article__text\">Czytaj nas cz\u0119\u015bciej w Google<\/p>\n<p><a href=\"https:\/\/google.com\/preferences\/source?q=przegladsportowy.onet.pl\" target=\"_blank\" rel=\"noopener noreferrer nofollow\" aria-label=\"Dodaj w Google\" title=\"Dodaj w Google\" class=\"ods-a-button ods-a-button__primary ods-a-button__default ods-a-button-l\">Dodaj w Google<\/a><\/p>\n<p>Plotka o tym, \u017ce para powie sobie &#8222;tak&#8221; ju\u017c w najbli\u017cszy weekend, rozprzestrzeni\u0142a si\u0119 w mediach spo\u0142eczno\u015bciowych po tym, jak w portugalskim programie telewizyjnym &#8222;V+ Fama&#8221; zaprezentowano rzekome zaproszenie na \u015blub Georginy Rodriguez i Cristiano Ronaldo. Wed\u0142ug niego uroczysto\u015b\u0107 mia\u0142aby si\u0119 odby\u0107 w sobot\u0119 1 sierpnia o godz. 17 w Quinta da Regaleira w Sintrze w Portugalii. Zarz\u0105dcy pa\u0142acu powiedzieli, \u017ce nie b\u0119d\u0105 komentowa\u0107 sprawy, co podsyci\u0142o plotki.<\/p>\n<p>&#8222;Informacja szybko si\u0119 rozprzestrzeni\u0142a, ale zosta\u0142a kategorycznie zdementowana przez magazyn HOLA!&#8221; \u2014 czytamy na stronie internetowej tygodnika w artykule zatytu\u0142owanym: &#8222;Cristiano Ronaldo i Georgina Rodriguez: prawda kryj\u0105ca si\u0119 za viralow\u0105 plotk\u0105 o ich \u015blubie w ten weekend&#8221;.<\/p>\n<p>Autor artyku\u0142u podkre\u015bla, \u017ce para obecnie cieszy si\u0119 rodzinnymi wakacjami i nie wygl\u0105da na to, by ko\u0144czy\u0142a przygotowania do \u015blubu. Wspomina te\u017c o miejscu, w kt\u00f3rym mia\u0142aby si\u0119 odby\u0107 uroczysto\u015b\u0107. &#8222;XIX-wieczny pa\u0142ac [&#8230;] jest otwarty dla zwiedzaj\u0105cych 1 sierpnia i jak zwykle oferuje bilety na wycieczki w r\u00f3\u017cnych terminach. Ponadto wieczorem w obiekcie odbywa si\u0119 program \u00bbA Todas As Mulheres\u00ab piosenkarki, autorki tekst\u00f3w i producentki Silvany Peres. Te dwa fakty sugeruj\u0105, \u017ce ta historyczna posiad\u0142o\u015b\u0107 nie przygotowuje si\u0119 do d\u0142ugo oczekiwanego \u015blubu pary w ten weekend&#8221; \u2014 informuje &#8222;Hola!&#8221;.<\/p>\n<p>Doniesienia o terminie \u015blubu zdementowa\u0142a r\u00f3wnie\u017c redakcja tygodnika &#8222;Semana&#8221;, powo\u0142uj\u0105c si\u0119 na \u017ar\u00f3d\u0142o zbli\u017cone do pary. &#8222;\u0179r\u00f3d\u0142o, kt\u00f3re jest bardzo bliskie obojgu, zaprzecza, jakoby \u015blub zaplanowano na najbli\u017csz\u0105 sobot\u0119 i dementuje plotki, kt\u00f3re zacz\u0119\u0142y kr\u0105\u017cy\u0107 w ostatnich godzinach&#8221; \u2014 czytamy na stronie tygodnika.<\/p>\n","protected":false},"excerpt":{"rendered":"Cristiano Ronaldo i Georgina Rodriguez poznali si\u0119 latem 2016 r. przed luksusowym butikiem, w kt\u00f3rym w\u00f3wczas pracowa\u0142a. Ich&hellip;\n","protected":false},"author":2,"featured_media":588733,"comment_status":"","ping_status":"","sticky":false,"template":"","format":"standard","meta":{"footnotes":"","_share_on_mastodon":"0"},"categories":[52122],"tags":[61195,3286,3287,48,129,46,948,6010,752,42,38,40,39,41,47,11971,130],"class_list":["post-588732","post","type-post","status-publish","format-standard","has-post-thumbnail","category-pko-bank-polski","tag-bottomfeed_styl","tag-cristiano_ronaldo","tag-georgina_rodriguez","tag-nat_styl","tag-ofsajd","tag-omp","tag-pilka_nozna","tag-pko-bank-polski","tag-pko-bp","tag-pl","tag-poland","tag-polish","tag-polska","tag-polski","tag-screening_general","tag-wags","tag-wiadomosci_sportowe"],"share_on_mastodon":{"url":"https:\/\/pubeurope.com\/@pl\/117006659649414063","error":""},"_links":{"self":[{"href":"https:\/\/www.europesays.com\/pl\/wp-json\/wp\/v2\/posts\/588732","targetHints":{"allow":["GET"]}}],"collection":[{"href":"https:\/\/www.europesays.com\/pl\/wp-json\/wp\/v2\/posts"}],"about":[{"href":"https:\/\/www.europesays.com\/pl\/wp-json\/wp\/v2\/types\/post"}],"author":[{"embeddable":true,"href":"https:\/\/www.europesays.com\/pl\/wp-json\/wp\/v2\/users\/2"}],"replies":[{"embeddable":true,"href":"https:\/\/www.europesays.com\/pl\/wp-json\/wp\/v2\/comments?post=588732"}],"version-history":[{"count":0,"href":"https:\/\/www.europesays.com\/pl\/wp-json\/wp\/v2\/posts\/588732\/revisions"}],"wp:featuredmedia":[{"embeddable":true,"href":"https:\/\/www.europesays.com\/pl\/wp-json\/wp\/v2\/media\/588733"}],"wp:attachment":[{"href":"https:\/\/www.europesays.com\/pl\/wp-json\/wp\/v2\/media?parent=588732"}],"wp:term":[{"taxonomy":"category","embeddable":true,"href":"https:\/\/www.europesays.com\/pl\/wp-json\/wp\/v2\/categories?post=588732"},{"taxonomy":"post_tag","embeddable":true,"href":"https:\/\/www.europesays.com\/pl\/wp-json\/wp\/v2\/tags?post=588732"}],"curies":[{"name":"wp","href":"https:\/\/api.w.org\/{rel}","templated":true}]}}