{"id":588792,"date":"2026-07-30T03:37:11","date_gmt":"2026-07-30T03:37:11","guid":{"rendered":"https:\/\/www.europesays.com\/pl\/588792\/"},"modified":"2026-07-30T03:37:11","modified_gmt":"2026-07-30T03:37:11","slug":"jared-leto-oskarzony-przez-cztery-kobiety-nazywaj-mnie-tatusiem","status":"publish","type":"post","link":"https:\/\/www.europesays.com\/pl\/588792\/","title":{"rendered":"Jared Leto oskar\u017cony przez cztery kobiety. &#8222;Nazywaj mnie tatusiem&#8221;"},"content":{"rendered":"<p>Nagrodzony Oscarem 54-latek znalaz\u0142 si\u0119 w centrum powa\u017cnych oskar\u017ce\u0144. Rozm\u00f3wczynie BBC News mia\u0142y pa\u015b\u0107 ofiar\u0105 z jego strony. Ich relacje, potwierdzane przez przyjaci\u00f3\u0142, rodzin\u0119 i zachowane wiadomo\u015bci, rzucaj\u0105 cie\u0144 na karier\u0119 Leto, kt\u00f3ry do tej pory nie odni\u00f3s\u0142 si\u0119 do zarzut\u00f3w.<\/p>\n<p>&#8222;Wiek to tylko liczba&#8221;<a href=\"https:\/\/www.onet.pl\/\" title=\"Strona G\u0142\u00f3wna\" aria-label=\"Strona G\u0142\u00f3wna\" data-astro-prefetch=\"tap\" class=\"ods-a-logo-main-desktop\" rel=\"nofollow noopener\" target=\"_blank\"><img src=\"https:\/\/cdn.kobieta.onet.pl\/img\/Logo_desktop_Onet.svg\" class=\"ods-a-logo-main-desktop__image\" alt=\"Logo\" width=\"107\" height=\"60\" fetchpriority=\"high\" decoding=\"sync\" style=\"height:60px\"\/><\/a><\/p>\n<p class=\"ods-m-google-article__text\">Czytaj nas cz\u0119\u015bciej w Google<\/p>\n<p><a href=\"https:\/\/google.com\/preferences\/source?q=kobieta.onet.pl\" target=\"_blank\" rel=\"noopener noreferrer nofollow\" aria-label=\"Dodaj w Google\" title=\"Dodaj w Google\" class=\"ods-a-button ods-a-button__primary ods-a-button__default ods-a-button-l\"> Dodaj w Google <\/a><\/p>\n<p>40-letnia Isabel twierdzi, \u017ce w 2002 r. zosta\u0142a napastowana przez gwiazdora w motelu. &#8222;Przez wi\u0119kszo\u015b\u0107 \u017cycia obwinia\u0142am si\u0119 za to, co si\u0119 sta\u0142o&#8221; \u2014 przyznaje. Artysta rzekomo wykorzysta\u0142 j\u0105 w toalecie.<\/p>\n<p> Dalszy ci\u0105g artyku\u0142u pod materia\u0142em wideo <\/p>\n<p>Z kolei by\u0142a modelka Alex rzekomo us\u0142ysza\u0142a od niego: &#8222;Wiek to tylko liczba, a poza tym jeste\u015bmy w Europie&#8221;. Po odmowie mia\u0142 grozi\u0107 jej gwa\u0142tem \u2014 a byli sam na sam.<\/p>\n<p>Clara m\u00f3wi wprost: &#8222;\u017baden zdrowy facet po trzydziestce nie patrzy na nastolatk\u0119 jak na potencjaln\u0105 partnerk\u0119&#8221;. Opisuje, \u017ce uprawia\u0142a seks z Leto, maj\u0105c 17 lat \u2014 co w \u015bwietle prawa stanowi gwa\u0142t na nieletniej. On pono\u0107 bagatelizowa\u0142 kwesti\u0119 wieku.<\/p>\n<blockquote class=\"ods-o-quote\">\n<p class=\"ods-o-quote__paragraph\">Powiedzia\u0142 mi: \u00bbChcia\u0142bym, \u017ceby\u015b nazywa\u0142a mnie tatusiem\u00ab. Musia\u0142am udawa\u0107, \u017ce jestem jego \u00bbma\u0142\u0105 dziewczynk\u0105\u00ab<\/p>\n<\/blockquote>\n<p>\u2014 przekonuje.<\/p>\n<p>G\u0142os zabiera r\u00f3wnie\u017c Taylor, 14-letnia w chwili spotkania z idolem t\u0142um\u00f3w. Wspomina, jak podczas podpisywania autograf\u00f3w skomentowa\u0142 jej biust w obecno\u015bci matki i poleci\u0142 ochroniarzowi zaprowadzi\u0107 j\u0105 za kulisy.<\/p>\n<p>Kolejna z kobiet \u2014 Etta \u2014 opowiada o rozmowach telefonicznych, gdy chodzi\u0142a do liceum. Jak relacjonuje, aktor pyta\u0142 j\u0105 o \u017cycie intymne i proponowa\u0142 zbli\u017cenie. &#8222;Czu\u0142am si\u0119 niekomfortowo. Stresowa\u0142o mnie to&#8221; \u2014 przyznaje teraz. Etta otrzyma\u0142a nawet umow\u0119 o zachowaniu poufno\u015bci (NDA), kt\u00f3rej nie podpisa\u0142a. Dziennikarze BBC widzieli tre\u015b\u0107 tego dokumentu.<\/p>\n<p>     &#8222;Jemu usz\u0142o to na sucho&#8221;<\/p>\n<p>Wed\u0142ug by\u0142ych cz\u0142onk\u00f3w ekipy Thirty Seconds to Mars, Leto regularnie zaprasza\u0142 m\u0142ode dziewczyny za kulisy koncert\u00f3w lub do swojego domu.<\/p>\n<blockquote class=\"ods-o-quote\">\n<p class=\"ods-o-quote__paragraph\">Wszyscy mieli\u015bmy wra\u017cenie, \u017ce ta r\u00f3\u017cnica wieku jest zbyt du\u017ca<\/p>\n<\/blockquote>\n<p>\u2014 przyznaje jeden. Pracownicy mieli kontaktowa\u0107 si\u0119 z lokalnymi agencjami modelek, oferuj\u0105c im wej\u015bci\u00f3wki VIP na koncerty.<\/p>\n<p>Zarzuty wobec gwiazdora pojawiaj\u0105 si\u0119 w internecie od dekad \u2014 BBC doliczy\u0142o si\u0119 ponad 120 osobnych wpis\u00f3w dotycz\u0105cych jego zachowania wobec kobiet. W 2025 r. temat wr\u00f3ci\u0142 po wyznaniu DJ-ki Allie Teilz, kt\u00f3ra oskar\u017cy\u0142a go o molestowanie.<\/p>\n<p>Rozm\u00f3wczynie brytyjskiego medium podkre\u015blaj\u0105, \u017ce spotkania z nim mia\u0142y dla nich powa\u017cne konsekwencje psychiczne. &#8222;Min\u0119\u0142o 25 lat. Jemu usz\u0142o to na sucho&#8221; \u2014 \u017cali si\u0119 domniemana ofiara.<\/p>\n<p>Teraz Leto w rozmowie z serwisem Page Six o\u015bwiadcza: &#8222;Nigdy w \u017cyciu nie molestowa\u0142em nikogo seksualnie&#8221;. Oskar\u017cenia okre\u015bla &#8222;absolutnie i ca\u0142kowicie fa\u0142szywymi&#8221;.<\/p>\n","protected":false},"excerpt":{"rendered":"Nagrodzony Oscarem 54-latek znalaz\u0142 si\u0119 w centrum powa\u017cnych oskar\u017ce\u0144. Rozm\u00f3wczynie BBC News mia\u0142y pa\u015b\u0107 ofiar\u0105 z jego strony.&hellip;\n","protected":false},"author":2,"featured_media":588793,"comment_status":"","ping_status":"","sticky":false,"template":"","format":"standard","meta":{"footnotes":"","_share_on_mastodon":"0"},"categories":[22],"tags":[61195,1942,122,603,51188,1252,48,46,42,38,40,39,41,123,47,110944],"class_list":["post-588792","post","type-post","status-publish","format-standard","has-post-thumbnail","category-rozrywka","tag-bottomfeed_styl","tag-celebryci","tag-entertainment","tag-gwalt","tag-jared_leto","tag-muzyka","tag-nat_styl","tag-omp","tag-pl","tag-poland","tag-polish","tag-polska","tag-polski","tag-rozrywka","tag-screening_general","tag-topbar_tst0"],"share_on_mastodon":{"url":"https:\/\/pubeurope.com\/@pl\/117006844450414241","error":""},"_links":{"self":[{"href":"https:\/\/www.europesays.com\/pl\/wp-json\/wp\/v2\/posts\/588792","targetHints":{"allow":["GET"]}}],"collection":[{"href":"https:\/\/www.europesays.com\/pl\/wp-json\/wp\/v2\/posts"}],"about":[{"href":"https:\/\/www.europesays.com\/pl\/wp-json\/wp\/v2\/types\/post"}],"author":[{"embeddable":true,"href":"https:\/\/www.europesays.com\/pl\/wp-json\/wp\/v2\/users\/2"}],"replies":[{"embeddable":true,"href":"https:\/\/www.europesays.com\/pl\/wp-json\/wp\/v2\/comments?post=588792"}],"version-history":[{"count":0,"href":"https:\/\/www.europesays.com\/pl\/wp-json\/wp\/v2\/posts\/588792\/revisions"}],"wp:featuredmedia":[{"embeddable":true,"href":"https:\/\/www.europesays.com\/pl\/wp-json\/wp\/v2\/media\/588793"}],"wp:attachment":[{"href":"https:\/\/www.europesays.com\/pl\/wp-json\/wp\/v2\/media?parent=588792"}],"wp:term":[{"taxonomy":"category","embeddable":true,"href":"https:\/\/www.europesays.com\/pl\/wp-json\/wp\/v2\/categories?post=588792"},{"taxonomy":"post_tag","embeddable":true,"href":"https:\/\/www.europesays.com\/pl\/wp-json\/wp\/v2\/tags?post=588792"}],"curies":[{"name":"wp","href":"https:\/\/api.w.org\/{rel}","templated":true}]}}