{"id":588890,"date":"2026-07-30T04:37:10","date_gmt":"2026-07-30T04:37:10","guid":{"rendered":"https:\/\/www.europesays.com\/pl\/588890\/"},"modified":"2026-07-30T04:37:10","modified_gmt":"2026-07-30T04:37:10","slug":"donald-trump-spelnil-grozbe-usa-ponownie-bombarduja-iran","status":"publish","type":"post","link":"https:\/\/www.europesays.com\/pl\/588890\/","title":{"rendered":"Donald Trump spe\u0142ni\u0142 gro\u017ab\u0119. USA ponownie bombarduj\u0105 Iran"},"content":{"rendered":"<p>W \u015brod\u0119 prezydent USA Donald Trump zagrozi\u0142, \u017ce ameryka\u0144skie si\u0142y przeprowadz\u0105 bardzo mocne uderzenie na Iran w odwecie za ira\u0144ski atak przeprowadzony minionej nocy na ameryka\u0144skie si\u0142y na Bliskim Wschodzie.<\/p>\n<p>Dalszy ci\u0105g artyku\u0142u pod materia\u0142em wideo<\/p>\n<p>Wojsko zapewni\u0142o, \u017ce wszystkie ira\u0144skie pociski zosta\u0142y str\u0105cone. Wed\u0142ug Axiosa Iran pr\u00f3bowa\u0142 zaatakowa\u0107 baz\u0119 USA w Jordanii. By\u0142 to pierwszy ira\u0144ski atak rakietowy na ameryka\u0144sk\u0105 baz\u0119 od pi\u0105tku, gdy Trump wstrzyma\u0142 codzienne ataki na cele w Iranie. Wcze\u015bniej USA bombardowa\u0142y Iran przez 13 nocy z rz\u0119du.<\/p>\n<p><a href=\"https:\/\/www.onet.pl\/\" title=\"Strona G\u0142\u00f3wna\" aria-label=\"Strona G\u0142\u00f3wna\" data-astro-prefetch=\"tap\" class=\"ods-a-logo-main-desktop\" rel=\"nofollow noopener\" target=\"_blank\"><img src=\"https:\/\/cdn.wiadomosci.onet.pl\/img\/Logo_desktop_Onet.svg\" class=\"ods-a-logo-main-desktop__image\" alt=\"Logo\" width=\"107\" height=\"60\" fetchpriority=\"high\" decoding=\"sync\" style=\"height:60px\"\/><\/a><\/p>\n<p class=\"ods-m-google-article__text\">Czytaj nas cz\u0119\u015bciej w Google<\/p>\n<p><a href=\"https:\/\/google.com\/preferences\/source?q=wiadomosci.onet.pl\" target=\"_blank\" rel=\"noopener noreferrer nofollow\" aria-label=\"Dodaj w Google\" title=\"Dodaj w Google\" class=\"ods-a-button ods-a-button__primary ods-a-button__default ods-a-button-l\">Dodaj w Google<\/a><\/p>\n<p>Trump podkre\u015bli\u0142, \u017ce zdecydowa\u0142 si\u0119 wstrzyma\u0107 uderzenia na ira\u0144skie cele, poniewa\u017c pa\u0144stwa po\u015brednicz\u0105ce w rozmowach poprosi\u0142y go, by da\u0142 negocjacjom kolejn\u0105 szans\u0119. Prezydent USA o\u015bwiadczy\u0142, \u017ce je\u015bli rozmowy z Iranem nie przynios\u0105 rezultatu, USA wr\u00f3c\u0105 do silnych dzia\u0142a\u0144 wojskowych.<\/p>\n<p>Doniesienia ameryka\u0144skich medi\u00f3w<\/p>\n<p>Wed\u0142ug dziennika &#8222;Wall Street Journal&#8221; Trump rozwa\u017ca, czy wznowi\u0107 zakrojone na szerok\u0105 skal\u0119 dzia\u0142ania bojowe przeciwko Iranowi. Gazeta podaje, \u017ce adm. Brad Cooper, stoj\u0105cy na czele Dow\u00f3dztwa Centralnego USA, przygotowa\u0142 plan obejmuj\u0105cy od 10 do 14 dni intensywnych nalot\u00f3w, kt\u00f3rych celem by\u0142oby powa\u017cne os\u0142abienie zdolno\u015bci rakietowych Iranu.<\/p>\n<p>Plan USA w cie\u015bninie Ormuz napotyka op\u00f3r Europy. &#8222;Trump jest g\u0142\u0119boko sfrustrowany&#8221;<img class=\"ods-a-photo ods-a-photo--background\" src=\"https:\/\/www.europesays.com\/pl\/wp-content\/uploads\/2026\/07\/urAk9lBaHR0cHM6Ly9vY2RuLmV1L3B1bHNjbXMvTURBXy9jZDE3YTFjMDNmZDhiNDY0OTQyNDBjNjBjYmJmMTRkMC5qcGeRlQLNA.jpeg\" height=\"300\" width=\"450\" alt=\"Prezydent USA Donald Trump i sekretarz obrony Pete Hegseth w bazie lotniczej Dover Air Force Base, 22 lipca 2026 r. \" loading=\"lazy\" fetchpriority=\"low\" decoding=\"async\"\/><\/p>\n<p>Jednocze\u015bnie przewodnicz\u0105cy Kolegium Po\u0142\u0105czonych Szef\u00f3w Sztab\u00f3w USA, genera\u0142 Dan Caine, wyrazi\u0142 obawy dotycz\u0105ce kurcz\u0105cych si\u0119 zapas\u00f3w ameryka\u0144skich pocisk\u00f3w przechwytuj\u0105cych wykorzystywanych przez systemy obrony przeciwlotniczej. Caine uwa\u017ca, \u017ce niskie zapasy pocisk\u00f3w przechwytuj\u0105cych nie uniemo\u017cliwi\u0142yby wznowienia zakrojonej na szerok\u0105 skal\u0119 operacji, ale zwi\u0119kszy\u0142yby zwi\u0105zane z ni\u0105 ryzyko \u2014 poinformowa\u0142y osoby zaznajomione ze spraw\u0105.<\/p>\n","protected":false},"excerpt":{"rendered":"W \u015brod\u0119 prezydent USA Donald Trump zagrozi\u0142, \u017ce ameryka\u0144skie si\u0142y przeprowadz\u0105 bardzo mocne uderzenie na Iran w odwecie&hellip;\n","protected":false},"author":2,"featured_media":588891,"comment_status":"","ping_status":"","sticky":false,"template":"","format":"standard","meta":{"footnotes":"","_share_on_mastodon":"0"},"categories":[14],"tags":[61195,32,33,44,27,663,34,35,28,31,48,25,46,40,41,47,80,6627,29,30,71,26,82,83,84],"class_list":["post-588890","post","type-post","status-publish","format-standard","has-post-thumbnail","category-swiat","tag-bottomfeed_styl","tag-breaking-news","tag-breakingnews","tag-donald_trump","tag-headlines","tag-iran","tag-latest-news","tag-latestnews","tag-naglowki","tag-najwazniejsze-artykuly","tag-nat_styl","tag-news","tag-omp","tag-polish","tag-polski","tag-screening_general","tag-swiat","tag-teheran","tag-top-stories","tag-topstories","tag-usa","tag-wiadomosci","tag-world","tag-world-news","tag-worldnews"],"share_on_mastodon":{"url":"","error":""},"_links":{"self":[{"href":"https:\/\/www.europesays.com\/pl\/wp-json\/wp\/v2\/posts\/588890","targetHints":{"allow":["GET"]}}],"collection":[{"href":"https:\/\/www.europesays.com\/pl\/wp-json\/wp\/v2\/posts"}],"about":[{"href":"https:\/\/www.europesays.com\/pl\/wp-json\/wp\/v2\/types\/post"}],"author":[{"embeddable":true,"href":"https:\/\/www.europesays.com\/pl\/wp-json\/wp\/v2\/users\/2"}],"replies":[{"embeddable":true,"href":"https:\/\/www.europesays.com\/pl\/wp-json\/wp\/v2\/comments?post=588890"}],"version-history":[{"count":0,"href":"https:\/\/www.europesays.com\/pl\/wp-json\/wp\/v2\/posts\/588890\/revisions"}],"wp:featuredmedia":[{"embeddable":true,"href":"https:\/\/www.europesays.com\/pl\/wp-json\/wp\/v2\/media\/588891"}],"wp:attachment":[{"href":"https:\/\/www.europesays.com\/pl\/wp-json\/wp\/v2\/media?parent=588890"}],"wp:term":[{"taxonomy":"category","embeddable":true,"href":"https:\/\/www.europesays.com\/pl\/wp-json\/wp\/v2\/categories?post=588890"},{"taxonomy":"post_tag","embeddable":true,"href":"https:\/\/www.europesays.com\/pl\/wp-json\/wp\/v2\/tags?post=588890"}],"curies":[{"name":"wp","href":"https:\/\/api.w.org\/{rel}","templated":true}]}}