{"id":588900,"date":"2026-07-30T04:45:13","date_gmt":"2026-07-30T04:45:13","guid":{"rendered":"https:\/\/www.europesays.com\/pl\/588900\/"},"modified":"2026-07-30T04:45:13","modified_gmt":"2026-07-30T04:45:13","slug":"rewolucja-w-widzewie-lodz-nie-kasa-nie-jakies-fanaberie-ujawniamy","status":"publish","type":"post","link":"https:\/\/www.europesays.com\/pl\/588900\/","title":{"rendered":"Rewolucja w Widzewie \u0141\u00f3d\u017a. &#8222;Nie kasa, nie jakie\u015b fanaberie&#8221;. Ujawniamy"},"content":{"rendered":"<p>Po przej\u0119ciu klubu Dobrzycki natychmiast zacz\u0105\u0142 wydawa\u0107 ogromne pieni\u0105dze. W kr\u00f3tkim okresie na transfery przeznaczono miliony euro, bito ligowe rekordy i oferowano zawodnikom wyj\u0105tkowo wysokie kontrakty. Do \u0141odzi trafi\u0142o wielu nowych pi\u0142karzy, ale za kosztown\u0105 rewolucj\u0105 nie posz\u0142y wyniki. Dru\u017cyna niemal do ko\u0144ca sezonu walczy\u0142a o utrzymanie w PKO BP Ekstraklasie. Ostatecznie, rzutem na ta\u015bm\u0119, uda\u0142o jej si\u0119 uratowa\u0107 przed degradacj\u0105.<\/p>\n<p>Nowy pion sportowy chce odej\u015b\u0107 od takiego modelu i mocniej stawia\u0107 na pi\u0142karzy, kt\u00f3rzy naprawd\u0119 widz\u0105 swoj\u0105 przysz\u0142o\u015b\u0107 w klubie z \u0141odzi. Przyk\u0142adem tej zmiany ma by\u0107 podej\u015bcie do Bukariego, cho\u0107 porz\u0105dkowanie kadry, jak twierdz\u0105 &#8222;Ofensywni&#8221;, jest problematyczne.<\/p>\n<p>\u2014 Chc\u0105 tych pi\u0142karzy, kt\u00f3rzy rzeczywi\u015bcie chc\u0105 by\u0107 w Widzewie. Nie kasa, nie jakie\u015b fanaberie, tylko przekonanie do tego projektu. Dlatego nie \u017ca\u0142owali Bukariego, cho\u0107 latem go odbudowali. Zacz\u0105\u0142 si\u0119 lepiej czu\u0107 w Widzewie \u2014 zaznaczy\u0142 Olkowicz.<\/p>\n<p>\u2014 W pierwszym tygodniu trening\u00f3w pokazywa\u0142, \u017ce nie za bardzo chce by\u0107 w tym miejscu, ale powiedzieli mu: zacznij broni\u0107, dobrze wypadaj w sparingach i albo powalczysz o miejsce u nas, bo nie jeste\u015b jeszcze spalony, albo kto\u015b si\u0119 tob\u0105 zainteresuje. I przekonali go. Gdyby zosta\u0142, to by Widzew nie p\u0142aka\u0142, ale zg\u0142osi\u0142a si\u0119 Crvena zvezda, zaproponowa\u0142a dobre warunki (&#8230;) Nie czuli w Widzewie, \u017ce on do ko\u0144ca chce by\u0107 w tym klubie. A oni nie chc\u0105 ju\u017c takich pi\u0142karzy. Tak by\u0142 budowany Widzew, \u017ce tacy zawodnicy w nim s\u0105 \u2014 podkre\u015bli\u0142.<\/p>\n<p>Andi Zeqiri nie chce odej\u015b\u0107 z Widzewa. &#8222;Za nic nie ruszy si\u0119 z \u0141odzi&#8221;<\/p>\n<p>Nast\u0119pnie poruszono temat Andiego Zeqiriego. Wed\u0142ug informacji Piotra Wo\u0142osika napastnik nie zamierza odchodzi\u0107, poniewa\u017c nigdzie indziej nie otrzyma r\u00f3wnie korzystnych warunk\u00f3w.<\/p>\n<p>\u2014 Ile\u015b miesi\u0119cy temu us\u0142ysza\u0142em z bardzo wiarygodnego \u017ar\u00f3d\u0142a, \u017ce Zeqiri powiedzia\u0142, \u017ce za nic nie ruszy si\u0119 z \u0141odzi, bo ma tak\u0105 pensj\u0119, \u017ce skrajnie nie op\u0142aca mu si\u0119 odchodzi\u0107. Niczego nie b\u0119dzie szuka\u0142 \u2014 ujawni\u0142.<\/p>\n<p><img class=\"ods-a-photo ods-a-photo--background\" src=\"https:\/\/www.europesays.com\/pl\/wp-content\/uploads\/2026\/07\/pswk9lBaHR0cHM6Ly9vY2RuLmV1L3B1bHNjbXMvTURBXy9mM2ZiMjYwNzFkZjMwYTljNjFkNjM0YTk0ZjczN2JjNC5qcGeRkwXNB.jpeg\" height=\"627\" width=\"940\" alt=\"Andi Zeqiri\" loading=\"lazy\" fetchpriority=\"auto\" decoding=\"auto\"\/><\/p>\n<p>Fot. Mikolaj Barbanell \/ Arena Akcji\/NEWSPIX.PL \/ newspix.pl<\/p>\n<p>Andi Zeqiri<\/p>\n<p>Wed\u0142ug wylicze\u0144 &#8222;Ofensywnych&#8221; klub do ko\u0144ca kontraktu musi mu zap\u0142aci\u0107 jeszcze ok. 4,5 mln euro, czyli blisko 20 mln z\u0142. \u2014 Dlatego, \u017ceby zrozumie\u0107 koncepcj\u0119 Widzewa: on nie chce ju\u017c podpisywa\u0107 takich kontrakt\u00f3w. Mario Garci\u0119 sprowadzono za du\u017co, du\u017co mniejsze pieni\u0105dze (&#8230;) Ale najpierw trzeba poczy\u015bci\u0107 te kontrakty \u2014 zaznaczy\u0142 Olkowicz.<\/p>\n<p>Na koniec pojawi\u0142 si\u0119 tak\u017ce temat Aleksandara Vukovicia. \u2014 Gdyby \u0141ukasz Mas\u0142owski mia\u0142 wybiera\u0107 z pi\u0119ciu trener\u00f3w, pewnie Vukovi\u0107 nie by\u0142by na pierwszym miejscu \u2014 stwierdzi\u0142 Olkowicz. \u2014 Pion sportowy gra jednak wobec niego fair. Nie szukaj\u0105 trenera, chc\u0105 mu da\u0107 szans\u0119 i odpowiednie narz\u0119dzia. Nie czekaj\u0105 tylko na jego potkni\u0119cie, \u017ceby go wyrzuci\u0107. Musi si\u0119 jednak wybroni\u0107 wynikami \u2014 podsumowa\u0142 dziennikarz.<\/p>\n","protected":false},"excerpt":{"rendered":"Po przej\u0119ciu klubu Dobrzycki natychmiast zacz\u0105\u0142 wydawa\u0107 ogromne pieni\u0105dze. W kr\u00f3tkim okresie na transfery przeznaczono miliony euro, bito&hellip;\n","protected":false},"author":2,"featured_media":588901,"comment_status":"","ping_status":"","sticky":false,"template":"","format":"standard","meta":{"footnotes":"","_share_on_mastodon":"0"},"categories":[52122],"tags":[56,61195,274,48,46,948,6010,752,42,38,40,39,41,9096,47,130,3469],"class_list":["post-588900","post","type-post","status-publish","format-standard","has-post-thumbnail","category-pko-bank-polski","tag-article_premium","tag-bottomfeed_styl","tag-ekstraklasa","tag-nat_styl","tag-omp","tag-pilka_nozna","tag-pko-bank-polski","tag-pko-bp","tag-pl","tag-poland","tag-polish","tag-polska","tag-polski","tag-robert_dobrzycki","tag-screening_general","tag-wiadomosci_sportowe","tag-widzew_lodz"],"share_on_mastodon":{"url":"https:\/\/pubeurope.com\/@pl\/117007111747323340","error":""},"_links":{"self":[{"href":"https:\/\/www.europesays.com\/pl\/wp-json\/wp\/v2\/posts\/588900","targetHints":{"allow":["GET"]}}],"collection":[{"href":"https:\/\/www.europesays.com\/pl\/wp-json\/wp\/v2\/posts"}],"about":[{"href":"https:\/\/www.europesays.com\/pl\/wp-json\/wp\/v2\/types\/post"}],"author":[{"embeddable":true,"href":"https:\/\/www.europesays.com\/pl\/wp-json\/wp\/v2\/users\/2"}],"replies":[{"embeddable":true,"href":"https:\/\/www.europesays.com\/pl\/wp-json\/wp\/v2\/comments?post=588900"}],"version-history":[{"count":0,"href":"https:\/\/www.europesays.com\/pl\/wp-json\/wp\/v2\/posts\/588900\/revisions"}],"wp:featuredmedia":[{"embeddable":true,"href":"https:\/\/www.europesays.com\/pl\/wp-json\/wp\/v2\/media\/588901"}],"wp:attachment":[{"href":"https:\/\/www.europesays.com\/pl\/wp-json\/wp\/v2\/media?parent=588900"}],"wp:term":[{"taxonomy":"category","embeddable":true,"href":"https:\/\/www.europesays.com\/pl\/wp-json\/wp\/v2\/categories?post=588900"},{"taxonomy":"post_tag","embeddable":true,"href":"https:\/\/www.europesays.com\/pl\/wp-json\/wp\/v2\/tags?post=588900"}],"curies":[{"name":"wp","href":"https:\/\/api.w.org\/{rel}","templated":true}]}}