{"id":589090,"date":"2026-07-30T06:48:02","date_gmt":"2026-07-30T06:48:02","guid":{"rendered":"https:\/\/www.europesays.com\/pl\/589090\/"},"modified":"2026-07-30T06:48:02","modified_gmt":"2026-07-30T06:48:02","slug":"wiadomosci-szczecin-to-ostatnie-dni-naboru-zbilk-czeka-na-wnioski-o-12-nowych-mieszkan-w-centrum-szczecina","status":"publish","type":"post","link":"https:\/\/www.europesays.com\/pl\/589090\/","title":{"rendered":"Wiadomo\u015bci Szczecin &#8211; To ostatnie dni naboru. ZBiLK czeka na wnioski o 12 nowych mieszka\u0144 w centrum Szczecina"},"content":{"rendered":"<p>Tylko do 31 lipca mo\u017cna sk\u0142ada\u0107 wnioski o udzia\u0142 w programie \u201eNowy Dom\u201d. Zarz\u0105d Budynk\u00f3w i Lokali Komunalnych prowadzi nab\u00f3r na wynajem 12 mieszka\u0144 przy ul. Boles\u0142awa \u015amia\u0142ego, przeznaczonych przede wszystkim dla os\u00f3b, kt\u00f3re chc\u0105 poprawi\u0107 swoje warunki mieszkaniowe, w szczeg\u00f3lno\u015bci senior\u00f3w oraz mieszka\u0144c\u00f3w budynk\u00f3w bez wind.<\/p>\n<p>\u00a0<\/p>\n<p style=\"text-align:justify\">\u00a0<\/p>\n<p style=\"text-align:justify\">Program \u201eNowy Dom\u201d skierowany jest do najemc\u00f3w lokali nale\u017c\u0105cych do Miasta Szczecin oraz TBS, kt\u00f3rzy chc\u0105 poprawi\u0107 swoje warunki mieszkaniowe. W szczeg\u00f3lno\u015bci adresowany jest do os\u00f3b mieszkaj\u0105cych na wy\u017cszych pi\u0119trach budynk\u00f3w bez wind, dla kt\u00f3rych \u2013 ze wzgl\u0119du na wiek (60+) lub stan zdrowia \u2013 codzienne funkcjonowanie i zaspokajanie podstawowych potrzeb staje si\u0119 lub wkr\u00f3tce mo\u017ce sta\u0107 si\u0119 utrudnione.<\/p>\n<p style=\"text-align:justify\">\u00a0<\/p>\n<p>Jakie warunki trzeba spe\u0142ni\u0107, aby wzi\u0105\u0107 udzia\u0142 w naborze?<\/p>\n<p>\u00a0<\/p>\n<p style=\"text-align:justify\">Nab\u00f3r do programu potrwa do 31 lipca br. Warunkiem udzia\u0142u w programie jest:<\/p>\n<p>&#13;<br \/>\n\tnale\u017cyty stan techniczny zajmowanego obecnie lokalu, umo\u017cliwiaj\u0105cy jego natychmiastowe ponowne zasiedlenie;&#13;<br \/>\n\tbrak zaleg\u0142o\u015bci w okresie ostatnich 24 miesi\u0119cy za okres d\u0142u\u017cszy ni\u017c dwa pe\u0142ne okresy;&#13;<br \/>\n\tu\u017cytkowanie wynajmowanego lokalu przy poszanowaniu zasad wsp\u00f3\u0142\u017cycia spo\u0142ecznego oraz porz\u0105dku domowego, dba\u0142o\u015b\u0107 o stan techniczny i sanitarny cz\u0119\u015bci wsp\u00f3lnych;&#13;<br \/>\n\tsytuacja finansowa uniemo\u017cliwiaj\u0105ca wynajem lokalu na zasadach czynszu tbsowskiego lub czynszu na wolnym rynku, lub na nabycie mieszkania na w\u0142asno\u015b\u0107;&#13;<br \/>\n\twysoko\u015b\u0107 miesi\u0119czna dochod\u00f3w gospodarstwa domowego nie przekraczaj\u0105ca prog\u00f3w dochodowych uniemo\u017cliwiaj\u0105cych bie\u017c\u0105ce wnoszenie op\u0142at z tytu\u0142u lokalu i nie kwalifikuje do wynajmu lokalu mieszkalnego na zasadach czynszu tbsowskiego.&#13;<\/p>\n<p style=\"text-align:justify\">\u00a0<\/p>\n<p style=\"text-align:justify\">W przypadku najemc\u00f3w ubiegaj\u0105cych si\u0119 o zamian\u0119 lokalu z uwagi na jego po\u0142o\u017cenie na wy\u017cszej kondygnacji i braku windy pierwsze\u0144stwo udzia\u0142u w programie maj\u0105 wnioski os\u00f3b, kt\u00f3rych gospodarstwo domowe sk\u0142ada si\u0119 wy\u0142\u0105cznie z os\u00f3b, kt\u00f3re maj\u0105 uko\u0144czone 60 lat.<\/p>\n<p style=\"text-align:justify\">\u00a0<\/p>\n<p style=\"text-align:justify\">O inwestycji. Zrealizowana przez Szczeci\u0144skie TBS inwestycja obj\u0119\u0142a budow\u0119 i przebudow\u0119 3 oficyn mieszkalnych przy ul. B. \u015amia\u0142ego 34A, 35A i 36A wraz z zagospodarowaniem podw\u00f3rza wewn\u0119trznego i wykonaniem niezb\u0119dnej infrastruktury.\u00a0 Na ponad 2 tys. metr\u00f3w kwadratowych powsta\u0142o tu 41 mieszka\u0144, dwu, trzy i jednopokojowych, w tym 18 lokali zlokalizowanych w budynku przy ul. B. \u015amia\u0142ego 34A przystosowanych dla os\u00f3b z niepe\u0142nosprawno\u015bci\u0105 ruchow\u0105 (poruszaj\u0105cych si\u0119 na w\u00f3zkach inwalidzkich), 12 lokali zlokalizowanych w budynku przy ul. B. \u015amia\u0142ego 36A (Program Nowy Dom) oraz 11 lokali w budynku przy ul. Bol. \u015amia\u0142ego 35A, gdzie zamieszkali ju\u017c lokatorzy mieszka\u0144 wynaj\u0119tych w systemie partycypacji. Ka\u017cdy z budynk\u00f3w zosta\u0142 wyposa\u017cony w wind\u0119 oraz kom\u00f3rki lokatorskie. Mieszkania wyko\u0144czone zosta\u0142y pod klucz.\u00a0 Inwestycja zosta\u0142a sfinansowana dzi\u0119ki zaanga\u017cowaniu \u015brodk\u00f3w w\u0142asnych STBS, kredytu EBI w wysoko\u015bci 8\u00a0500\u00a0000 z\u0142, partycypacji os\u00f3b fizycznych\u00a0oraz wsparciu z bud\u017cetu Miasta Szczecin w formie\u00a0finansowania zewn\u0119trznego z Funduszu Dop\u0142at. Przestrze\u0144 zaprojektowa\u0142a Pracownia Projektowa Atrium ze Szczecina. Inwestycj\u0119 zrealizowa\u0142o Szczeci\u0144skie TBS. Wykonawca prac: Przedsi\u0119biorstwo Wielobran\u017cowe \u201eEBUD\u201d &#8211; Przemys\u0142\u00f3wka Sp. z o.o.<\/p>\n<p style=\"text-align:justify\">\u00a0<\/p>\n<p style=\"text-align:justify\">\u0141\u0105czny koszt realizacji inwestycji wyni\u00f3s\u0142 28\u00a0688\u00a0025 z\u0142.<\/p>\n<p style=\"text-align:justify\">\u00a0<\/p>\n<p style=\"text-align:justify\">Dowiedz si\u0119 wi\u0119cej na stronie:\u00a0<a href=\"https:\/\/zbilk.szczecin.pl\/indexam.php?type=article&amp;action=view&amp;id=4285\" target=\"_blank\" rel=\"nofollow noopener\">Program Nowy Dom<\/a><\/p>\n<p>\u00a0<\/p>\n<p>\u00a0<\/p>\n","protected":false},"excerpt":{"rendered":"Tylko do 31 lipca mo\u017cna sk\u0142ada\u0107 wnioski o udzia\u0142 w programie \u201eNowy Dom\u201d. Zarz\u0105d Budynk\u00f3w i Lokali Komunalnych&hellip;\n","protected":false},"author":2,"featured_media":589091,"comment_status":"","ping_status":"","sticky":false,"template":"","format":"standard","meta":{"footnotes":"","_share_on_mastodon":"0"},"categories":[51611],"tags":[116340,116342,116341,116338,116337,116345,8736,116339,116336,42,38,40,39,41,116344,116335,5121,2307,108185,116343,116056],"class_list":["post-589090","post","type-post","status-publish","format-standard","has-post-thumbnail","category-szczecin","tag-boleslawa-smialego-szczecin","tag-lokale-komunalne-szczecin","tag-mieszkania-dla-seniorow-szczecin","tag-mieszkania-komunalne-szczecin","tag-mieszkania-szczecin","tag-mieszkania-z-winda-szczecin","tag-mieszkanie","tag-nabor-mieszkan-szczecin","tag-nowy-dom-szczecin","tag-pl","tag-poland","tag-polish","tag-polska","tag-polski","tag-poprawa-warunkow-mieszkaniowych","tag-program-nowy-dom","tag-seniorzy","tag-szczecin","tag-szczecinskie-tbs","tag-wynajem-mieszkan-szczecin","tag-zbilk-szczecin"],"share_on_mastodon":{"url":"","error":"Validation failed: Text character limit of 500 exceeded"},"_links":{"self":[{"href":"https:\/\/www.europesays.com\/pl\/wp-json\/wp\/v2\/posts\/589090","targetHints":{"allow":["GET"]}}],"collection":[{"href":"https:\/\/www.europesays.com\/pl\/wp-json\/wp\/v2\/posts"}],"about":[{"href":"https:\/\/www.europesays.com\/pl\/wp-json\/wp\/v2\/types\/post"}],"author":[{"embeddable":true,"href":"https:\/\/www.europesays.com\/pl\/wp-json\/wp\/v2\/users\/2"}],"replies":[{"embeddable":true,"href":"https:\/\/www.europesays.com\/pl\/wp-json\/wp\/v2\/comments?post=589090"}],"version-history":[{"count":0,"href":"https:\/\/www.europesays.com\/pl\/wp-json\/wp\/v2\/posts\/589090\/revisions"}],"wp:featuredmedia":[{"embeddable":true,"href":"https:\/\/www.europesays.com\/pl\/wp-json\/wp\/v2\/media\/589091"}],"wp:attachment":[{"href":"https:\/\/www.europesays.com\/pl\/wp-json\/wp\/v2\/media?parent=589090"}],"wp:term":[{"taxonomy":"category","embeddable":true,"href":"https:\/\/www.europesays.com\/pl\/wp-json\/wp\/v2\/categories?post=589090"},{"taxonomy":"post_tag","embeddable":true,"href":"https:\/\/www.europesays.com\/pl\/wp-json\/wp\/v2\/tags?post=589090"}],"curies":[{"name":"wp","href":"https:\/\/api.w.org\/{rel}","templated":true}]}}