{"id":589284,"date":"2026-07-30T08:38:06","date_gmt":"2026-07-30T08:38:06","guid":{"rendered":"https:\/\/www.europesays.com\/pl\/589284\/"},"modified":"2026-07-30T08:38:06","modified_gmt":"2026-07-30T08:38:06","slug":"julia-wieniawa-potwierdzila-plotki-wystarczyly-dwa-slowa","status":"publish","type":"post","link":"https:\/\/www.europesays.com\/pl\/589284\/","title":{"rendered":"Julia Wieniawa potwierdzi\u0142a plotki. Wystarczy\u0142y dwa s\u0142owa"},"content":{"rendered":"<p>Julia Wieniawa nie narzeka na brak zainteresowania p\u0142ci przeciwnej, a za sob\u0105 ma zwi\u0105zki m.in. z Antonim Kr\u00f3likowskim, Baronem i Nikodemem Rozbickim. Wiele m\u00f3wi\u0142o si\u0119 te\u017c o jej zwi\u0105zku z Tymoteuszem Puchaczem, a ostatnio z graczem Motoru Lublin.<\/p>\n<p>Dalszy ci\u0105g artyku\u0142u pod materia\u0142em wideoJulia Wieniawa zn\u00f3w jest singielk\u0105<a href=\"https:\/\/przegladsportowy.onet.pl\/\" title=\"Strona g\u0142\u00f3wna serwisu\" aria-label=\"Strona g\u0142\u00f3wna serwisu\" data-astro-prefetch=\"tap\" class=\"ods-a-logo-main-desktop\" rel=\"nofollow noopener\" target=\"_blank\"><img src=\"https:\/\/cdn.przegladsportowy.onet.pl\/img\/Logo_desktop_Onet.svg\" class=\"ods-a-logo-main-desktop__image\" alt=\"Logo\" width=\"107\" height=\"60\" fetchpriority=\"high\" decoding=\"sync\" style=\"height:60px\"\/><\/a><\/p>\n<p class=\"ods-m-google-article__text\">Czytaj nas cz\u0119\u015bciej w Google<\/p>\n<p><a href=\"https:\/\/google.com\/preferences\/source?q=przegladsportowy.onet.pl\" target=\"_blank\" rel=\"noopener noreferrer nofollow\" aria-label=\"Dodaj w Google\" title=\"Dodaj w Google\" class=\"ods-a-button ods-a-button__primary ods-a-button__default ods-a-button-l\">Dodaj w Google<\/a><\/p>\n<p>\u2014 Informacja, jak\u0105 otrzymali\u015bmy od Herve, jest taka, \u017ce tego zwi\u0105zku ju\u017c nie ma \u2014 powiedzia\u0142 Veljko Nikitovi\u0107.<\/p>\n<p>Teraz Julia Wieniawa jasno zaznaczy\u0142a, \u017ce jest w swojej &#8222;singiel erze&#8221;. Na antenie RMF FM 27-latka zosta\u0142a zapytana o najbardziej absurdaln\u0105 plotk\u0119, jak\u0105 us\u0142ysza\u0142a na sw\u00f3j temat \u2014 wspomnia\u0142a o doniesieniach o rzekomym m\u0119\u017cu i podw\u00f3jnym nazwisku. Zaznaczy\u0142a te\u017c, \u017ce obecnie nie jest w \u017cadnym zwi\u0105zku.<\/p>\n<p>\u2014 \u017be mia\u0142am m\u0119\u017ca i dlatego mam podw\u00f3jne nazwisko. Straszna bzdura&#8230; Single era! \u2014 powiedzia\u0142a Wieniawa, zostawiaj\u0105c niewiele miejsca na domys\u0142y.<\/p>\n","protected":false},"excerpt":{"rendered":"Julia Wieniawa nie narzeka na brak zainteresowania p\u0142ci przeciwnej, a za sob\u0105 ma zwi\u0105zki m.in. z Antonim Kr\u00f3likowskim,&hellip;\n","protected":false},"author":2,"featured_media":589285,"comment_status":"","ping_status":"","sticky":false,"template":"","format":"standard","meta":{"footnotes":"","_share_on_mastodon":"0"},"categories":[52122],"tags":[61195,1654,48,129,46,948,6010,752,42,38,40,39,41,47,11971,130],"class_list":["post-589284","post","type-post","status-publish","format-standard","has-post-thumbnail","category-pko-bank-polski","tag-bottomfeed_styl","tag-julia_wieniawa","tag-nat_styl","tag-ofsajd","tag-omp","tag-pilka_nozna","tag-pko-bank-polski","tag-pko-bp","tag-pl","tag-poland","tag-polish","tag-polska","tag-polski","tag-screening_general","tag-wags","tag-wiadomosci_sportowe"],"share_on_mastodon":{"url":"","error":""},"_links":{"self":[{"href":"https:\/\/www.europesays.com\/pl\/wp-json\/wp\/v2\/posts\/589284","targetHints":{"allow":["GET"]}}],"collection":[{"href":"https:\/\/www.europesays.com\/pl\/wp-json\/wp\/v2\/posts"}],"about":[{"href":"https:\/\/www.europesays.com\/pl\/wp-json\/wp\/v2\/types\/post"}],"author":[{"embeddable":true,"href":"https:\/\/www.europesays.com\/pl\/wp-json\/wp\/v2\/users\/2"}],"replies":[{"embeddable":true,"href":"https:\/\/www.europesays.com\/pl\/wp-json\/wp\/v2\/comments?post=589284"}],"version-history":[{"count":0,"href":"https:\/\/www.europesays.com\/pl\/wp-json\/wp\/v2\/posts\/589284\/revisions"}],"wp:featuredmedia":[{"embeddable":true,"href":"https:\/\/www.europesays.com\/pl\/wp-json\/wp\/v2\/media\/589285"}],"wp:attachment":[{"href":"https:\/\/www.europesays.com\/pl\/wp-json\/wp\/v2\/media?parent=589284"}],"wp:term":[{"taxonomy":"category","embeddable":true,"href":"https:\/\/www.europesays.com\/pl\/wp-json\/wp\/v2\/categories?post=589284"},{"taxonomy":"post_tag","embeddable":true,"href":"https:\/\/www.europesays.com\/pl\/wp-json\/wp\/v2\/tags?post=589284"}],"curies":[{"name":"wp","href":"https:\/\/api.w.org\/{rel}","templated":true}]}}