{"id":589292,"date":"2026-07-30T08:42:17","date_gmt":"2026-07-30T08:42:17","guid":{"rendered":"https:\/\/www.europesays.com\/pl\/589292\/"},"modified":"2026-07-30T08:42:17","modified_gmt":"2026-07-30T08:42:17","slug":"nagranie-z-miejsca-upadku-pocisku-na-lubelszczyznie-wielki-krater-na-polu","status":"publish","type":"post","link":"https:\/\/www.europesays.com\/pl\/589292\/","title":{"rendered":"Nagranie z miejsca upadku pocisku na Lubelszczy\u017anie. Wielki krater na polu"},"content":{"rendered":"<p>\u2014 Stra\u017cacy zabezpieczaj\u0105 krater, kt\u00f3ry znaleziono w czwartek rano w miejscowo\u015bci Tarnawa-Kolonia (woj. lubelskie) \u2014 m\u00f3wi rzecznik Lubelskiego Komendanta Wojew\u00f3dzkiego PSP kpt. Tomasz Stachyra. Wcze\u015bniej s\u0142u\u017cby otrzyma\u0142y zg\u0142oszenie o wybuchu.<\/p>\n<p>Dalszy ci\u0105g artyku\u0142u pod materia\u0142em wideoHuk i krater na Lubelszczy\u017anie<a href=\"https:\/\/www.onet.pl\/\" title=\"Strona G\u0142\u00f3wna\" aria-label=\"Strona G\u0142\u00f3wna\" data-astro-prefetch=\"tap\" class=\"ods-a-logo-main-desktop\" rel=\"nofollow noopener\" target=\"_blank\"><img src=\"https:\/\/cdn.wiadomosci.onet.pl\/img\/Logo_desktop_Onet.svg\" class=\"ods-a-logo-main-desktop__image\" alt=\"Logo\" width=\"107\" height=\"60\" fetchpriority=\"high\" decoding=\"sync\" style=\"height:60px\"\/><\/a><\/p>\n<p class=\"ods-m-google-article__text\">Czytaj nas cz\u0119\u015bciej w Google<\/p>\n<p><a href=\"https:\/\/google.com\/preferences\/source?q=wiadomosci.onet.pl\" target=\"_blank\" rel=\"noopener noreferrer nofollow\" aria-label=\"Dodaj w Google\" title=\"Dodaj w Google\" class=\"ods-a-button ods-a-button__primary ods-a-button__default ods-a-button-l\">Dodaj w Google<\/a><\/p>\n<p>Dow\u00f3dztwo Operacyjne rodzaj\u00f3w Si\u0142 Zbrojnych poinformowa\u0142o, \u017ce w czwartek o godz. 3.40 w polskiej przestrzeni powietrznej wykryto niezidentyfikowany obiekt. Dla jego rozpoznania i przechwycenia skierowano my\u015bliwiec F-16. O godz. 3.46 obiekt znikn\u0105\u0142 z radar\u00f3w.<\/p>\n<p><img class=\"ods-a-photo ods-a-photo--background\" src=\"https:\/\/www.europesays.com\/pl\/wp-content\/uploads\/2026\/07\/dpLk9lBaHR0cHM6Ly9vY2RuLmV1L3B1bHNjbXMvTURBXy9iYzQzZjE4OGVkZjM0YjY4MDU4ZTA4N2JiMzJmZjhmNS5qcGeSlQMAA.jpeg\" height=\"705\" width=\"940\" alt=\"Krater w miejscowo\u015bci Tarnawa-Kolonia na Lubelszczy\u017anie\" loading=\"lazy\" fetchpriority=\"auto\" decoding=\"auto\"\/><\/p>\n<p>Onet<\/p>\n<p>Krater w miejscowo\u015bci Tarnawa-Kolonia na Lubelszczy\u017anie<\/p>\n<p>Prawdopodobne miejsce jego upadku zlokalizowano w pobli\u017cu miejscowo\u015bci Tarnawa-Kolonia w wojew\u00f3dztwie lubelskim. Wed\u0142ug Ukrainy by\u0142 to rosyjski pocisk manewruj\u0105cy Ch-101.<\/p>\n<p><img class=\"ods-a-photo ods-a-photo--background\" src=\"https:\/\/www.europesays.com\/pl\/wp-content\/uploads\/2026\/07\/Ngzk9lBaHR0cHM6Ly9vY2RuLmV1L3B1bHNjbXMvTURBXy81NWYyMWY5NmViMDhhNGJiMGIzMzUxMWE5MmI3YzJiYy5qcGeSlQMAA.jpeg\" height=\"800\" width=\"600\" alt=\"Krater w miejscowo\u015bci Tarnawa-Kolonia na Lubelszczy\u017anie\" loading=\"lazy\" fetchpriority=\"auto\" decoding=\"auto\"\/><\/p>\n<p>Onet<\/p>\n<p>Krater w miejscowo\u015bci Tarnawa-Kolonia na Lubelszczy\u017anie<\/p>\n<p>\u2014 Zbudzi\u0142 nas szum \u2014 s\u0142ycha\u0107 by\u0142o, \u017ce co\u015b leci bardzo nisko. Spojrza\u0142am na zegarek \u2014 by\u0142a 3.47. Potem us\u0142yszeli\u015bmy ogromny huk i wydawa\u0142o mi si\u0119, jakby co\u015b si\u0119 rozpad\u0142o w powietrzu. To nie brzmia\u0142o jak burza. M\u0105\u017c wyszed\u0142 zobaczy\u0107, co si\u0119 sta\u0142o. Okaza\u0142o si\u0119, \u017ce co\u015b spad\u0142o na polu uprawnym niedaleko naszych zabudowa\u0144 i st\u0105d wielki wybuch. Szybko rozleg\u0142y si\u0119 syreny i na miejsce przyjechali stra\u017cacy z OSP. S\u0142ycha\u0107 te\u017c by\u0142o lataj\u0105ce nad g\u0142owami samoloty i \u015bmig\u0142owce \u2014 powiedzia\u0142a w rozmowie z Onetem osoba mieszkaj\u0105ca kilometr od miejsca zdarzenia.<\/p>\n","protected":false},"excerpt":{"rendered":"\u2014 Stra\u017cacy zabezpieczaj\u0105 krater, kt\u00f3ry znaleziono w czwartek rano w miejscowo\u015bci Tarnawa-Kolonia (woj. lubelskie) \u2014 m\u00f3wi rzecznik Lubelskiego&hellip;\n","protected":false},"author":2,"featured_media":589293,"comment_status":"","ping_status":"","sticky":false,"template":"","format":"standard","meta":{"footnotes":"","_share_on_mastodon":"0"},"categories":[51612],"tags":[61195,76,16367,1081,48,46,42,38,40,39,41,8250,87,47,415,392],"class_list":["post-589292","post","type-post","status-publish","format-standard","has-post-thumbnail","category-lublin","tag-bottomfeed_styl","tag-inwazja_rosji_na_ukraine","tag-lubelskie_wojewodztwo","tag-lublin","tag-nat_styl","tag-omp","tag-pl","tag-poland","tag-polish","tag-polska","tag-polski","tag-rcb","tag-rosja","tag-screening_general","tag-ukraina","tag-wojewodztwo_lubelskie"],"share_on_mastodon":{"url":"https:\/\/pubeurope.com\/@pl\/117008043957122615","error":""},"_links":{"self":[{"href":"https:\/\/www.europesays.com\/pl\/wp-json\/wp\/v2\/posts\/589292","targetHints":{"allow":["GET"]}}],"collection":[{"href":"https:\/\/www.europesays.com\/pl\/wp-json\/wp\/v2\/posts"}],"about":[{"href":"https:\/\/www.europesays.com\/pl\/wp-json\/wp\/v2\/types\/post"}],"author":[{"embeddable":true,"href":"https:\/\/www.europesays.com\/pl\/wp-json\/wp\/v2\/users\/2"}],"replies":[{"embeddable":true,"href":"https:\/\/www.europesays.com\/pl\/wp-json\/wp\/v2\/comments?post=589292"}],"version-history":[{"count":0,"href":"https:\/\/www.europesays.com\/pl\/wp-json\/wp\/v2\/posts\/589292\/revisions"}],"wp:featuredmedia":[{"embeddable":true,"href":"https:\/\/www.europesays.com\/pl\/wp-json\/wp\/v2\/media\/589293"}],"wp:attachment":[{"href":"https:\/\/www.europesays.com\/pl\/wp-json\/wp\/v2\/media?parent=589292"}],"wp:term":[{"taxonomy":"category","embeddable":true,"href":"https:\/\/www.europesays.com\/pl\/wp-json\/wp\/v2\/categories?post=589292"},{"taxonomy":"post_tag","embeddable":true,"href":"https:\/\/www.europesays.com\/pl\/wp-json\/wp\/v2\/tags?post=589292"}],"curies":[{"name":"wp","href":"https:\/\/api.w.org\/{rel}","templated":true}]}}