{"id":590392,"date":"2026-07-30T19:14:19","date_gmt":"2026-07-30T19:14:19","guid":{"rendered":"https:\/\/www.europesays.com\/pl\/590392\/"},"modified":"2026-07-30T19:14:19","modified_gmt":"2026-07-30T19:14:19","slug":"bedzie-referendum-w-sprawie-odwolania-trzaskowskiego-ruszyla-zbiorka-podpisow","status":"publish","type":"post","link":"https:\/\/www.europesays.com\/pl\/590392\/","title":{"rendered":"B\u0119dzie referendum w sprawie odwo\u0142ania Trzaskowskiego? Ruszy\u0142a zbi\u00f3rka podpis\u00f3w"},"content":{"rendered":"<p>\u2014 Urodzi\u0142em si\u0119 tu, wi\u0119c zale\u017cy mi g\u0142\u0119boko na Warszawie, \u017ceby to faktycznie by\u0142o miasto na miar\u0119 stolicy wa\u017cnego, europejskiego pa\u0144stwa. Gdy widz\u0119 tego typu, nomen omen, patologie jak w Szpitalu Po\u0142udniowym, to diagnozuj\u0119 je nie jako jaki\u015b jednostkowy przyk\u0142ad, tylko jako wierzcho\u0142ek g\u00f3ry lodowej. Znak, \u017ce pewne kluczowe procesy w mie\u015bcie nie funkcjonuj\u0105 \u2014 <a href=\"https:\/\/wiadomosci.onet.pl\/warszawa\/maciej-wilk-chce-referendum-w-sprawie-trzaskowskiego-bedzie-zbieral-podpisy\/k7vqx37\" id=\"0d65c076-8800-46a8-a331-8f15563d8054\" rel=\"nofollow noopener\" target=\"_blank\">m\u00f3wi\u0142 kilka dni temu w wywiadzie dla Onetu Maciej Wilk<\/a>.Maj\u0105 60 dni na zebranie ponad 130 tys. podpis\u00f3w<a href=\"https:\/\/www.onet.pl\/\" title=\"Strona G\u0142\u00f3wna\" aria-label=\"Strona G\u0142\u00f3wna\" data-astro-prefetch=\"tap\" class=\"ods-a-logo-main-desktop\" rel=\"nofollow noopener\" target=\"_blank\"><img src=\"https:\/\/cdn.wiadomosci.onet.pl\/img\/Logo_desktop_Onet.svg\" class=\"ods-a-logo-main-desktop__image\" alt=\"Logo\" width=\"107\" height=\"60\" fetchpriority=\"high\" decoding=\"sync\" style=\"height:60px\"\/><\/a><\/p>\n<p class=\"ods-m-google-article__text\">Czytaj nas cz\u0119\u015bciej w Google<\/p>\n<p><a href=\"https:\/\/google.com\/preferences\/source?q=wiadomosci.onet.pl\" target=\"_blank\" rel=\"noopener noreferrer nofollow\" aria-label=\"Dodaj w Google\" title=\"Dodaj w Google\" class=\"ods-a-button ods-a-button__primary ods-a-button__default ods-a-button-l\">Dodaj w Google<\/a><\/p>\n<p>\u2014 Co\u015b mi si\u0119 po tym skandalu w szpitalu ula\u0142o. Jestem \u015bwiadom tego, jak mocny jest establishment warszawski. Ale je\u017celi w tym momencie nie da si\u0119 zrobi\u0107 czego\u015b, \u017ceby t\u0119 sytuacj\u0119 jako\u015b pchn\u0105\u0107 ku poprawie, to ju\u017c chyba nigdy nie damy rady \u2014 doda\u0142.<\/p>\n<p>To on chce referendum w sprawie odwo\u0142ania Rafa\u0142a Trzaskowskiego. &#8222;Nie jestem ukryt\u0105 opcj\u0105 PiS&#8221;<img class=\"ods-a-photo ods-a-photo--background\" src=\"https:\/\/www.europesays.com\/pl\/wp-content\/uploads\/2026\/07\/iuak9lBaHR0cHM6Ly9vY2RuLmV1L3B1bHNjbXMvTURBXy80NDc1NmY1NjNhMzQ2ZGU5N2Q5YzNiNTc2NDMyODUzOS5qcGeRlQLNA.jpeg\" height=\"338\" width=\"450\" alt=\"Maciej Wilk\" loading=\"lazy\" fetchpriority=\"low\" decoding=\"async\"\/><\/p>\n<p>To on jest inicjatorem akcji, kt\u00f3ra ma na celu zorganizowanie referendum w Warszawie. Na wz\u00f3r tego, kt\u00f3re odby\u0142o si\u0119 niedawno w Krakowie. Skupieni wok\u00f3\u0142 niego aktywi\u015bci chc\u0105 odwo\u0142ania Rafa\u0142a Trzaskowskiego ze stanowiska prezydenta stolicy. Zamierzaj\u0105 te\u017c d\u0105\u017cy\u0107 do tego, \u017ceby rozwi\u0105zana zosta\u0142a r\u00f3wnie\u017c Rada m.st. Warszawy.<\/p>\n<p>Dalszy ci\u0105g artyku\u0142u pod materia\u0142em wideo<\/p>\n<p>Dzi\u015b rano Maciej Wilk z\u0142o\u017cy\u0142 w sto\u0142ecznym ratuszu oraz u komisarza wyborczego zawiadomienie o swoim przedsi\u0119wzi\u0119ciu. By referendum w og\u00f3le si\u0119 odby\u0142o, musi zebra\u0107 przynajmniej 132 tys. wa\u017cnych podpis\u00f3w. Ma na to 60 dni. Do udzia\u0142u w akcji zg\u0142osi\u0142o si\u0119 kilkuset wolontariuszy, kt\u00f3rzy od dzi\u015b b\u0119d\u0105 zbiera\u0107 podpisy w 15 punktach rozlokowanych w 10 dzielnicach. Docelowo ma by\u0107 ich 30. Akcja potrwa do 28 wrze\u015bnia.<\/p>\n<p>Nast\u0119pnie jest 30 dni na weryfikacj\u0119 podpis\u00f3w i og\u0142oszenie, \u017ce referendum si\u0119 odb\u0119dzie. To si\u0119 mo\u017ce wydarzy\u0107 pod koniec pa\u017adziernika. Zak\u0142adaj\u0105c oczywi\u015bcie, \u017ce uda si\u0119 zebra\u0107 wymagan\u0105 liczb\u0119 g\u0142os\u00f3w.<\/p>\n<p>Kiedy mia\u0142oby si\u0119 odby\u0107 referendum?<\/p>\n<p>\u2014 P\u00f3\u017aniej jest do 50 dni, \u017ceby og\u0142osi\u0107 i zorganizowa\u0107 g\u0142osowanie. Wi\u0119c referendum odby\u0142oby si\u0119 w pierwszej po\u0142owie grudnia \u2014 wylicza Maciej Wilk.<\/p>\n<p>Ze statystyk wynika, \u017ce wymagane 3\/5 wyborc\u00f3w z tych, kt\u00f3rzy g\u0142osowali w Warszawie w poprzednich wyborach samorz\u0105dowych, to blisko 467 tys. os\u00f3b. Tyle os\u00f3b musia\u0142oby wzi\u0105\u0107 udzia\u0142 w referendum, \u017ceby w og\u00f3le by\u0142o wa\u017cne.<\/p>\n<p>Maciej Wilk to dzia\u0142acz spo\u0142eczny i aktywista, szef Stowarzyszenia &#8222;Tak dla CPK&#8221;. Jest mened\u017cerem lotniczym. Przez blisko 10 lat pracowa\u0142 w Liniach Lotniczych LOT, a w latach 2023-2026 by\u0142 prezesem kanadyjskich linii lotniczych Flair Airlines. Jest prezesem Fundacji Polskiego Rozwoju, a inne jego inicjatywy to &#8222;Tak dla obywateli&#8221;, w kt\u00f3rej postuluje ograniczenie liczby pos\u0142\u00f3w i likwidacj\u0119 Senatu oraz &#8222;Tak dla uczciwo\u015bci&#8221; \u2014 zbiera podpisy pod petycj\u0105 do Sejmu o ograniczenie przywilej\u00f3w parlamentarzyst\u00f3w.<\/p>\n<p>Swoj\u0105 najnowsz\u0105 inicjatyw\u0119 nazwa\u0142 Sto\u0142eczn\u0105 Operacj\u0105 Referendaln\u0105 \u2014 w skr\u00f3cie SOR, co ma nawi\u0105zywa\u0107 do afery na SOR w Szpitalu Po\u0142udniowym. \u2014 Przyznaj\u0119, \u017ce szukali\u015bmy chwytliwej nazwy dla naszej inicjatywy. My\u015bl\u0119, \u017ce si\u0119 uda\u0142o. To taki skr\u00f3t, gra s\u0142\u00f3w, ale temat jak najbardziej powa\u017cny. Inicjatywa jest zupe\u0142nie spontaniczna i oddolna \u2014 zapewnia\u0142 w wywiadzie dla Onetu.<\/p>\n<p>Ela wszystko rozumie<img class=\"ods-a-photo ods-a-photo--background\" src=\"https:\/\/www.europesays.com\/pl\/wp-content\/uploads\/2026\/07\/HeIk9lBaHR0cHM6Ly9vY2RuLmV1L3B1bHNjbXMvTURBXy9hNTZmN2JjMmRmZTYxNzZhNDlkYTU5MmRjMDQ5MjY0YS5wbmeRlQLNA.jpeg\" height=\"300\" width=\"450\" alt=\"Ela wszystko rozumie\" loading=\"lazy\" fetchpriority=\"low\" decoding=\"async\"\/><\/p>\n","protected":false},"excerpt":{"rendered":"\u2014 Urodzi\u0142em si\u0119 tu, wi\u0119c zale\u017cy mi g\u0142\u0119boko na Warszawie, \u017ceby to faktycznie by\u0142o miasto na miar\u0119 stolicy&hellip;\n","protected":false},"author":2,"featured_media":590393,"comment_status":"","ping_status":"","sticky":false,"template":"","format":"standard","meta":{"footnotes":"","_share_on_mastodon":"0"},"categories":[51605],"tags":[61195,113589,48,56812,46,42,38,40,39,41,1014,47,11479,435],"class_list":["post-590392","post","type-post","status-publish","format-standard","has-post-thumbnail","category-warszawa","tag-bottomfeed_styl","tag-maciej_wilk","tag-nat_styl","tag-newbb_tst0","tag-omp","tag-pl","tag-poland","tag-polish","tag-polska","tag-polski","tag-rafal_trzaskowski","tag-screening_general","tag-sor","tag-warszawa"],"share_on_mastodon":{"url":"https:\/\/pubeurope.com\/@pl\/117010528887699951","error":""},"_links":{"self":[{"href":"https:\/\/www.europesays.com\/pl\/wp-json\/wp\/v2\/posts\/590392","targetHints":{"allow":["GET"]}}],"collection":[{"href":"https:\/\/www.europesays.com\/pl\/wp-json\/wp\/v2\/posts"}],"about":[{"href":"https:\/\/www.europesays.com\/pl\/wp-json\/wp\/v2\/types\/post"}],"author":[{"embeddable":true,"href":"https:\/\/www.europesays.com\/pl\/wp-json\/wp\/v2\/users\/2"}],"replies":[{"embeddable":true,"href":"https:\/\/www.europesays.com\/pl\/wp-json\/wp\/v2\/comments?post=590392"}],"version-history":[{"count":0,"href":"https:\/\/www.europesays.com\/pl\/wp-json\/wp\/v2\/posts\/590392\/revisions"}],"wp:featuredmedia":[{"embeddable":true,"href":"https:\/\/www.europesays.com\/pl\/wp-json\/wp\/v2\/media\/590393"}],"wp:attachment":[{"href":"https:\/\/www.europesays.com\/pl\/wp-json\/wp\/v2\/media?parent=590392"}],"wp:term":[{"taxonomy":"category","embeddable":true,"href":"https:\/\/www.europesays.com\/pl\/wp-json\/wp\/v2\/categories?post=590392"},{"taxonomy":"post_tag","embeddable":true,"href":"https:\/\/www.europesays.com\/pl\/wp-json\/wp\/v2\/tags?post=590392"}],"curies":[{"name":"wp","href":"https:\/\/api.w.org\/{rel}","templated":true}]}}