{"id":590874,"date":"2026-07-31T00:24:09","date_gmt":"2026-07-31T00:24:09","guid":{"rendered":"https:\/\/www.europesays.com\/pl\/590874\/"},"modified":"2026-07-31T00:24:09","modified_gmt":"2026-07-31T00:24:09","slug":"awantura-w-chioggi-w-gdansku","status":"publish","type":"post","link":"https:\/\/www.europesays.com\/pl\/590874\/","title":{"rendered":"Awantura w Chioggi w Gda\u0144sku"},"content":{"rendered":"<p class=\"atomsHappeningContent__desc\">Nieprzemijaj\u0105cy potencja\u0142 tekstu, dynamika akcji, jedna z najlepszych osiemnastowiecznych komedii! Zapraszamy do Chioggi, ma\u0142ego portowego miasteczka, na kt\u00f3rego ulicach w\u0142a\u015bnie rozsiad\u0142y si\u0119 kumoszki. Tkaj\u0105 koronki, czekaj\u0105 na m\u0119\u017c\u00f3w, kochank\u00f3w i narzeczonych, intryguj\u0105 i&#8230; plotkuj\u0105. W efekcie rozp\u0119tuj\u0105 apokaliptyczn\u0105 k\u0142\u00f3tni\u0119. Arcykomedia mistrza Carlo Goldoniego ko\u0144czy si\u0119 rzecz jasna szcz\u0119\u015bliwie. Ale zanim to nast\u0105pi, czeka nas pe\u0142na rozmachu tytu\u0142owa awantura!<\/p>\n<p>Re\u017cyser: Pawe\u0142 Aigner<\/p>\n<p>Obsada: Agata Bykowska, Katarzyna Ka\u017amierczak, Urszula Kobiela, Katarzyna Z. Michalska, Marzena Nieczuja Urba\u0144ska, Ma\u0142gorzata Oracz, Grzegorz Gzyl, Micha\u0142 Jaros.<\/p>\n<p>Autor: Carlo Goldoni<br \/>Gatunek: komedia<br \/>Scenografia: Magdalena Gajewska<br \/>Muzyka: Piotr Klimek<br \/>Kostiumy: Zofia de Ines<\/p>\n","protected":false},"excerpt":{"rendered":"Nieprzemijaj\u0105cy potencja\u0142 tekstu, dynamika akcji, jedna z najlepszych osiemnastowiecznych komedii! Zapraszamy do Chioggi, ma\u0142ego portowego miasteczka, na kt\u00f3rego&hellip;\n","protected":false},"author":2,"featured_media":590875,"comment_status":"","ping_status":"","sticky":false,"template":"","format":"standard","meta":{"footnotes":"","_share_on_mastodon":"0"},"categories":[51610],"tags":[6226,1048,10195,42,38,40,39,41,8812,22920],"class_list":["post-590874","post","type-post","status-publish","format-standard","has-post-thumbnail","category-gdansk","tag-bilety","tag-gdansk","tag-impreza","tag-pl","tag-poland","tag-polish","tag-polska","tag-polski","tag-spektakle","tag-wydarzenie"],"share_on_mastodon":{"url":"https:\/\/pubeurope.com\/@pl\/117011747028709871","error":""},"_links":{"self":[{"href":"https:\/\/www.europesays.com\/pl\/wp-json\/wp\/v2\/posts\/590874","targetHints":{"allow":["GET"]}}],"collection":[{"href":"https:\/\/www.europesays.com\/pl\/wp-json\/wp\/v2\/posts"}],"about":[{"href":"https:\/\/www.europesays.com\/pl\/wp-json\/wp\/v2\/types\/post"}],"author":[{"embeddable":true,"href":"https:\/\/www.europesays.com\/pl\/wp-json\/wp\/v2\/users\/2"}],"replies":[{"embeddable":true,"href":"https:\/\/www.europesays.com\/pl\/wp-json\/wp\/v2\/comments?post=590874"}],"version-history":[{"count":0,"href":"https:\/\/www.europesays.com\/pl\/wp-json\/wp\/v2\/posts\/590874\/revisions"}],"wp:featuredmedia":[{"embeddable":true,"href":"https:\/\/www.europesays.com\/pl\/wp-json\/wp\/v2\/media\/590875"}],"wp:attachment":[{"href":"https:\/\/www.europesays.com\/pl\/wp-json\/wp\/v2\/media?parent=590874"}],"wp:term":[{"taxonomy":"category","embeddable":true,"href":"https:\/\/www.europesays.com\/pl\/wp-json\/wp\/v2\/categories?post=590874"},{"taxonomy":"post_tag","embeddable":true,"href":"https:\/\/www.europesays.com\/pl\/wp-json\/wp\/v2\/tags?post=590874"}],"curies":[{"name":"wp","href":"https:\/\/api.w.org\/{rel}","templated":true}]}}