{"id":591162,"date":"2026-07-31T03:25:10","date_gmt":"2026-07-31T03:25:10","guid":{"rendered":"https:\/\/www.europesays.com\/pl\/591162\/"},"modified":"2026-07-31T03:25:10","modified_gmt":"2026-07-31T03:25:10","slug":"donald-trump-oglasza-przelom-w-strefie-gazy-historyczne-porozumienie-2","status":"publish","type":"post","link":"https:\/\/www.europesays.com\/pl\/591162\/","title":{"rendered":"Donald Trump og\u0142asza prze\u0142om w Strefie Gazy. &#8222;Historyczne porozumienie&#8221;"},"content":{"rendered":"<p>&#8222;Rada Pokoju osi\u0105gn\u0119\u0142a historyczne porozumienie w sprawie ca\u0142kowitego rozbrojenia Hamasu i wszystkich innych uzbrojonych grup w Strefie Gazy. To monumentalny krok w kierunku trwa\u0142ego pokoju i bezpiecze\u0144stwa&#8221; \u2014 napisa\u0142 Trump na platformie Truth Social. Rada Pokoju to instytucja kierowana przez prezydenta USA, kt\u00f3ra ma nadzorowa\u0107 proces pokojowy w Strefie Gazy.<\/p>\n<p>Dalszy ci\u0105g artyku\u0142u pod materia\u0142em wideo<\/p>\n<p>Jak doda\u0142 prezydent, osi\u0105gni\u0119cie porozumienia to wa\u017cny krok w kierunku tego, aby Stref\u0105 Gaz\u0105 rz\u0105dzi\u0142 nowy rz\u0105d palesty\u0144ski, kt\u00f3ry b\u0119dzie \u015bci\u015ble wsp\u00f3\u0142pracowa\u0142 z Rad\u0105 Pokoju. &#8222;Jednocze\u015bnie Izrael b\u0119dzie mia\u0142 bezpiecze\u0144stwo, na jakie zas\u0142uguje, a Strefa Gazy nie b\u0119dzie ju\u017c wykorzystywana jako baza do atak\u00f3w terrorystycznych&#8221; \u2014 podkre\u015bli\u0142 Trump. Prezydent stwierdzi\u0142, \u017ce jest to wa\u017cny krok we wdra\u017caniu 20-punktowego tzw. Planu Trumpa.<\/p>\n<p><a href=\"https:\/\/www.onet.pl\/\" title=\"Strona G\u0142\u00f3wna\" aria-label=\"Strona G\u0142\u00f3wna\" data-astro-prefetch=\"tap\" class=\"ods-a-logo-main-desktop\" rel=\"nofollow noopener\" target=\"_blank\"><img src=\"https:\/\/cdn.wiadomosci.onet.pl\/img\/Logo_desktop_Onet.svg\" class=\"ods-a-logo-main-desktop__image\" alt=\"Logo\" width=\"107\" height=\"60\" fetchpriority=\"high\" decoding=\"sync\" style=\"height:60px\"\/><\/a><\/p>\n<p class=\"ods-m-google-article__text\">Czytaj nas cz\u0119\u015bciej w Google<\/p>\n<p><a href=\"https:\/\/google.com\/preferences\/source?q=wiadomosci.onet.pl\" target=\"_blank\" rel=\"noopener noreferrer nofollow\" aria-label=\"Dodaj w Google\" title=\"Dodaj w Google\" class=\"ods-a-button ods-a-button__primary ods-a-button__default ods-a-button-l\">Dodaj w Google<\/a><img class=\"ods-a-photo ods-a-photo--background\" src=\"https:\/\/www.europesays.com\/pl\/wp-content\/uploads\/2026\/07\/ux7k9lBaHR0cHM6Ly9vY2RuLmV1L3B1bHNjbXMvTURBXy8wNTllMWJhZjM5MjNlOGViNTkyYTAzNzZkNWEyODIwYS5wbmeRkwXNB.jpeg\" height=\"470\" width=\"940\" alt=\"Wpis Donalda Trumpa\" loading=\"lazy\" fetchpriority=\"auto\" decoding=\"auto\"\/><\/p>\n<p>Truth Social\/Donald Trump \/ Materia\u0142y prasowe<\/p>\n<p>Wpis Donalda Trumpa<\/p>\n<p>Zapowiedzia\u0142, \u017ce porozumienie b\u0119dzie realizowane etapami. &#8222;Po rozbrojeniu si\u0142y izraelskie wycofaj\u0105 si\u0119, a mi\u0119dzynarodowe si\u0142y stabilizacyjne b\u0119d\u0105 wsp\u00f3\u0142pracowa\u0107 z now\u0105 palesty\u0144sk\u0105 policj\u0105, przejmuj\u0105c odpowiedzialno\u015b\u0107 za to, by Strefa Gazy by\u0142a bezpieczna dla swoich mieszka\u0144c\u00f3w i swoich s\u0105siad\u00f3w&#8221; \u2014 kontynuowa\u0142 Trump.<\/p>\n<p>Donald Trump: osi\u0105gn\u0119li\u015bmy historyczny post\u0119p<\/p>\n<p>&#8222;Rok temu trwa\u0142a brutalna wojna, kryzys humanitarny, a zak\u0142adnicy byli przetrzymywani w brutalnej niewoli. Osi\u0105gn\u0119li\u015bmy historyczny post\u0119p, ale wci\u0105\u017c pozostaje jeszcze wiele do zrobienia&#8221; \u2014 o\u015bwiadczy\u0142 ameryka\u0144ski przyw\u00f3dca.<\/p>\n<p>Podzi\u0119kowa\u0142 te\u017c mediatorom \u2014 Egiptowi, Katarowi i Turcji \u2014 i swojemu zespo\u0142owi. &#8222;Zagro\u017cenie, kt\u00f3re wy\u0142oni\u0142o si\u0119 ze Strefy Gazy 7 pa\u017adziernika, nie b\u0119dzie mog\u0142o si\u0119 odbudowa\u0107!&#8221; \u2014 napisa\u0142 Trump, odnosz\u0105c si\u0119 do ataku Hamasu na Izrael z 2023 r.<\/p>\n<p>&#8222;Ka\u017cda wizyta Netanjahu to katastrofa&#8221;. Ludzie Trumpa boj\u0105 si\u0119 skutk\u00f3w ich spotkania<img class=\"ods-a-photo ods-a-photo--background\" src=\"https:\/\/www.europesays.com\/pl\/wp-content\/uploads\/2026\/07\/TD6k9lBaHR0cHM6Ly9vY2RuLmV1L3B1bHNjbXMvTURBXy81ZWYyOTljZjRjMmZjZmZhNjBlZTk2YWViMDc2ZjkwMi5qcGeRlQLNA.jpeg\" height=\"300\" width=\"450\" alt=\"Donald Trump i Binjamin Netanjahu\" loading=\"lazy\" fetchpriority=\"low\" decoding=\"async\"\/><\/p>\n<p>Wcze\u015bniej w czwartek izraelski dziennik &#8222;Haarec&#8221; poinformowa\u0142 o znacz\u0105cym post\u0119pie w negocjacjach dotycz\u0105cych wdro\u017cenia drugiej fazy rozejmu w Strefie Gazy. Przewiduje ona m.in. rozbrojenie Hamasu, wycofanie si\u0119 wojsk izraelskich, kt\u00f3re wci\u0105\u017c kontroluj\u0105 oko\u0142o 60 proc. terytorium Strefy Gazy, i wprowadzenie tam mi\u0119dzynarodowych si\u0142 pokojowych.<\/p>\n<p>Regularne ataki Izraela na Stref\u0119 Gazy<\/p>\n<p>Od 10 pa\u017adziernika 2025 r. trwa tam zawieszenie broni, lecz jest ono przerywane regularnymi izraelskimi atakami. Wed\u0142ug w\u0142adz lokalnych od tego czasu zgin\u0119\u0142o w nich 1214 Palesty\u0144czyk\u00f3w. Strona izraelska informowa\u0142a, \u017ce w wyniku palesty\u0144skich atak\u00f3w poleg\u0142o w tym czasie czterech \u017co\u0142nierzy.<\/p>\n<p>Na pocz\u0105tku lipca Hamas og\u0142osi\u0142 rozwi\u0105zanie swoich cywilnych struktur administracyjnych w Strefie Gazy i przekazanie w\u0142adzy technokratycznemu palesty\u0144skiemu komitetowi (NCAG), nadzorowanemu przez Rad\u0119 Pokoju. To realizacja jednego z punkt\u00f3w porozumienia rozejmowego.<\/p>\n","protected":false},"excerpt":{"rendered":"&#8222;Rada Pokoju osi\u0105gn\u0119\u0142a historyczne porozumienie w sprawie ca\u0142kowitego rozbrojenia Hamasu i wszystkich innych uzbrojonych grup w Strefie Gazy.&hellip;\n","protected":false},"author":2,"featured_media":591163,"comment_status":"","ping_status":"","sticky":false,"template":"","format":"standard","meta":{"footnotes":"","_share_on_mastodon":"0"},"categories":[14],"tags":[61195,32,33,44,213,27,91,34,35,28,31,48,56992,25,46,40,41,40547,47,88,80,29,30,71,26,82,83,84],"class_list":["post-591162","post","type-post","status-publish","format-standard","has-post-thumbnail","category-swiat","tag-bottomfeed_styl","tag-breaking-news","tag-breakingnews","tag-donald_trump","tag-hamas","tag-headlines","tag-izrael","tag-latest-news","tag-latestnews","tag-naglowki","tag-najwazniejsze-artykuly","tag-nat_styl","tag-newbb_tst1","tag-news","tag-omp","tag-polish","tag-polski","tag-rada_pokoju","tag-screening_general","tag-strefa_gazy","tag-swiat","tag-top-stories","tag-topstories","tag-usa","tag-wiadomosci","tag-world","tag-world-news","tag-worldnews"],"share_on_mastodon":{"url":"","error":""},"_links":{"self":[{"href":"https:\/\/www.europesays.com\/pl\/wp-json\/wp\/v2\/posts\/591162","targetHints":{"allow":["GET"]}}],"collection":[{"href":"https:\/\/www.europesays.com\/pl\/wp-json\/wp\/v2\/posts"}],"about":[{"href":"https:\/\/www.europesays.com\/pl\/wp-json\/wp\/v2\/types\/post"}],"author":[{"embeddable":true,"href":"https:\/\/www.europesays.com\/pl\/wp-json\/wp\/v2\/users\/2"}],"replies":[{"embeddable":true,"href":"https:\/\/www.europesays.com\/pl\/wp-json\/wp\/v2\/comments?post=591162"}],"version-history":[{"count":0,"href":"https:\/\/www.europesays.com\/pl\/wp-json\/wp\/v2\/posts\/591162\/revisions"}],"wp:featuredmedia":[{"embeddable":true,"href":"https:\/\/www.europesays.com\/pl\/wp-json\/wp\/v2\/media\/591163"}],"wp:attachment":[{"href":"https:\/\/www.europesays.com\/pl\/wp-json\/wp\/v2\/media?parent=591162"}],"wp:term":[{"taxonomy":"category","embeddable":true,"href":"https:\/\/www.europesays.com\/pl\/wp-json\/wp\/v2\/categories?post=591162"},{"taxonomy":"post_tag","embeddable":true,"href":"https:\/\/www.europesays.com\/pl\/wp-json\/wp\/v2\/tags?post=591162"}],"curies":[{"name":"wp","href":"https:\/\/api.w.org\/{rel}","templated":true}]}}