{"id":591308,"date":"2026-07-31T04:52:42","date_gmt":"2026-07-31T04:52:42","guid":{"rendered":"https:\/\/www.europesays.com\/pl\/591308\/"},"modified":"2026-07-31T04:52:42","modified_gmt":"2026-07-31T04:52:42","slug":"nawrocki-jest-w-kontakcie-z-tuskiem-i-kosiniakiem-kamyszem-komunikat-bbn","status":"publish","type":"post","link":"https:\/\/www.europesays.com\/pl\/591308\/","title":{"rendered":"Nawrocki jest w kontakcie z Tuskiem i Kosiniakiem-Kamyszem. Komunikat BBN"},"content":{"rendered":"<p>Jakie dzia\u0142ania podj\u0119to po naruszeniu polskiej przestrzeni powietrznej.<\/p>\n<p>Co znaleziono w miejscowo\u015bci Tarnawa-Kolonia po wybuchu.<\/p>\n<p>Dlaczego prezydent Karol Nawrocki jest na bie\u017c\u0105co informowany o incydencie.<\/p>\n<p>    <a name=\"eztoc42417565_0_3\" id=\"eztoc42417565_0_3\"\/>Prezydent Karol Nawrocki na bie\u017c\u0105co informowany o sytuacji na Lubelszczy\u017anie<\/p>\n<p>\n<a href=\"https:\/\/wiadomosci.radiozet.pl\/polska\/zagrozenie-trwalo-okolo-13-minut-szef-mswia-o-szczegolach-incydentu-na-lubelszczyznie\" target=\"_self\" rel=\"dofollow noopener\">W nocy naruszona zosta\u0142a polska przestrze\u0144 powietrzna<\/a> i przed godzin\u0105 4:00 nad ranem w Lublinie i okolicach zawy\u0142y alarmy. W miejscowo\u015bci Tarnawa-Kolonia odnaleziony zosta\u0142 lej po wybuchu niezidentyfikowanego obiektu, kt\u00f3rego szcz\u0105tki r\u00f3wnie\u017c zosta\u0142y odnalezione.<\/p>\n<p>\u201e<br \/>\n<a href=\"https:\/\/wiadomosci.radiozet.pl\/tag\/kategoria\/karol-nawrocki\" target=\"_self\" rel=\"dofollow noopener\">Prezydent RP Karol Nawrocki<\/a> na bie\u017c\u0105co otrzymuje informacje o nocnym naruszeniu polskiej przestrzeni powietrznej. Od wczesnych godzin porannych Pan Prezydent jest w kontakcie z premierem<br \/>\n<a href=\"https:\/\/wiadomosci.radiozet.pl\/tag\/kategoria\/donald-tusk\" target=\"_self\" rel=\"dofollow noopener\">Donaldem Tuskiem<\/a> i wicepremierem, ministrem obrony narodowej<br \/>\n<a href=\"https:\/\/wiadomosci.radiozet.pl\/tag\/kategoria\/wladyslaw-kosiniak-kamysz\" target=\"_self\" rel=\"dofollow noopener\">W\u0142adys\u0142awem Kosiniakiem\u2013Kamyszem<\/a>\u201d \u2013 przekaza\u0142 za po\u015brednictwem serwisu X Bartosz Grodecki, szef Biura Bezpiecze\u0144stwa Narodowego.<\/p>\n<p>Potwierdzi\u0142 tak\u017ce przep\u0142yw informacji pomi\u0119dzy poszczeg\u00f3lnymi s\u0142u\u017cbami. Poinformowa\u0142, \u017ce do Dy\u017curnej S\u0142u\u017cby Operacyjnej BBN sp\u0142ywaj\u0105 meldunki m.in. od Dow\u00f3dztwa Operacyjnego Rodzaj\u00f3w Si\u0142 Zbrojnych oraz Rz\u0105dowego Centrum Bezpiecze\u0144stwa.<\/p>\n<p>\u201eOczekujemy precyzyjnych i szczeg\u00f3\u0142owych informacji dotycz\u0105cych ca\u0142ego przebiegu zdarzenia. W drodze, na miejsce zdarzenia jest przedstawiciel Biura Bezpiecze\u0144stwa Narodowego\u201d \u2013 napisa\u0142 Grodecki.<\/p>\n<p>\u0179r\u00f3d\u0142o: Radio ZET<\/p>\n<p>By\u0142e\u015b \u015bwiadkiem czego\u015b niespodziewanego? Masz temat, kt\u00f3rym powinni\u015bmy si\u0119 zaj\u0105\u0107?<\/p>\n<p>Zg\u0142o\u015b spraw\u0119 przez <a href=\"https:\/\/wiadomosci.radiozet.pl\/czerwony-telefon\" target=\"_blank\" title=\"Czerwony telefon Radia Zet\" rel=\"nofollow noopener\">Czerwony telefon Radia ZET<\/a><\/p>\n","protected":false},"excerpt":{"rendered":"Jakie dzia\u0142ania podj\u0119to po naruszeniu polskiej przestrzeni powietrznej. Co znaleziono w miejscowo\u015bci Tarnawa-Kolonia po wybuchu. Dlaczego prezydent Karol&hellip;\n","protected":false},"author":2,"featured_media":591309,"comment_status":"","ping_status":"","sticky":false,"template":"","format":"standard","meta":{"footnotes":"","_share_on_mastodon":"0"},"categories":[62712],"tags":[787,1345,690,87,2278],"class_list":["post-591308","post","type-post","status-publish","format-standard","has-post-thumbnail","category-karol-nawrocki","tag-bbn","tag-donald-tusk","tag-karol-nawrocki","tag-rosja","tag-wojna-na-ukrainie"],"share_on_mastodon":{"url":"https:\/\/pubeurope.com\/@pl\/117012800901569044","error":""},"_links":{"self":[{"href":"https:\/\/www.europesays.com\/pl\/wp-json\/wp\/v2\/posts\/591308","targetHints":{"allow":["GET"]}}],"collection":[{"href":"https:\/\/www.europesays.com\/pl\/wp-json\/wp\/v2\/posts"}],"about":[{"href":"https:\/\/www.europesays.com\/pl\/wp-json\/wp\/v2\/types\/post"}],"author":[{"embeddable":true,"href":"https:\/\/www.europesays.com\/pl\/wp-json\/wp\/v2\/users\/2"}],"replies":[{"embeddable":true,"href":"https:\/\/www.europesays.com\/pl\/wp-json\/wp\/v2\/comments?post=591308"}],"version-history":[{"count":0,"href":"https:\/\/www.europesays.com\/pl\/wp-json\/wp\/v2\/posts\/591308\/revisions"}],"wp:featuredmedia":[{"embeddable":true,"href":"https:\/\/www.europesays.com\/pl\/wp-json\/wp\/v2\/media\/591309"}],"wp:attachment":[{"href":"https:\/\/www.europesays.com\/pl\/wp-json\/wp\/v2\/media?parent=591308"}],"wp:term":[{"taxonomy":"category","embeddable":true,"href":"https:\/\/www.europesays.com\/pl\/wp-json\/wp\/v2\/categories?post=591308"},{"taxonomy":"post_tag","embeddable":true,"href":"https:\/\/www.europesays.com\/pl\/wp-json\/wp\/v2\/tags?post=591308"}],"curies":[{"name":"wp","href":"https:\/\/api.w.org\/{rel}","templated":true}]}}