{"id":591550,"date":"2026-07-31T07:27:11","date_gmt":"2026-07-31T07:27:11","guid":{"rendered":"https:\/\/www.europesays.com\/pl\/591550\/"},"modified":"2026-07-31T07:27:11","modified_gmt":"2026-07-31T07:27:11","slug":"kolejowy-boom-na-podlasiu-i-w-polsce","status":"publish","type":"post","link":"https:\/\/www.europesays.com\/pl\/591550\/","title":{"rendered":"Kolejowy boom na Podlasiu i w Polsce"},"content":{"rendered":"<p class=\"news__lead\">Sektor przewoz\u00f3w kolejowych odnotowuje znakomite rezultaty. W pierwszym p\u00f3\u0142roczu 2026 roku z us\u0142ug POLREGIO skorzysta\u0142o a\u017c 50,9 miliona pasa\u017cer\u00f3w \u2013 to o ponad 200 tysi\u0119cy os\u00f3b wi\u0119cej ni\u017c w analogicznym okresie ubieg\u0142ego roku. Prawdziwym hitem okaza\u0142 si\u0119 maj, w kt\u00f3rym na pok\u0142ad poci\u0105g\u00f3w wsiad\u0142o 9,1 miliona podr\u00f3\u017cnych, ustanawiaj\u0105c najlepszy majowy wynik sp\u00f3\u0142ki od dekady. W samym II kwartale przyrost wyni\u00f3s\u0142 ponad 400 tysi\u0119cy pasa\u017cer\u00f3w, co umacnia pozycj\u0119 przewo\u017anika jako lidera pasa\u017cerskich przewoz\u00f3w kolejowych w Polsce.<\/p>\n<p>                                                                                                                                                                                                                                                                                    Nowe po\u0142\u0105czenia, w tym powr\u00f3t na podlaskie trasy<\/p>\n<p>Wzrost liczby podr\u00f3\u017cnych to zas\u0142uga sukcesywnie rozwijanej oferty i owocnej wsp\u00f3\u0142pracy z urz\u0119dami marsza\u0142kowskimi. Najwi\u0119ksze skoki frekwencji odnotowano w wojew\u00f3dztwach \u0142\u00f3dzkim (wzrost o 12%), zachodniopomorskim oraz warmi\u0144sko-mazurskim. Istotne zmiany zasz\u0142y r\u00f3wnie\u017c na mapie po\u0142\u0105cze\u0144 w naszym regionie. W po\u0142owie czerwca przewo\u017anik uruchomi\u0142 m.in. regularne, d\u0142ugo wyczekiwane kursy na trasie Bia\u0142ystok \u2013 \u0141om\u017ca.<\/p>\n<p>Stawianie na komfort i atrakcyjne oferty<\/p>\n<p>Pojawienie si\u0119 cz\u0119stszych i d\u0142u\u017cszych relacji, a tak\u017ce nowych ofert biletowych dla rodzin czy cyklist\u00f3w przek\u0142ada si\u0119 na rosn\u0105ce zaufanie pasa\u017cer\u00f3w. Przewo\u017anik wygrywa kolejne przetargi regionalne i zapowiada dalsze usprawnienia w rozk\u0142adach jazdy.\u00a0Je\u017adzicie poci\u0105gami POLREGIO po Podlasiu? Jak oceniacie nowe po\u0142\u0105czenie Bia\u0142ystok \u2013 \u0141om\u017ca? Dajcie zna\u0107 w komentarzach!<\/p>\n<p>PS<\/p>\n<p>                                                                                                                                                                                                        ]]><\/p>\n","protected":false},"excerpt":{"rendered":"Sektor przewoz\u00f3w kolejowych odnotowuje znakomite rezultaty. W pierwszym p\u00f3\u0142roczu 2026 roku z us\u0142ug POLREGIO skorzysta\u0142o a\u017c 50,9 miliona&hellip;\n","protected":false},"author":2,"featured_media":591551,"comment_status":"","ping_status":"","sticky":false,"template":"","format":"standard","meta":{"footnotes":"","_share_on_mastodon":"0"},"categories":[51614],"tags":[2151,116837,116838,116841,110739,42,5083,38,40,757,39,41,116840,116839,17445,116843,116842],"class_list":["post-591550","post","type-post","status-publish","format-standard","has-post-thumbnail","category-bialystok","tag-bialystok","tag-bialystok-lomza","tag-bilety-rodzinne","tag-frekwencja-pasazerow","tag-nowe-polaczenia-kolejowe","tag-pl","tag-podlasie","tag-poland","tag-polish","tag-polregio","tag-polska","tag-polski","tag-przetargi-regionalne","tag-przewoz-rowerow-pociagiem","tag-rozklad-jazdy","tag-urzedy-marszalkowskie","tag-urzedy-marszalkowskiebialystok"],"share_on_mastodon":{"url":"https:\/\/pubeurope.com\/@pl\/117013410463069564","error":""},"_links":{"self":[{"href":"https:\/\/www.europesays.com\/pl\/wp-json\/wp\/v2\/posts\/591550","targetHints":{"allow":["GET"]}}],"collection":[{"href":"https:\/\/www.europesays.com\/pl\/wp-json\/wp\/v2\/posts"}],"about":[{"href":"https:\/\/www.europesays.com\/pl\/wp-json\/wp\/v2\/types\/post"}],"author":[{"embeddable":true,"href":"https:\/\/www.europesays.com\/pl\/wp-json\/wp\/v2\/users\/2"}],"replies":[{"embeddable":true,"href":"https:\/\/www.europesays.com\/pl\/wp-json\/wp\/v2\/comments?post=591550"}],"version-history":[{"count":0,"href":"https:\/\/www.europesays.com\/pl\/wp-json\/wp\/v2\/posts\/591550\/revisions"}],"wp:featuredmedia":[{"embeddable":true,"href":"https:\/\/www.europesays.com\/pl\/wp-json\/wp\/v2\/media\/591551"}],"wp:attachment":[{"href":"https:\/\/www.europesays.com\/pl\/wp-json\/wp\/v2\/media?parent=591550"}],"wp:term":[{"taxonomy":"category","embeddable":true,"href":"https:\/\/www.europesays.com\/pl\/wp-json\/wp\/v2\/categories?post=591550"},{"taxonomy":"post_tag","embeddable":true,"href":"https:\/\/www.europesays.com\/pl\/wp-json\/wp\/v2\/tags?post=591550"}],"curies":[{"name":"wp","href":"https:\/\/api.w.org\/{rel}","templated":true}]}}