{"id":591758,"date":"2026-07-31T09:25:08","date_gmt":"2026-07-31T09:25:08","guid":{"rendered":"https:\/\/www.europesays.com\/pl\/591758\/"},"modified":"2026-07-31T09:25:08","modified_gmt":"2026-07-31T09:25:08","slug":"lublin-uczci-82-rocznice-powstania-warszawskiego-o-godzinie-w-zabrzmia-syreny","status":"publish","type":"post","link":"https:\/\/www.europesays.com\/pl\/591758\/","title":{"rendered":"Lublin uczci 82. rocznic\u0119 Powstania Warszawskiego. O godzinie \u201eW\u201d zabrzmi\u0105 syreny"},"content":{"rendered":"<p class=\"PDq2pG_selectionAnchorContainer\" data-start=\"399\" data-end=\"530\">Do wsp\u00f3lnego udzia\u0142u w uroczysto\u015bciach oraz oddania ho\u0142du uczestnikom walk o niepodleg\u0142o\u015b\u0107 zach\u0119ca prezydent Lublina Krzysztof \u017buk.<\/p>\n<p data-start=\"532\" data-end=\"988\">\u2013 Rocznica wybuchu Powstania Warszawskiego przypomina o odwadze i po\u015bwi\u0119ceniu \u017co\u0142nierzy Armii Krajowej, kt\u00f3rzy walczyli o woln\u0105 i niepodleg\u0142\u0105 Polsk\u0119. Ich postawa pozostaje dla nas symbolem patriotyzmu i odpowiedzialno\u015bci za Ojczyzn\u0119. Zapraszam mieszkanki i mieszka\u0144c\u00f3w Lublina do wsp\u00f3lnego uczczenia pami\u0119ci o bohaterkach i bohaterach. 1 sierpnia o godz. 17.00 zatrzymajmy si\u0119, aby minut\u0105 ciszy odda\u0107 nale\u017cny ho\u0142d \u2013 m\u00f3wi Krzysztof \u017buk, prezydent Lublina.<\/p>\n<p>Obchody rozpoczn\u0105 si\u0119 przy ul. Wieniawskiej<\/p>\n<p data-start=\"1038\" data-end=\"1363\">Oficjalne uroczysto\u015bci z udzia\u0142em w\u0142adz samorz\u0105dowych i wojew\u00f3dzkich, a tak\u017ce delegacji instytucji oraz organizacji kombatanckich, rozpoczn\u0105 si\u0119 o godz. 16.00. Pod tablic\u0105 przy ul. Wieniawskiej 12 zostan\u0105 z\u0142o\u017cone kwiaty upami\u0119tniaj\u0105ce pp\u0142k. Jana Kucharczaka ps. \u201eKazimierz\u201d, wsp\u00f3\u0142autora planu Akcji \u201eBurza\u201d na Lubelszczy\u017anie.<\/p>\n<p data-start=\"1365\" data-end=\"1603\">Nast\u0119pnie uczestnicy przejd\u0105 na Plac Litewski. O godz. 16.30, w pobli\u017cu budynku Poczty G\u0142\u00f3wnej, zaprezentowana zostanie wystawa \u201ePowstanie Warszawskie 1944. Bitwa o Polsk\u0119\u201d, przygotowana przez lubelski oddzia\u0142 Instytutu Pami\u0119ci Narodowej.<\/p>\n<p>Syreny alarmowe zabrzmi\u0105 o godzinie \u201eW\u201d<\/p>\n<p data-start=\"1649\" data-end=\"1810\">G\u0142\u00f3wna cz\u0119\u015b\u0107 obchod\u00f3w Narodowego Dnia Pami\u0119ci Powstania Warszawskiego oraz rocznicy Akcji \u201eBurza\u201d rozpocznie si\u0119 o godz. 17.00 przy Pomniku Nieznanego \u017bo\u0142nierza.<\/p>\n<p data-start=\"1812\" data-end=\"2083\">W godzin\u0119 \u201eW\u201d uruchomione zostan\u0105 syreny alarmowe. Uczestnicy uroczysto\u015bci od\u015bpiewaj\u0105 hymn pa\u0144stwowy, wys\u0142uchaj\u0105 wyst\u0105pie\u0144 okoliczno\u015bciowych, a \u017co\u0142nierze oddadz\u0105 salw\u0119 honorow\u0105. Przedstawiciele w\u0142adz, s\u0142u\u017cb i organizacji z\u0142o\u017c\u0105 kwiaty na p\u0142ycie pomnika oraz zapal\u0105 znicze.<\/p>\n<p data-start=\"2085\" data-end=\"2245\">Organizatorzy zach\u0119caj\u0105 mieszka\u0144c\u00f3w, aby o godz. 17.00 zatrzymali si\u0119 na minut\u0119 i w ciszy oddali ho\u0142d powsta\u0144com oraz wszystkim uczestnikom walk o woln\u0105 Polsk\u0119.<\/p>\n<p>Msza i koncert na Placu Litewskim<\/p>\n<p data-start=\"2285\" data-end=\"2556\">O godz. 18.00 w ko\u015bciele Parafii Cywilno-Wojskowej pw. Niepokalanego Pocz\u0119cia Naj\u015bwi\u0119tszej Maryi Panny przy al. Rac\u0142awickich 20 odprawiona zostanie msza \u015bwi\u0119ta w intencji Powsta\u0144c\u00f3w Warszawskich i uczestnik\u00f3w Akcji \u201eBurza\u201d. W nabo\u017ce\u0144stwie wezm\u0105 udzia\u0142 poczty sztandarowe.<\/p>\n<p data-start=\"2558\" data-end=\"2714\">Obchody zako\u0144czy koncert plenerowy \u201eJeszcze s\u0142ycha\u0107 \u015bpiew \u2013 Lublin Powsta\u0144com Warszawy\u201d. Arty\u015bci Opery Lubelskiej wyst\u0105pi\u0105 o godz. 19.15 na Placu Litewskim.<\/p>\n<p>Program uroczysto\u015bci w Lublinie<\/p>\n<p data-start=\"2752\" data-end=\"2871\">Godz. 16.00 \u2013 z\u0142o\u017cenie kwiat\u00f3w pod tablic\u0105 pami\u0119ci pp\u0142k. Jana Kucharczaka ps. \u201eKazimierz\u201d przy ul. Wieniawskiej 12.<\/p>\n<p data-start=\"2873\" data-end=\"3001\">Godz. 16.30 \u2013 prezentacja wystawy \u201ePowstanie Warszawskie 1944. Bitwa o Polsk\u0119\u201d na Placu Litewskim, w pobli\u017cu Poczty G\u0142\u00f3wnej.<\/p>\n<p data-start=\"3003\" data-end=\"3191\">Godz. 17.00 \u2013 g\u0142\u00f3wne uroczysto\u015bci na Placu Litewskim: uruchomienie syren, odegranie hymnu pa\u0144stwowego, wyst\u0105pienia okoliczno\u015bciowe, salwa honorowa, z\u0142o\u017cenie kwiat\u00f3w i zapalenie zniczy.<\/p>\n<p data-start=\"3193\" data-end=\"3322\">Godz. 18.00 \u2013 msza \u015bwi\u0119ta w intencji Powsta\u0144c\u00f3w Warszawskich i uczestnik\u00f3w Akcji \u201eBurza\u201d w ko\u015bciele przy al. Rac\u0142awickich 20.<\/p>\n<p data-start=\"3324\" data-end=\"3432\">Godz. 19.15 \u2013 koncert plenerowy \u201eJeszcze s\u0142ycha\u0107 \u015bpiew \u2013 Lublin Powsta\u0144com Warszawy\u201d na Placu Litewskim.<\/p>\n<p data-start=\"3434\" data-end=\"3817\">Uroczysto\u015bci organizuje prezydent Lublina we wsp\u00f3\u0142pracy z wojewod\u0105 lubelskim, marsza\u0142kiem wojew\u00f3dztwa lubelskiego, lubelskim oddzia\u0142em IPN, Oper\u0105 Lubelsk\u0105, \u015awiatowym Zwi\u0105zkiem \u017bo\u0142nierzy Armii Krajowej \u2013 Zarz\u0105dem Okr\u0119gu w Lublinie, Lubelskim \u015arodowiskiem \u017bo\u0142nierzy 27. Wo\u0142y\u0144skiej Dywizji Piechoty Armii Krajowej oraz Parafi\u0105 Cywilno-Wojskow\u0105 pw. Niepokalanego Pocz\u0119cia NMP w Lublinie.<\/p>\n<p>\u0179r\u00f3d\u0142o: UM Lublin<\/p>\n","protected":false},"excerpt":{"rendered":"Do wsp\u00f3lnego udzia\u0142u w uroczysto\u015bciach oraz oddania ho\u0142du uczestnikom walk o niepodleg\u0142o\u015b\u0107 zach\u0119ca prezydent Lublina Krzysztof \u017buk. \u2013&hellip;\n","protected":false},"author":2,"featured_media":591759,"comment_status":"","ping_status":"","sticky":false,"template":"","format":"standard","meta":{"footnotes":"","_share_on_mastodon":"0"},"categories":[51612],"tags":[103301,40677,111684,51933,1081,116901,42,52442,38,40,39,41,57548],"class_list":["post-591758","post","type-post","status-publish","format-standard","has-post-thumbnail","category-lublin","tag-akcja-burza","tag-armia-krajowa","tag-godzina-w","tag-krzysztof-zuk","tag-lublin","tag-obchody-rocznicowe","tag-pl","tag-plac-litewski","tag-poland","tag-polish","tag-polska","tag-polski","tag-powstanie-warszawskie"],"share_on_mastodon":{"url":"https:\/\/pubeurope.com\/@pl\/117013874590972307","error":""},"_links":{"self":[{"href":"https:\/\/www.europesays.com\/pl\/wp-json\/wp\/v2\/posts\/591758","targetHints":{"allow":["GET"]}}],"collection":[{"href":"https:\/\/www.europesays.com\/pl\/wp-json\/wp\/v2\/posts"}],"about":[{"href":"https:\/\/www.europesays.com\/pl\/wp-json\/wp\/v2\/types\/post"}],"author":[{"embeddable":true,"href":"https:\/\/www.europesays.com\/pl\/wp-json\/wp\/v2\/users\/2"}],"replies":[{"embeddable":true,"href":"https:\/\/www.europesays.com\/pl\/wp-json\/wp\/v2\/comments?post=591758"}],"version-history":[{"count":0,"href":"https:\/\/www.europesays.com\/pl\/wp-json\/wp\/v2\/posts\/591758\/revisions"}],"wp:featuredmedia":[{"embeddable":true,"href":"https:\/\/www.europesays.com\/pl\/wp-json\/wp\/v2\/media\/591759"}],"wp:attachment":[{"href":"https:\/\/www.europesays.com\/pl\/wp-json\/wp\/v2\/media?parent=591758"}],"wp:term":[{"taxonomy":"category","embeddable":true,"href":"https:\/\/www.europesays.com\/pl\/wp-json\/wp\/v2\/categories?post=591758"},{"taxonomy":"post_tag","embeddable":true,"href":"https:\/\/www.europesays.com\/pl\/wp-json\/wp\/v2\/tags?post=591758"}],"curies":[{"name":"wp","href":"https:\/\/api.w.org\/{rel}","templated":true}]}}