{"id":591880,"date":"2026-07-31T10:30:24","date_gmt":"2026-07-31T10:30:24","guid":{"rendered":"https:\/\/www.europesays.com\/pl\/591880\/"},"modified":"2026-07-31T10:30:24","modified_gmt":"2026-07-31T10:30:24","slug":"to-dlatego-wlasciciel-widzewa-wzial-stery-w-swoje-rece-przelomowy-czas","status":"publish","type":"post","link":"https:\/\/www.europesays.com\/pl\/591880\/","title":{"rendered":"To dlatego w\u0142a\u015bciciel Widzewa wzi\u0105\u0142 stery w swoje r\u0119ce. Prze\u0142omowy czas"},"content":{"rendered":"<p>Ta z niestety zmar\u0142ym w czwartek Tadeuszem Gapi\u0144skim oraz z J\u00f3zefem M\u0142ynarczykiem, Zbigniewem Bo\u0144kiem, W\u0142adys\u0142awem \u017bmud\u0105, Krzysztofem Surlitem, Miros\u0142awem T\u0142oki\u0144skim, W\u0142odzimierzem Smolarkiem, Wies\u0142awem Wrag\u0105 i wieloma innymi, przed kt\u00f3rymi respekt musia\u0142 czu\u0107 ka\u017cdy rywal nie tylko w Polsce.<\/p>\n<p>Tamten stworzony przez prezesa Ludwika Sobolewskiego charakterny Widzew pozosta\u0142 wzorcem i swego rodzaju punktem odniesienia tak\u017ce dla obecnego klubu. Je\u015bli nawet nie wszyscy pracownicy i zawodnicy Widzewa zdaj\u0105 sobie dzisiaj z tego spraw\u0119, musz\u0105 przyj\u0105\u0107 do wiadomo\u015bci, \u017ce RTS ma taki status, co zreszt\u0105 jest atutem, kt\u00f3rego mo\u017ce im zazdro\u015bci\u0107 ca\u0142a Polska.<\/p>\n<p>Dalszy ci\u0105g artyku\u0142u pod materia\u0142em wideoRobert Dobrzycki zaj\u0105\u0142 si\u0119 zarz\u0105dzaniem<\/p>\n<p>Dlatego w poprzednim sezonie nowy w\u0142a\u015bciciel nie \u017ca\u0142owa\u0142 pieni\u0119dzy na nowych pi\u0142karzy, by pod\u017awign\u0105\u0107 dru\u017cyn\u0119 z kryzysu i spokojnie przygotowa\u0107 j\u0105 na du\u017ce wyzwania w nowych rozgrywkach. Wtedy si\u0119 nie uda\u0142o, gdy\u017c w planowaniu pope\u0142niono b\u0142\u0119dy, pewnych decyzji personalnych gruntownie nie przemy\u015blano, kiepsko zosta\u0142y zdefiniowane nie tyle problemy, ile spos\u00f3b ich rozwi\u0105zywania. W efekcie stan\u0119\u0142o na tym, \u017ce wiosna zamieni\u0142a si\u0119 w dramatyczn\u0105 walk\u0119 o ekstraklasowe przetrwanie. W roli ratownika wyst\u0105pi\u0142 trener Aleksander Vukovi\u0107, kt\u00f3ry nie odpowiada\u0142 za widzewski ba\u0142agan, bo gdy on si\u0119 nasila\u0142, jego w \u0141odzi jeszcze tam nie by\u0142o. Tym wi\u0119ksza chwa\u0142a mu za to, \u017ce podj\u0105\u0142 si\u0119 karko\u0142omnego zadania i \u017ce na koniec karku sobie nie z\u0142ama\u0142. Z przygodami, ale Widzew utrzyma\u0142 si\u0119 w elicie, w pocie czo\u0142a, czasem zbyt zachowawczo, ale te\u017c przy braku szcz\u0119\u015bcia uzbiera\u0142 potrzebne punkty do prze\u017cycia.<\/p>\n<p>Dopiero latem zacz\u0119\u0142y si\u0119 twarde rozliczenia, cho\u0107 nikt tak radykalnego okre\u015blenia nie u\u017cywa\u0142. W pionie sportowym i zarz\u0105dczym dosz\u0142o do istotnych zmian, a wielce znamienny jest fakt, \u017ce przynajmniej tymczasowo prezesem zosta\u0142 Robert Dobrzycki. To decyzja niebagatelna, bo wskazuje, \u017ce w\u0142a\u015bciciel klubu bezpo\u015brednio chce kontrolowa\u0107 i legitymizowa\u0107 podejmowane dzia\u0142ania. W klubach, w kt\u00f3rych w\u0142a\u015bciciel nie jest formalnie zaanga\u017cowany w zarz\u0105dzanie klubem, zawsze istnieje ryzyko, \u017ce ustanowiony prezes nie b\u0119dzie w stu procentach realizowa\u0142 jego pomys\u0142\u00f3w, a &#8222;r\u0119czne interwencje&#8221; g\u0142\u00f3wnego inwestora cz\u0119sto wywo\u0142uj\u0105 chaos, kt\u00f3ry \u017ale wp\u0142ywa na ca\u0142y klub. W Widzewie taka opcja na razie zosta\u0142a wykluczona, bo Dobrzycki najwyra\u017aniej uzna\u0142, \u017ce stawka jest arcywa\u017cna \u2014 w\u0142a\u015bnie teraz nale\u017cy zacz\u0105\u0107 uk\u0142ada\u0107 klub w taki spos\u00f3b, aby po jakim\u015b czasie funkcjonowa\u0142 jak dobrze naoliwiona maszyna.<\/p>\n<p><img class=\"ods-a-photo ods-a-photo--background\" src=\"https:\/\/www.europesays.com\/pl\/wp-content\/uploads\/2026\/07\/SWik9lBaHR0cHM6Ly9vY2RuLmV1L3B1bHNjbXMvTURBXy84MWY5MDVjOTg4ODUzYjg0YjkwODRlZmQ5NGEyYTcxYS5qcGeRkwXNB.jpeg\" height=\"627\" width=\"940\" alt=\"Robert Dobrzycki\" loading=\"lazy\" fetchpriority=\"auto\" decoding=\"auto\"\/><\/p>\n<p>MARCIN BRYJA \/ 400mm.pl \/ NEWSPIX.PL \/ newspix.pl<\/p>\n<p>Robert Dobrzycki<\/p>\n<p>Czy trener Vukovi\u0107 zdo\u0142a przekona\u0107 pi\u0142karzy?<\/p>\n<p>Do takiego stanu wci\u0105\u017c daleko. Papierkiem lakmusowym zawsze b\u0119d\u0105 wyniki dru\u017cyny, a remis z Motorem Lublin (2:2) wywo\u0142a\u0142 zr\u00f3\u017cnicowane komentarze. Najkorzystniejsze dla Widzewa s\u0105 te, kt\u00f3re zwracaj\u0105 uwag\u0119 na pozywan\u0105 reakcj\u0119 po stracie obydwu bramek. To by\u0142y momenty, kiedy Widzew potrafi\u0142 podkr\u0119ci\u0107 tempo, zwyczajnie przej\u0105\u0107 inicjatyw\u0119, gra\u0107 na wy\u017cszym poziomie. Nie umia\u0142 na nim by\u0107 przez ca\u0142y mecz. Przespa\u0142 pocz\u0105tek spotkania, na drug\u0105 po\u0142ow\u0119 te\u017c wyszed\u0142 jak na piknik wakacyjny.<\/p>\n<p><img class=\"ods-a-photo ods-a-photo--background\" src=\"https:\/\/www.europesays.com\/pl\/wp-content\/uploads\/2026\/07\/Riik9lBaHR0cHM6Ly9vY2RuLmV1L3B1bHNjbXMvTURBXy8yODkwOWQ2NDgzNjJhYTQwNWVmM2RlMTJjODVmMzExMi5qcGeRkwXNB.jpeg\" height=\"627\" width=\"940\" alt=\"Widzew - Motor 2:2 w 1. kolejce PKO BP Ekstraklasy\" loading=\"lazy\" fetchpriority=\"auto\" decoding=\"auto\"\/><\/p>\n<p>LUKASZ GROCHALA\/CYFRASPORT\/NEWSPIX \/ newspix.pl<\/p>\n<p>Widzew &#8211; Motor 2:2 w 1. kolejce PKO BP Ekstraklasy<\/p>\n<p>Sko\u0144czy\u0142o si\u0119 kompromisowym podzia\u0142em punkt\u00f3w, ale najistotniejsze pytanie dotyczy tego, w jakim kierunku p\u00f3jd\u0105 widzewiacy w kolejnych meczach, a wi\u0119c czy Vukovi\u0107 \u2014 kt\u00f3ry tym razem przepracowa\u0142 okres przygotowawczy \u2014 zdo\u0142a przekona\u0107 swoich pi\u0142karzy, \u017ce nale\u017cy by\u0107 aktywnym przez wi\u0119ksz\u0105 cz\u0119\u015b\u0107 spotkania, \u017ce zapisany w klubowych genach legendarny widzewski charakter to przywilej, ale przede wszystkim zobowi\u0105zanie, a je\u015bli komu\u015b takiej pasji brakuje, powinien po prostu zmieni\u0107 klub. W dobrej wierze uznajmy, \u017ce w meczu z Motorem Widzew wykona\u0142 ma\u0142y krok we w\u0142a\u015bciwym kierunku. Ale za chwil\u0119 b\u0119d\u0105 pilnie potrzebne kolejne kroki, o wiele bardziej zamaszyste.<\/p>\n","protected":false},"excerpt":{"rendered":"Ta z niestety zmar\u0142ym w czwartek Tadeuszem Gapi\u0144skim oraz z J\u00f3zefem M\u0142ynarczykiem, Zbigniewem Bo\u0144kiem, W\u0142adys\u0142awem \u017bmud\u0105, Krzysztofem Surlitem,&hellip;\n","protected":false},"author":2,"featured_media":591881,"comment_status":"","ping_status":"","sticky":false,"template":"","format":"standard","meta":{"footnotes":"","_share_on_mastodon":"0"},"categories":[24],"tags":[16990,56,61195,3106,274,42301,48,46,948,42,38,40,39,41,9096,47,127,126,3469],"class_list":["post-591880","post","type-post","status-publish","format-standard","has-post-thumbnail","category-sport","tag-aleksandar_vukovic","tag-article_premium","tag-bottomfeed_styl","tag-dzis_pisza_dla_was","tag-ekstraklasa","tag-liga_pod_cisnieniem","tag-nat_styl","tag-omp","tag-pilka_nozna","tag-pl","tag-poland","tag-polish","tag-polska","tag-polski","tag-robert_dobrzycki","tag-screening_general","tag-sport","tag-sports","tag-widzew_lodz"],"share_on_mastodon":{"url":"https:\/\/pubeurope.com\/@pl\/117014130655592733","error":""},"_links":{"self":[{"href":"https:\/\/www.europesays.com\/pl\/wp-json\/wp\/v2\/posts\/591880","targetHints":{"allow":["GET"]}}],"collection":[{"href":"https:\/\/www.europesays.com\/pl\/wp-json\/wp\/v2\/posts"}],"about":[{"href":"https:\/\/www.europesays.com\/pl\/wp-json\/wp\/v2\/types\/post"}],"author":[{"embeddable":true,"href":"https:\/\/www.europesays.com\/pl\/wp-json\/wp\/v2\/users\/2"}],"replies":[{"embeddable":true,"href":"https:\/\/www.europesays.com\/pl\/wp-json\/wp\/v2\/comments?post=591880"}],"version-history":[{"count":0,"href":"https:\/\/www.europesays.com\/pl\/wp-json\/wp\/v2\/posts\/591880\/revisions"}],"wp:featuredmedia":[{"embeddable":true,"href":"https:\/\/www.europesays.com\/pl\/wp-json\/wp\/v2\/media\/591881"}],"wp:attachment":[{"href":"https:\/\/www.europesays.com\/pl\/wp-json\/wp\/v2\/media?parent=591880"}],"wp:term":[{"taxonomy":"category","embeddable":true,"href":"https:\/\/www.europesays.com\/pl\/wp-json\/wp\/v2\/categories?post=591880"},{"taxonomy":"post_tag","embeddable":true,"href":"https:\/\/www.europesays.com\/pl\/wp-json\/wp\/v2\/tags?post=591880"}],"curies":[{"name":"wp","href":"https:\/\/api.w.org\/{rel}","templated":true}]}}