{"id":591910,"date":"2026-07-31T10:48:14","date_gmt":"2026-07-31T10:48:14","guid":{"rendered":"https:\/\/www.europesays.com\/pl\/591910\/"},"modified":"2026-07-31T10:48:14","modified_gmt":"2026-07-31T10:48:14","slug":"autobus-najechal-na-pasazerke-wczesniej-zglaszano-awarie-pojazdu","status":"publish","type":"post","link":"https:\/\/www.europesays.com\/pl\/591910\/","title":{"rendered":"Autobus najecha\u0142 na pasa\u017cerk\u0119. Wcze\u015bniej zg\u0142aszano awarie pojazdu"},"content":{"rendered":"<p>11 lutego 2026 r. autobus linii T8 zatrzyma\u0142 si\u0119 przy przystanku &#8222;Stogi&#8221; w Gda\u0144sku. Podczas odjazdu kierowca najecha\u0142 ko\u0142em tylnej osi pojazdu na wysiadaj\u0105c\u0105 pasa\u017cerk\u0119. Kobieta dozna\u0142a ci\u0119\u017ckiego urazu nogi, w wyniku kt\u00f3rego konieczna by\u0142a amputacja ko\u0144czyny. Pomimo leczenia pasa\u017cerka zmar\u0142a w szpitalu trzy tygodnie p\u00f3\u017aniej.<\/p>\n<p>Autobusem by\u0142 MAN o numerze taborowym 9277, nale\u017c\u0105cy do PKS Gda\u0144sk. Sp\u00f3\u0142ka realizowa\u0142a lini\u0119 T8 jako podwykonawca przewoz\u00f3w organizowanych przez Zarz\u0105d Transportu Miejskiego w Gda\u0144sku.<\/p>\n<p><a href=\"https:\/\/www.onet.pl\/\" title=\"Strona G\u0142\u00f3wna\" aria-label=\"Strona G\u0142\u00f3wna\" data-astro-prefetch=\"tap\" class=\"ods-a-logo-main-desktop\" rel=\"nofollow noopener\" target=\"_blank\"><img src=\"https:\/\/cdn.wiadomosci.onet.pl\/img\/Logo_desktop_Onet.svg\" class=\"ods-a-logo-main-desktop__image\" alt=\"Logo\" width=\"107\" height=\"60\" fetchpriority=\"high\" decoding=\"sync\" style=\"height:60px\"\/><\/a><\/p>\n<p class=\"ods-m-google-article__text\">Czytaj nas cz\u0119\u015bciej w Google<\/p>\n<p><a href=\"https:\/\/google.com\/preferences\/source?q=onet.pl\" target=\"_blank\" rel=\"noopener noreferrer nofollow\" aria-label=\"Dodaj w Google\" title=\"Dodaj w Google\" class=\"ods-a-button ods-a-button__primary ods-a-button__default ods-a-button-l\">Dodaj w Google<\/a><\/p>\n<p>\u2014 Do wypadku dosz\u0142o podczas manewru w\u0142\u0105czania si\u0119 do ruchu przez kieruj\u0105cego autobusem komunikacji miejskiej marki MAN po postoju i najechania na wysiadaj\u0105c\u0105 z autobusu pasa\u017cerk\u0119. Kierowca autobusu odjecha\u0142 z miejsca zdarzenia. Natomiast poinformowany o potr\u0105ceniu pieszego przez \u015bwiadka wr\u00f3ci\u0142 na miejsce zdarzenia \u2014 przekaza\u0142 brd24.pl prokurator Mariusz Duszy\u0144ski, rzecznik Prokuratury Okr\u0119gowej w Gda\u0144sku.<\/p>\n<p>\u015aledztwo zosta\u0142o wszcz\u0119te 9 marca 2026 r. i dotyczy spowodowania wypadku ze skutkiem \u015bmiertelnym. Dotychczas nikomu nie przedstawiono zarzut\u00f3w. Prokurator powo\u0142a\u0142 bieg\u0142ego z zakresu rekonstrukcji wypadk\u00f3w drogowych. Opinia ma pom\u00f3c ustali\u0107 dok\u0142adny przebieg zdarzenia oraz odpowiedzie\u0107 na pytanie, dlaczego autobus ruszy\u0142, gdy pasa\u017cerka znajdowa\u0142a si\u0119 jeszcze w poje\u017adzie lub w jego bezpo\u015brednim s\u0105siedztwie.<\/p>\n<p>Miesi\u0105c wcze\u015bniej kierowcy zg\u0142aszali awari\u0119 hamulca, kt\u00f3ry nie pozwala ruszy\u0107 przy otwartych drzwiach<\/p>\n<p>Tu\u017c po wypadku w \u015brodowisku kierowc\u00f3w autobus\u00f3w zacz\u0119\u0142a kr\u0105\u017cy\u0107 informacja, \u017ce uczestnicz\u0105cy w wypadku pojazd (o numerze taborowym 9277) mia\u0142 awarie, kt\u00f3re je\u017cd\u017c\u0105cy nim kierowcy zg\u0142aszali ju\u017c miesi\u0105c wcze\u015bniej.<\/p>\n<p>Portal BRD24.pl dotar\u0142 do zdj\u0119cia karty drogowej wype\u0142nionej przez kierowc\u0119 PKS Gda\u0144sk. Dokument mia\u0142 powsta\u0107 w okolicach stycznia 2026 r., a wi\u0119c przed na miesi\u0105c \u015bmiertelnym wypadkiem.<\/p>\n<p>W\u015br\u00f3d wielu usterek, kt\u00f3re w karcie wpisa\u0142 kierowca, jest ta najbardziej szokuj\u0105ca \u2014 bo dotyczy systemu, kt\u00f3ry nie pozwala kierowcy ruszy\u0107, gdy drzwi s\u0105 otwarte. Hamulec przystankowy to jedno z najwa\u017cniejszych zabezpiecze\u0144 w momencie, gdy wsiadaj\u0105 czy wysiadaj\u0105 pasa\u017cerowie. Sprawia, \u017ce niemo\u017cliwe ma by\u0107 dok\u0142adnie to, co sta\u0142o si\u0119 w lutym na przystanku &#8222;Stogi&#8221; \u2014 czyli ruszenie autobusem, gdy drzwi pozostaj\u0105 otwarte.<\/p>\n<p>Opr\u00f3cz tej awarii, kierowca w tej karcie drogowej zg\u0142asza\u0142 te\u017c m.in. problemy z ABS, przegubem i kasownikami.<\/p>\n<p><img class=\"ods-a-photo ods-a-photo--background\" src=\"https:\/\/www.europesays.com\/pl\/wp-content\/uploads\/2026\/07\/FFhk9lBaHR0cHM6Ly9vY2RuLmV1L3B1bHNjbXMvTURBXy9mZjkyNjRkOWRmZDc1Mzk5OTBlYzI0YTExNDNlOTVmOC5qcGeRkwXNA.jpeg\" height=\"555\" width=\"467\" alt=\"Karta drogowa autobusu MAN o numerze taborowym 9277. Wida\u0107 w niej zg\u0142oszon\u0105 awari\u0119 hamulca przystankowego. Ten sam autobus bra\u0142 udzia\u0142 w tragicznym wypadku \u0179r\u00f3d\u0142o: brd24.pl\" loading=\"lazy\" fetchpriority=\"auto\" decoding=\"auto\"\/><\/p>\n<p>brd24.pl<\/p>\n<p>Karta drogowa autobusu MAN o numerze taborowym 9277. Wida\u0107 w niej zg\u0142oszon\u0105 awari\u0119 hamulca przystankowego. Ten sam autobus bra\u0142 udzia\u0142 w tragicznym wypadku \u0179r\u00f3d\u0142o: brd24.pl<\/p>\n<p>Kiedy zg\u0142aszano usterk\u0119 i kiedy naprawiono? PKS Gda\u0144sk nie chce powiedzie\u0107<\/p>\n<p>PKS Gda\u0144sk zarzeka si\u0119, \u017ce w dniu wypadku zabezpieczenia pojazdu dzia\u0142a\u0142y prawid\u0142owo. \u2014 Blokada ruszania przy otwartych drzwiach i zabezpieczenia kraw\u0119dziowe drzwi by\u0142y w pe\u0142ni sprawne \u2014 przekaza\u0142 brd24.pl przewo\u017anik.<\/p>\n<p>Jednak gdy zapytali\u015bmy, kiedy sp\u00f3\u0142ka otrzyma\u0142a od kierowc\u00f3w informacje o usterkach pojazdu 9277, jakie dzia\u0142ania podj\u0119\u0142a, kiedy zako\u0144czono naprawy i czy autobus by\u0142 w tym czasie kierowany do obs\u0142ugi linii, firma przesta\u0142a odpowiada\u0107 na nasze pytania.<\/p>\n<p>Do czasu publikacji PKS Gda\u0144sk wci\u0105\u017c nie nades\u0142a\u0142 tych odpowiedzi.<\/p>\n<p>O kart\u0119 drogow\u0105 ze zg\u0142oszon\u0105 usterk\u0105 hamulca przystankowego zapytali\u015bmy r\u00f3wnie\u017c Zarz\u0105d Transportu Miejskiego w Gda\u0144sku. Organizator przewoz\u00f3w przyznaje, \u017ce nie wiedzia\u0142 o takim stanie pojazdu. \u2014 Zarz\u0105d Transportu Miejskiego nie mia\u0142 wiedzy o takim stanie rzeczy, dlatego te\u017c prezes PKS zostanie zobowi\u0105zany do z\u0142o\u017cenia wyja\u015bnie\u0144 \u2014 przekaza\u0142a Joanna Leliwa, rzeczniczka prasowa ZTM Gda\u0144sk.<\/p>\n<p>W dniu wypadku akurat popsu\u0142 si\u0119 monitoring<\/p>\n<p>W\u0105tpliwo\u015bci dotycz\u0105 nie tylko stanu technicznego autobusu, lecz tak\u017ce monitoringu. Kamery w autobusie mog\u0142yby pokaza\u0107, w jaki spos\u00f3b dosz\u0142o do wypadku i np. czy podczas ruszania pojazdu drzwi by\u0142y otwarte. Okaza\u0142o si\u0119, \u017ce \u017cadne nagranie w \u015bledztwie nie zosta\u0142o jednak zabezpieczone. Bo akurat tego dnia monitoring si\u0119 zepsu\u0142. \u2014 W przedmiotowym poje\u017adzie w dniu zdarzenia monitoring nie dzia\u0142a\u0142 \u2014 przekaza\u0142 PKS Gda\u0144sk.<\/p>\n<p>Wiadomo za to, \u017ce w aktach sprawy s\u0105 nagrania z monitoringu miejskiego. \u2014 Zabezpieczono zapis monitoringu z kamer skrzy\u017cowania ulic Stryjewskiego i Ho\u017cej \u2014 potwierdza prokurator Duszy\u0144ski. Lecz o tym, co wida\u0107 na tych nagraniach, \u015bledczy nie chc\u0105 jeszcze m\u00f3wi\u0107.<\/p>\n<p>Cztery dni po wypadku autobus 9277 dalej wozi\u0142 pasa\u017cer\u00f3w<\/p>\n<p>Zapytali\u015bmy PKS Gda\u0144sk, jakie dzia\u0142ania podj\u0119to bezpo\u015brednio po \u015bmiertelnym wypadku wobec kierowcy i autobusu. Przewo\u017anik poinformowa\u0142 jedynie, \u017ce kierowca wyst\u0105pi\u0142 o dwa tygodnie wolnego i je otrzyma\u0142. Nie wyja\u015bni\u0142, czy zosta\u0142 formalnie odsuni\u0119ty od prowadzenia pojazd\u00f3w, czy wszcz\u0119to wewn\u0119trzne post\u0119powanie ani jakie czynno\u015bci wykonano, aby sprawdzi\u0107 stan techniczny autobusu.<\/p>\n<p>Sam pojazd d\u0142ugo jednak nie sta\u0142. Autobus numer 9277 wr\u00f3ci\u0142 do przewozu pasa\u017cer\u00f3w niemal natychmiast. Zaledwie cztery dni po najechaniu na kobiet\u0119, kt\u00f3ra p\u00f3\u017aniej zmar\u0142a, ten sam pojazd ponownie znalaz\u0142 si\u0119 na trasie.<\/p>\n<p>15 lutego ten autobus utkn\u0105\u0142 na rondzie przy ul. Lotniczej w Baninie. Na miejsce trzeba by\u0142o wezwa\u0107 stra\u017cak\u00f3w. PKS Gda\u0144sk t\u0142umaczy\u0142, \u017ce przyczyn\u0105 by\u0142y oblodzenie i bardzo trudne warunki drogowe.<\/p>\n<p><img class=\"ods-a-photo ods-a-photo--background\" src=\"https:\/\/www.europesays.com\/pl\/wp-content\/uploads\/2026\/07\/M00k9lBaHR0cHM6Ly9vY2RuLmV1L3B1bHNjbXMvTURBXy9kODVmNjkyMDY4NjhjOGRmMGE1NGEyMmE3YjQ1NjYxNi5qcGeRkwXNB.jpeg\" height=\"600\" width=\"800\" alt=\"15 lutego, cztery dni po najechaniu pasa\u017cerki, autobus MAN o numerze taborowym 9277 utkn\u0105\u0142 na rondzie w mie\u015bcie. Fot. Facebook\/OSP Banino\" loading=\"lazy\" fetchpriority=\"auto\" decoding=\"auto\"\/><\/p>\n<p>brd24.pl<\/p>\n<p>15 lutego, cztery dni po najechaniu pasa\u017cerki, autobus MAN o numerze taborowym 9277 utkn\u0105\u0142 na rondzie w mie\u015bcie. Fot. Facebook\/OSP Banino<\/p>\n<p>Gda\u0144szczanie pokazuj\u0105 w internecie: autobusy je\u017cd\u017c\u0105 z otwartymi drzwiami<\/p>\n<p>Problemy z autobusami PKS Gda\u0144sk nie zacz\u0119\u0142y si\u0119 wraz ze \u015bmiertelnym wypadkiem na przystanku &#8222;Stogi&#8221;. Od d\u0142u\u017cszego czasu pasa\u017cerowie z Gda\u0144ska publikuj\u0105 w internecie zdj\u0119cia i nagrania pojazd\u00f3w tego przewo\u017anika jad\u0105ce z otwartymi drzwiami. Na cz\u0119\u015bci materia\u0142\u00f3w autobusy poruszaj\u0105 si\u0119 ze znaczn\u0105 pr\u0119dko\u015bci\u0105.<\/p>\n<p><img class=\"ods-a-photo ods-a-photo--background\" src=\"https:\/\/www.europesays.com\/pl\/wp-content\/uploads\/2026\/07\/6RXk9lBaHR0cHM6Ly9vY2RuLmV1L3B1bHNjbXMvTURBXy82NGE4ZTIzNjg4YzQzMzA4OGRhNDY4MjZjY2JiYzI2OS5qcGeRkwXNB.jpeg\" height=\"1421\" width=\"800\" alt=\"Pasa\u017cerowie w Gda\u0144sku wrzucaj\u0105 do sieci zdj\u0119cia autobus\u00f3w je\u017cd\u017c\u0105cych z otwartymi drzwiami \u0179r\u00f3d\u0142o: Internet\" loading=\"lazy\" fetchpriority=\"auto\" decoding=\"auto\"\/><\/p>\n<p>brd24.pl<\/p>\n<p>Pasa\u017cerowie w Gda\u0144sku wrzucaj\u0105 do sieci zdj\u0119cia autobus\u00f3w je\u017cd\u017c\u0105cych z otwartymi drzwiami \u0179r\u00f3d\u0142o: Internet<\/p>\n<p>Trudno uzna\u0107 takie sytuacje za drobne uchybienia. Otwarte drzwi podczas jazdy stwarzaj\u0105 bezpo\u015brednie zagro\u017cenie dla zdrowia i \u017cycia przewo\u017conych os\u00f3b.<\/p>\n<p>PKS Gda\u0144sk zapewnia, \u017ce &#8222;wszelkie takie sytuacje s\u0105 weryfikowane na bie\u017c\u0105co oraz prowadzone s\u0105 dzia\u0142ania, kt\u00f3re maj\u0105 na celu popraw\u0119 bezpiecze\u0144stwa&#8221;.<\/p>\n<p>Usterki wykazywane przez kontrole. 20 tys. z\u0142 kar<\/p>\n<p>Jeszcze przed tragicznym wypadkiem wiadomo by\u0142o o problemach technicznych autobus\u00f3w PKS Gda\u0144sk. Wykaza\u0142y to kontrole Inspekcji Transportu Drogowego. Z pisma, do kt\u00f3rego dotar\u0142a redakcja BRD24.pl, wynika, \u017ce w styczniu 2026 r. przeprowadzono siedem kontroli autobus\u00f3w tego przewo\u017anika.<\/p>\n<p>&#8222;W jednym przypadku zatrzymano dow\u00f3d rejestracyjny w zwi\u0105zku z ujawnionymi usterkami. W drugim przypadku wszcz\u0119to post\u0119powanie administracyjne z uwagi na stwierdzone naruszenia czasu pracy oraz ukarano kierowc\u0119 mandatami karnymi&#8221; \u2014 wskazano w dokumencie.<\/p>\n<p>\u2014 W\u015br\u00f3d skontrolowanych w\u00f3wczas pojazd\u00f3w przewo\u017anika PKS Gda\u0144sk nie znalaz\u0142 si\u0119 autobus o nr rej. GD 277MX \u2014 przekaza\u0142a portalowi BRD24.pl Anna H. Sawicka, naczelnik Wydzia\u0142u Prawnego Pomorskiego Wojew\u00f3dzkiego ITD.<\/p>\n<p>Nieprawid\u0142owo\u015bci w autobusach PKS Gda\u0144sk wykazywano o wiele wi\u0119cej. Tylko w 2026 r. przy obs\u0142udze linii T8 sam ZTM stwierdzi\u0142 11 przypadk\u00f3w realizowania przewoz\u00f3w pojazdem, kt\u00f3ry nie spe\u0142nia\u0142 wymog\u00f3w okre\u015blonych w przepisach prawa oraz wymaganych parametr\u00f3w techniczno-u\u017cytkowych. Z tego tytu\u0142u naliczono PKS Gda\u0144sk ponad 20 000 z\u0142 kar umownych.<\/p>\n<p>Miasto zadowolone z PKS Gda\u0144sk. &#8222;Wykonuje zadanie z zaanga\u017cowaniem&#8221;<\/p>\n<p>Pomimo wynik\u00f3w kontroli, setek naliczonych kar, materia\u0142\u00f3w pokazuj\u0105cych autobusy poruszaj\u0105ce si\u0119 z otwartymi drzwiami oraz po \u015bmiertelnym wypadku, miasto uwa\u017ca, \u017ce PKS Gda\u0144sk to firma, kt\u00f3ra powinna dalej zapewnia\u0107 przewozy mieszka\u0144com.<\/p>\n<p>&#8222;Jako Organizator Transportu Miejskiego w Gda\u0144sku uwa\u017camy, \u017ce operator PKS wykonuje powierzone zadania z zaanga\u017cowaniem&#8221; \u2014 przekaza\u0142 brd24.pl ZTM Gda\u0144sk.<\/p>\n<p>ZTM przyznaje wi\u0119c, \u017ce nie wiedzia\u0142 o zg\u0142aszanych usterkach autobusu 9277 i zapowiada wezwanie prezesa PKS do z\u0142o\u017cenia wyja\u015bnie\u0144 w sprawie stanu technicznego pojazdu, ale zanim us\u0142yszy te wyja\u015bnienia, deklaruje ju\u017c, \u017ce nie rozwa\u017ca ani rozwi\u0105zania, ani ograniczenia umowy.<\/p>\n","protected":false},"excerpt":{"rendered":"11 lutego 2026 r. autobus linii T8 zatrzyma\u0142 si\u0119 przy przystanku &#8222;Stogi&#8221; w Gda\u0144sku. Podczas odjazdu kierowca najecha\u0142&hellip;\n","protected":false},"author":2,"featured_media":591911,"comment_status":"","ping_status":"","sticky":false,"template":"","format":"standard","meta":{"footnotes":"","_share_on_mastodon":"0"},"categories":[51610],"tags":[61195,12359,1048,1232,48,46,55,42,38,40,39,41,47],"class_list":["post-591910","post","type-post","status-publish","format-standard","has-post-thumbnail","category-gdansk","tag-bottomfeed_styl","tag-brd24pl","tag-gdansk","tag-motoryzacja","tag-nat_styl","tag-omp","tag-phx","tag-pl","tag-poland","tag-polish","tag-polska","tag-polski","tag-screening_general"],"share_on_mastodon":{"url":"https:\/\/pubeurope.com\/@pl\/117014201489946146","error":""},"_links":{"self":[{"href":"https:\/\/www.europesays.com\/pl\/wp-json\/wp\/v2\/posts\/591910","targetHints":{"allow":["GET"]}}],"collection":[{"href":"https:\/\/www.europesays.com\/pl\/wp-json\/wp\/v2\/posts"}],"about":[{"href":"https:\/\/www.europesays.com\/pl\/wp-json\/wp\/v2\/types\/post"}],"author":[{"embeddable":true,"href":"https:\/\/www.europesays.com\/pl\/wp-json\/wp\/v2\/users\/2"}],"replies":[{"embeddable":true,"href":"https:\/\/www.europesays.com\/pl\/wp-json\/wp\/v2\/comments?post=591910"}],"version-history":[{"count":0,"href":"https:\/\/www.europesays.com\/pl\/wp-json\/wp\/v2\/posts\/591910\/revisions"}],"wp:featuredmedia":[{"embeddable":true,"href":"https:\/\/www.europesays.com\/pl\/wp-json\/wp\/v2\/media\/591911"}],"wp:attachment":[{"href":"https:\/\/www.europesays.com\/pl\/wp-json\/wp\/v2\/media?parent=591910"}],"wp:term":[{"taxonomy":"category","embeddable":true,"href":"https:\/\/www.europesays.com\/pl\/wp-json\/wp\/v2\/categories?post=591910"},{"taxonomy":"post_tag","embeddable":true,"href":"https:\/\/www.europesays.com\/pl\/wp-json\/wp\/v2\/tags?post=591910"}],"curies":[{"name":"wp","href":"https:\/\/api.w.org\/{rel}","templated":true}]}}