{"id":592200,"date":"2026-07-31T13:31:12","date_gmt":"2026-07-31T13:31:12","guid":{"rendered":"https:\/\/www.europesays.com\/pl\/592200\/"},"modified":"2026-07-31T13:31:12","modified_gmt":"2026-07-31T13:31:12","slug":"weekend-pelen-atrakcji-w-lublinie-cyrk-fireshow-graffiti-i-festiwal-kultury-zydowskiej","status":"publish","type":"post","link":"https:\/\/www.europesays.com\/pl\/592200\/","title":{"rendered":"Weekend pe\u0142en atrakcji w Lublinie. Cyrk, fireshow, graffiti i festiwal kultury \u017cydowskiej"},"content":{"rendered":"<p>Wydarzenia organizowane w ramach akcji #DziejeSi\u0119 rozpoczn\u0105 si\u0119 ju\u017c w pi\u0105tek na Placu Litewskim. Kolejne atrakcje zaplanowano na sobot\u0119 i niedziel\u0119 w r\u00f3\u017cnych cz\u0119\u015bciach miasta. Wiele propozycji przygotowano zar\u00f3wno dla rodzin z dzie\u0107mi, jak i mi\u0142o\u015bnik\u00f3w historii, fotografii, sztuki ulicznej oraz aktywnego wypoczynku.<\/p>\n<p>Sztukmistrze i multimedialna fontanna<\/p>\n<p>Pi\u0105tkowy program na Placu Litewskim otworzy spektakl \u017conglersko-akrobatyczny \u201ePodr\u00f3\u017c Sztukmistrza: Prolog\u201d. Widowisko rozpocznie si\u0119 o godz. 18.00. Przygotowa\u0142y je Fundacja Sztukmistrze, Centrum Kultury w Lublinie oraz Europejska Stolica Kultury Lublin 2029.<\/p>\n<p>Interaktywny pokaz wsp\u00f3\u0142tworzy pi\u0119cioro w\u0119drownych sztukmistrz\u00f3w. Arty\u015bci na oczach publiczno\u015bci zbuduj\u0105 scenografi\u0119, przygotuj\u0105 rekwizyty, a nast\u0119pnie zaprezentuj\u0105 akrobatyk\u0119, \u017conglerk\u0119 i ekwilibrystyk\u0119. Spektakl b\u0119dzie opowie\u015bci\u0105 o energii Lublina oraz idei miasta RE:Union, opartej na wsp\u00f3lnocie, wsp\u00f3\u0142pracy i spotkaniu. Zako\u0144czy go wsp\u00f3lna kawa z przechodniami.<\/p>\n<p>O godz. 20.30 rozpocznie si\u0119 fireshow \u0142\u0105cz\u0105ce taniec z ogniem, akrobatyk\u0119 i elementy pirotechniczne. P\u00f3\u017aniej publiczno\u015b\u0107 b\u0119dzie mog\u0142a obejrze\u0107 pokazy \u015bwiat\u0142o\u2013woda\u2013d\u017awi\u0119k na fontannie multimedialnej. O godz. 21.30 zaprezentowane zostan\u0105 widowiska \u201eWieniawski IMPRO\u201d oraz \u201eHistoria Placu Litewskiego na weso\u0142o\u201d.<\/p>\n<p>Meeting of Styles przyci\u0105gnie artyst\u00f3w z sze\u015bciu kraj\u00f3w<\/p>\n<p>W sobot\u0119 rozpocznie si\u0119 kolejna edycja Meeting of Styles, jednego z najwa\u017cniejszych festiwali sztuki ulicznej na \u015bwiecie. Do Lublina przyjad\u0105 arty\u015bci z Polski, Argentyny, Szwecji, Belgii, Hiszpanii i Turcji. Festiwal potrwa do poniedzia\u0142ku, 3 sierpnia.<\/p>\n<p>Program obejmuje dwa dni wsp\u00f3lnego malowania graffiti na terenach zielonych SKENDE oraz na \u015bcianie oporowej przy Hali Globus na ul. Zana. Zaplanowano tak\u017ce wystaw\u0119 Emila Jamrozika \u201eMundial nie istnieje\u201d w galerii Tytonie.Art oraz wykonanie wielkoformatowego muralu autorstwa Ryszarda Paurowskiego, znanego jako Public Surfer, pod wiaduktem przy ul. Krochmalnej.<\/p>\n<p>Dope\u0142nieniem wydarzenia b\u0119d\u0105 spotkania i rozmowy organizowane na skwerku w Lubelskich Tytoniach.<\/p>\n<p>Spektakl dla dzieci, warsztaty i spacer historyczny<\/p>\n<p>Sobotnie propozycje skierowane do najm\u0142odszych rozpoczn\u0105 si\u0119 na Placu Rybnym. O godz. 12.00 odb\u0119dzie si\u0119 spektakl \u201eImpro Bajka\u201d, natomiast godzin\u0119 p\u00f3\u017aniej wystartuj\u0105 warsztaty plecionkarskie. Poprowadzi je mistrzyni plecionkarstwa Karolina Karpi\u0144ska, kt\u00f3ra poka\u017ce uczestnikom, jak wykona\u0107 wiklinowe ozdoby z wierzbowych ga\u0142\u0105zek.<\/p>\n<p>Mi\u0142o\u015bnicy lokalnej historii b\u0119d\u0105 mogli wzi\u0105\u0107 udzia\u0142 w spacerze \u201eChasydzi w Lublinie\u201d. Uczestnicy poznaj\u0105 mniej znane w\u0105tki zwi\u0105zane z histori\u0105 lubelskiego chasydyzmu. Spacer rozpocznie si\u0119 o godz. 11.00 przed Centrum Informacji O\u015brodka \u201eBrama Grodzka \u2013 Teatr NN\u201d przy ul. Grodzkiej 21.<\/p>\n<p>O godz. 16.00 w Galerii Saskiej zaplanowano wernisa\u017c wystawy \u201eDown to Earth: Climate Change and Climate Futures\u201d, przygotowanej przez World Press Photo oraz Kr\u00f3lestwo Niderland\u00f3w. Ekspozycja przedstawi fotografie dokumentuj\u0105ce skutki globalnego ocieplenia, w tym susze, po\u017cary i ekstremalne zjawiska pogodowe. Poka\u017ce r\u00f3wnie\u017c dzia\u0142ania podejmowane na \u015bwiecie w odpowiedzi na zmiany klimatu.<\/p>\n<p>Wieczorem wydarzenia powr\u00f3c\u0105 na Plac Litewski. O godz. 18.00 ponownie zaprezentowany zostanie spektakl \u201ePodr\u00f3\u017c Sztukmistrza: Prolog\u201d, o godz. 20.30 rozpocznie si\u0119 fireshow, a o godz. 21.30 na fontannie multimedialnej b\u0119dzie mo\u017cna zobaczy\u0107 pokazy \u201eCzarcia \u0141apa\u201d oraz \u201eLegenda\u201d.<\/p>\n<p>Lubliner Festival i Aktywna Niedziela na Orliku<\/p>\n<p>W niedziel\u0119 Lublin na kilka dni stanie si\u0119 stolic\u0105 kultury \u017cydowskiej. Rozpocznie si\u0119 Lubliner Festival, kt\u00f3rego program obejmuje koncerty prezentuj\u0105ce r\u00f3\u017cne nurty muzyki \u017cydowskiej, warsztaty oraz spotkania po\u015bwi\u0119cone kulturze, historii i tradycjom kulinarnym.<\/p>\n<p>Sportow\u0105 cz\u0119\u015b\u0107 dnia otworzy Aktywna Niedziela na Orliku. Od godz. 9.00 na boisku przy Szkole Podstawowej nr 57 przy ul. Krasi\u0144skiego 7 b\u0119d\u0105 odbywa\u0142y si\u0119 treningi sportowe, zaj\u0119cia og\u00f3lnorozwojowe oraz biegowy Coff\u00e8 Run. Przygotowana zostanie r\u00f3wnie\u017c Strefa Chill &amp; Zdrowia. W wydarzeniu mog\u0105 uczestniczy\u0107 mieszka\u0144cy niezale\u017cnie od wieku.<\/p>\n<p>O godz. 11.00 z Placu Po Farze wyruszy spacer \u201eJak sp\u0119dzano czas wolny? Opowie\u015b\u0107 o rozrywkach w staropolskim Lublinie\u201d. Jego uczestnicy dowiedz\u0105 si\u0119, jak mieszka\u0144cy miasta bawili si\u0119 i odpoczywali w dawnych czasach.<\/p>\n<p>Godzin\u0119 p\u00f3\u017aniej na Placu Rybnym rozpocznie si\u0119 koncert plenerowy z cyklu \u201eNiedzielne spotkania z harf\u0105\u201d. Niedzielny program uzupe\u0142ni\u0105 kolejny dzie\u0144 Meeting of Styles oraz wieczorne spotkania ze sztukmistrzami na Placu Litewskim.<\/p>\n<p><img loading=\"lazy\" decoding=\"async\" class=\"alignnone size-medium wp-image-521021\" src=\"https:\/\/www.europesays.com\/pl\/wp-content\/uploads\/2026\/07\/Lublin-Dzieje-Sie-Weekend-31_07-2_08-harmonogram-640x778.jpg\" alt=\"Weekend pe\u0142en atrakcji w Lublinie. Cyrk, fireshow, graffiti i festiwal kultury \u017cydowskiej\" width=\"411\" height=\"500\"  \/><\/p>\n<p>\u0179r\u00f3d\u0142o: UM Lublin<\/p>\n","protected":false},"excerpt":{"rendered":"Wydarzenia organizowane w ramach akcji #DziejeSi\u0119 rozpoczn\u0105 si\u0119 ju\u017c w pi\u0105tek na Placu Litewskim. Kolejne atrakcje zaplanowano na&hellip;\n","protected":false},"author":2,"featured_media":592201,"comment_status":"","ping_status":"","sticky":false,"template":"","format":"standard","meta":{"footnotes":"","_share_on_mastodon":"0"},"categories":[51612],"tags":[116978,100434,1081,93503,116979,42,52442,38,40,39,41,66323,60254],"class_list":["post-592200","post","type-post","status-publish","format-standard","has-post-thumbnail","category-lublin","tag-aktywna-niedziela","tag-fireshow","tag-lublin","tag-lubliner-festival","tag-meeting-of-styles","tag-pl","tag-plac-litewski","tag-poland","tag-polish","tag-polska","tag-polski","tag-weekend-w-lublinie","tag-wydarzenia-kulturalne"],"share_on_mastodon":{"url":"https:\/\/pubeurope.com\/@pl\/117014842203483110","error":""},"_links":{"self":[{"href":"https:\/\/www.europesays.com\/pl\/wp-json\/wp\/v2\/posts\/592200","targetHints":{"allow":["GET"]}}],"collection":[{"href":"https:\/\/www.europesays.com\/pl\/wp-json\/wp\/v2\/posts"}],"about":[{"href":"https:\/\/www.europesays.com\/pl\/wp-json\/wp\/v2\/types\/post"}],"author":[{"embeddable":true,"href":"https:\/\/www.europesays.com\/pl\/wp-json\/wp\/v2\/users\/2"}],"replies":[{"embeddable":true,"href":"https:\/\/www.europesays.com\/pl\/wp-json\/wp\/v2\/comments?post=592200"}],"version-history":[{"count":0,"href":"https:\/\/www.europesays.com\/pl\/wp-json\/wp\/v2\/posts\/592200\/revisions"}],"wp:featuredmedia":[{"embeddable":true,"href":"https:\/\/www.europesays.com\/pl\/wp-json\/wp\/v2\/media\/592201"}],"wp:attachment":[{"href":"https:\/\/www.europesays.com\/pl\/wp-json\/wp\/v2\/media?parent=592200"}],"wp:term":[{"taxonomy":"category","embeddable":true,"href":"https:\/\/www.europesays.com\/pl\/wp-json\/wp\/v2\/categories?post=592200"},{"taxonomy":"post_tag","embeddable":true,"href":"https:\/\/www.europesays.com\/pl\/wp-json\/wp\/v2\/tags?post=592200"}],"curies":[{"name":"wp","href":"https:\/\/api.w.org\/{rel}","templated":true}]}}