{"id":592316,"date":"2026-07-31T14:35:12","date_gmt":"2026-07-31T14:35:12","guid":{"rendered":"https:\/\/www.europesays.com\/pl\/592316\/"},"modified":"2026-07-31T14:35:12","modified_gmt":"2026-07-31T14:35:12","slug":"14-latek-uciekl-z-domu-przez-dwa-tygodnie-zyl-z-oddawania-butelek","status":"publish","type":"post","link":"https:\/\/www.europesays.com\/pl\/592316\/","title":{"rendered":"14-latek uciek\u0142 z domu. Przez dwa tygodnie \u017cy\u0142 z oddawania butelek"},"content":{"rendered":"<p>Do zdarzenia dosz\u0142o w Warszawie w nocy z 22 na 23 lipca. Kierowca autobusu linii N02 zauwa\u017cy\u0142, \u017ce m\u0142ody pasa\u017cer od oko\u0142o dw\u00f3ch godzin je\u017adzi t\u0105 sam\u0105 tras\u0105 w k\u00f3\u0142ko. Zaniepokojony jego sytuacj\u0105 powiadomi\u0142 stra\u017c miejsk\u0105.<\/p>\n<p>Gdy funkcjonariusze dotarli na przystanek przy ul. Handlowej, zastali ch\u0142opca siedz\u0105cego w tylnej cz\u0119\u015bci autobusu. Mimo nocnego ch\u0142odu mia\u0142 na sobie jedynie koszulk\u0119 z kr\u00f3tkim r\u0119kawem, kr\u00f3tkie spodenki i sportowe buty.<\/p>\n<p><a href=\"https:\/\/www.onet.pl\/\" title=\"Strona G\u0142\u00f3wna\" aria-label=\"Strona G\u0142\u00f3wna\" data-astro-prefetch=\"tap\" class=\"ods-a-logo-main-desktop\" rel=\"nofollow noopener\" target=\"_blank\"><img src=\"https:\/\/cdn.wiadomosci.onet.pl\/img\/Logo_desktop_Onet.svg\" class=\"ods-a-logo-main-desktop__image\" alt=\"Logo\" width=\"107\" height=\"60\" fetchpriority=\"high\" decoding=\"sync\" style=\"height:60px\"\/><\/a><\/p>\n<p class=\"ods-m-google-article__text\">Czytaj nas cz\u0119\u015bciej w Google<\/p>\n<p><a href=\"https:\/\/google.com\/preferences\/source?q=wiadomosci.onet.pl\" target=\"_blank\" rel=\"noopener noreferrer nofollow\" aria-label=\"Dodaj w Google\" title=\"Dodaj w Google\" class=\"ods-a-button ods-a-button__primary ods-a-button__default ods-a-button-l\">Dodaj w Google<\/a><\/p>\n<p>Pocz\u0105tkowo 14-latek t\u0142umaczy\u0142, \u017ce po prostu &#8222;sobie je\u017adzi&#8221;. W rozmowie ze stra\u017cnikami zacz\u0105\u0142 jednak stopniowo opowiada\u0107 o swojej sytuacji. Przyzna\u0142, \u017ce uciek\u0142 z domu, bo przeszkadza\u0142o mu rodze\u0144stwo.<\/p>\n<p>Ch\u0142opiec nie skar\u017cy\u0142 si\u0119 na problemy zdrowotne. Powiedzia\u0142 jedynie, \u017ce chce mu si\u0119 pi\u0107. Stra\u017cnicy podali mu wod\u0119 i kontynuowali rozmow\u0119.<\/p>\n<p>W jej trakcie wysz\u0142o na jaw, \u017ce nastolatek od dw\u00f3ch tygodni nie przebywa\u0142 w domu. Najbardziej zaskakuj\u0105ce okaza\u0142o si\u0119 jednak to, w jaki spos\u00f3b zdobywa\u0142 \u015brodki na jedzenie. Jak przyzna\u0142, pieni\u0105dze pozyskiwa\u0142 dzi\u0119ki oddawaniu butelek i puszek obj\u0119tych systemem kaucyjnym.<\/p>\n<p>Poniewa\u017c stra\u017cnikom nie uda\u0142o si\u0119 skontaktowa\u0107 telefonicznie z matk\u0105 ch\u0142opca, na miejsce wezwano policj\u0119. Funkcjonariusze sprawdzili dane nastolatka w policyjnych systemach i potwierdzili, \u017ce rzeczywi\u015bcie jest osob\u0105 poszukiwan\u0105 jako uciekinier z domu.<\/p>\n<p>14-latek zosta\u0142 przekazany pod opiek\u0119 policjant\u00f3w, kt\u00f3rzy mieli skontaktowa\u0107 si\u0119 z jego rodzin\u0105 i zapewni\u0107 mu powr\u00f3t do domu.<\/p>\n<p class=\"ods-o-frame-in-text__paragraph\">O wypadku, w kt\u00f3rym zgin\u0119\u0142a 10-latka, m\u00f3wi\u0142a ca\u0142a Polska. \u0141odzi\u0105 sterowa\u0142 miliarder ze Szczecina. Ujawniamy nowe fakty<\/p>\n<p class=\"ods-o-frame-in-text__paragraph\"><a href=\"https:\/\/wiadomosci.onet.pl\/tylko-w-onecie\/o-tym-wypadku-mowila-cala-polska-lodzia-sterowal-miliarder-ze-szczecina-ujawniamy\/vnnkwxn\" id=\"d61186fc-4348-4143-aff4-a142c1b3e4ec\" rel=\"nofollow noopener\" target=\"_blank\">PRZECZYTAJ TEKST<\/a><\/p>\n<p><img class=\"ods-a-photo ods-a-photo--background\" src=\"https:\/\/www.europesays.com\/pl\/wp-content\/uploads\/2026\/07\/4wYk9lBaHR0cHM6Ly9vY2RuLmV1L3B1bHNjbXMvTURBXy84NmU3ZGFkMDBmYzE2MTg5ZDlmNmUzNDcwMWQ3MTFiOS5wbmeRlQLNA.jpeg\" height=\"253\" width=\"450\" alt=\"Protest przeciwko budowaniu bazy paliwowej w Szczecinie, Jan Bobrek, poszukiwania na jeziorze D\u0105bie\" loading=\"lazy\" fetchpriority=\"low\" decoding=\"async\"\/><\/p>\n","protected":false},"excerpt":{"rendered":"Do zdarzenia dosz\u0142o w Warszawie w nocy z 22 na 23 lipca. Kierowca autobusu linii N02 zauwa\u017cy\u0142, \u017ce&hellip;\n","protected":false},"author":2,"featured_media":592317,"comment_status":"","ping_status":"","sticky":false,"template":"","format":"standard","meta":{"footnotes":"","_share_on_mastodon":"0"},"categories":[51605],"tags":[61195,48,46,42,38,40,39,41,47,2267,435],"class_list":["post-592316","post","type-post","status-publish","format-standard","has-post-thumbnail","category-warszawa","tag-bottomfeed_styl","tag-nat_styl","tag-omp","tag-pl","tag-poland","tag-polish","tag-polska","tag-polski","tag-screening_general","tag-straz_miejska","tag-warszawa"],"share_on_mastodon":{"url":"","error":""},"_links":{"self":[{"href":"https:\/\/www.europesays.com\/pl\/wp-json\/wp\/v2\/posts\/592316","targetHints":{"allow":["GET"]}}],"collection":[{"href":"https:\/\/www.europesays.com\/pl\/wp-json\/wp\/v2\/posts"}],"about":[{"href":"https:\/\/www.europesays.com\/pl\/wp-json\/wp\/v2\/types\/post"}],"author":[{"embeddable":true,"href":"https:\/\/www.europesays.com\/pl\/wp-json\/wp\/v2\/users\/2"}],"replies":[{"embeddable":true,"href":"https:\/\/www.europesays.com\/pl\/wp-json\/wp\/v2\/comments?post=592316"}],"version-history":[{"count":0,"href":"https:\/\/www.europesays.com\/pl\/wp-json\/wp\/v2\/posts\/592316\/revisions"}],"wp:featuredmedia":[{"embeddable":true,"href":"https:\/\/www.europesays.com\/pl\/wp-json\/wp\/v2\/media\/592317"}],"wp:attachment":[{"href":"https:\/\/www.europesays.com\/pl\/wp-json\/wp\/v2\/media?parent=592316"}],"wp:term":[{"taxonomy":"category","embeddable":true,"href":"https:\/\/www.europesays.com\/pl\/wp-json\/wp\/v2\/categories?post=592316"},{"taxonomy":"post_tag","embeddable":true,"href":"https:\/\/www.europesays.com\/pl\/wp-json\/wp\/v2\/tags?post=592316"}],"curies":[{"name":"wp","href":"https:\/\/api.w.org\/{rel}","templated":true}]}}