{"id":592808,"date":"2026-07-31T19:12:08","date_gmt":"2026-07-31T19:12:08","guid":{"rendered":"https:\/\/www.europesays.com\/pl\/592808\/"},"modified":"2026-07-31T19:12:08","modified_gmt":"2026-07-31T19:12:08","slug":"trzy-minuty-i-trzy-gole-szalony-mecz-w-polskiej-lidze","status":"publish","type":"post","link":"https:\/\/www.europesays.com\/pl\/592808\/","title":{"rendered":"Trzy minuty i trzy gole. Szalony mecz w polskiej lidze"},"content":{"rendered":"\n<p class=\"contentpart contentpart--default contentpart--text\" data-position=\"0\">Po pierwszej kolejce <a href=\"https:\/\/sportowefakty.wp.pl\/pilka-nozna\/betclic-i-liga\" rel=\"nofollow noopener\" target=\"_blank\">Betclic I ligi<\/a>\u00a0to <a href=\"https:\/\/sportowefakty.wp.pl\/pilka-nozna\/polonia-bytom\" rel=\"nofollow noopener\" target=\"_blank\">Polonia Bytom<\/a>\u00a0mia\u0142a wi\u0119ksze powody do zadowolenia. Dru\u017cyna prowadzona przez Konrada Gereg\u0119 pokona\u0142a 4:3 Wart\u0119 Pozna\u0144. <a href=\"https:\/\/sportowefakty.wp.pl\/pilka-nozna\/lks-lodz\" rel=\"nofollow noopener\" target=\"_blank\">\u0141KS \u0141\u00f3d\u017a<\/a>\u00a0z kolei podzieli\u0142 si\u0119 punktami z Pogoni\u0105 Siedlce (1:1).<\/p>\n<p class=\"contentpart contentpart--default contentpart--text\" data-position=\"1\">Na bramk\u0119 w pi\u0105tkowym spotkaniu trzeba by\u0142o poczeka\u0107 do 44. minuty rywalizacji. W\u00f3wczas z obj\u0119cia prowadzenia cieszyli si\u0119 go\u015bcie. Pi\u0142k\u0119 po do\u015brodkowaniu wybi\u0142 jeden z obro\u0144c\u00f3w \u0141odzian.<\/p>\n<p>  <img decoding=\"async\" src=\"https:\/\/v.wpimg.pl\/X3dwLnN2d1IFFTpdYUl6R0ZNbgcnEHQREVV2TGEGbUtRT2MdOlZ2RBQUKABgQjQcDRotCStBd1IAAWMeIlM7VgwYIAorQAdEFFk_GCkQJQ\" alt=\"\" width=\"45\" height=\"58\" loading=\"lazy\"\/>       <\/p>\n<p class=\"contentpart contentpart--default contentpart--text\" data-position=\"3\">Przed polem karnym dobrze ustawiony by\u0142 Miko\u0142aj \u0141abojko. Po jego uderzeniu mia\u0142 jeszcze miejsce rykoszet i futbol\u00f3wka trafi\u0142a do siatki. Gospodarze odpowiedzieli b\u0142yskawicznie.<\/p>\n<p class=\"contentpart contentpart--default contentpart--text\" data-position=\"4\">Jeden z zawodnik\u00f3w \u0141KS-u dobrze zagra\u0142 g\u0142ow\u0105 do nadbiegaj\u0105cego Kacpra Nowakowskiego. Wypo\u017cyczony z Rakowa Cz\u0119stochowa zawodnik wyr\u00f3wna\u0142 stan rywalizacji.<\/p>\n<p class=\"contentpart contentpart--default contentpart--text\" data-position=\"5\">W kolejnej akcji zesp\u00f3\u0142 Grzegorza Szoki ponownie zaskoczy\u0142 pi\u0105tkowych przeciwnik\u00f3w. Tym razem w roli g\u0142\u00f3wnej wyst\u0105pi\u0142 Fabian Piasecki, kt\u00f3ry wykorzysta\u0142 sytuacj\u0119 sam na sam z bramkarzem. Do przerwy \u0141KS prowadzi\u0142 2:1 i takim wynikiem zako\u0144czy\u0142o si\u0119 to starcie.<\/p>\n<p class=\"contentpart contentpart--default contentpart--text\" data-position=\"6\">ZOBACZ WIDEO: Pozna\u0144 w szoku, a oni w euforii. Tak bawili si\u0119 kibice z Danii<\/p>\n","protected":false},"excerpt":{"rendered":"Po pierwszej kolejce Betclic I ligi\u00a0to Polonia Bytom\u00a0mia\u0142a wi\u0119ksze powody do zadowolenia. Dru\u017cyna prowadzona przez Konrada Gereg\u0119 pokona\u0142a&hellip;\n","protected":false},"author":2,"featured_media":592809,"comment_status":"","ping_status":"","sticky":false,"template":"","format":"standard","meta":{"footnotes":"","_share_on_mastodon":"0"},"categories":[24],"tags":[3640,3650,269,42,38,40,7174,39,41,127,126],"class_list":["post-592808","post","type-post","status-publish","format-standard","has-post-thumbnail","category-sport","tag-betclic-i-liga","tag-lks-lodz","tag-pilka-nozna","tag-pl","tag-poland","tag-polish","tag-polonia-bytom","tag-polska","tag-polski","tag-sport","tag-sports"],"share_on_mastodon":{"url":"https:\/\/pubeurope.com\/@pl\/117016183348422674","error":""},"_links":{"self":[{"href":"https:\/\/www.europesays.com\/pl\/wp-json\/wp\/v2\/posts\/592808","targetHints":{"allow":["GET"]}}],"collection":[{"href":"https:\/\/www.europesays.com\/pl\/wp-json\/wp\/v2\/posts"}],"about":[{"href":"https:\/\/www.europesays.com\/pl\/wp-json\/wp\/v2\/types\/post"}],"author":[{"embeddable":true,"href":"https:\/\/www.europesays.com\/pl\/wp-json\/wp\/v2\/users\/2"}],"replies":[{"embeddable":true,"href":"https:\/\/www.europesays.com\/pl\/wp-json\/wp\/v2\/comments?post=592808"}],"version-history":[{"count":0,"href":"https:\/\/www.europesays.com\/pl\/wp-json\/wp\/v2\/posts\/592808\/revisions"}],"wp:featuredmedia":[{"embeddable":true,"href":"https:\/\/www.europesays.com\/pl\/wp-json\/wp\/v2\/media\/592809"}],"wp:attachment":[{"href":"https:\/\/www.europesays.com\/pl\/wp-json\/wp\/v2\/media?parent=592808"}],"wp:term":[{"taxonomy":"category","embeddable":true,"href":"https:\/\/www.europesays.com\/pl\/wp-json\/wp\/v2\/categories?post=592808"},{"taxonomy":"post_tag","embeddable":true,"href":"https:\/\/www.europesays.com\/pl\/wp-json\/wp\/v2\/tags?post=592808"}],"curies":[{"name":"wp","href":"https:\/\/api.w.org\/{rel}","templated":true}]}}