{"id":59298,"date":"2025-10-20T17:39:09","date_gmt":"2025-10-20T17:39:09","guid":{"rendered":"https:\/\/www.europesays.com\/pl\/59298\/"},"modified":"2025-10-20T17:39:09","modified_gmt":"2025-10-20T17:39:09","slug":"dramatyczny-wypadek-w-kielcach-kobieta-spadla-ze-skal-onet","status":"publish","type":"post","link":"https:\/\/www.europesays.com\/pl\/59298\/","title":{"rendered":"Dramatyczny wypadek w Kielcach. Kobieta spad\u0142a ze ska\u0142 &#8211; Onet"},"content":{"rendered":"<ol>\n<li><a href=\"https:\/\/news.google.com\/rss\/articles\/CBMisgFBVV95cUxQQTZ4bm0wcEFFaGNVc1hTbnRqMlMycHFydUh0Ml9JNDZXblRaQUFRY0FHZ1JDUktUT1BpN2JvVXBaTXJLVlNQX3lXdThneDJWTTlvUjZscWlPek9hbDFHQ1E5NzR3ZXdZTWpvRW01R2JtR0ZfelhJODA4eHhHU0FnWDM1UDY5SmhvQVdfY1J0QUpvNWZPWjZLZHZEN3NuQXBBNFdFbUxKZVdpODVVdEJab3FB?oc=5\" target=\"_blank\" rel=\"nofollow noopener\">Dramatyczny wypadek w Kielcach. Kobieta spad\u0142a ze ska\u0142<\/a>&nbsp;&nbsp;Onet<\/li>\n<li><a href=\"https:\/\/news.google.com\/rss\/articles\/CBMimAFBVV95cUxNejlsQVU4UzJzMDVablBGLWJvT18yREJPRy1xVUw4SXYzQmdLLU5kcHFtekhpWHdkYUZYMXNHdlliZW9YdU1oZ3dQMEQ4MGFsTk1Ra0FaU2FCM3dVYU1sd01scDhQQzVMZ1diUzhPMGpDNFMwTmpqNjlCMWxPcGV3LTduRUh0anF2c0pyMk8ybUdBa2ItZ2l0Qg?oc=5\" target=\"_blank\" rel=\"nofollow noopener\">Dramatyczne sceny w rezerwacie \u015alichowice. \u017bycia kielczanki nie uda\u0142o si\u0119 uratowa\u0107 [AKTUALIZACJA]<\/a>&nbsp;&nbsp;TVP Kielce<\/li>\n<li><a href=\"https:\/\/news.google.com\/rss\/articles\/CBMiiAFBVV95cUxNOVFjdkJIbVhLVDhKN3VDbVdsREtwLXM3UHdwbVVnVGZSdzFfYjJaWjJIb2hhY2s0bERsRUdQY3ZWdEx5aTJvYWZ6d1NMcVNVZi1Hc3ExOUhiZjRGN1hsUzl1SkNwbUI0bVR1Y1JlZmZIa3hxS3VtQm9hVkFCcTNTZElqSzJxaGow?oc=5\" target=\"_blank\" rel=\"nofollow noopener\">Kielce. Spad\u0142a ze ska\u0142 do wody. 32-latka nie \u017cyje<\/a>&nbsp;&nbsp;TVN24<\/li>\n<li><a href=\"https:\/\/news.google.com\/rss\/articles\/CBMieEFVX3lxTFBFdFU5UnY3aENkcDdHWjM1cm1SRnJsTE1zdWxOMG01d3JaSEtSaXc0YzZubDdXbzByUUlJMXkxcWZGYTJ4YzFHdTlGUS11Ull3ZE9IT09ZcDA3TTB2MEJJN2lnMDhuMHduN2V3VHN3MmhnS1BVR2JUcg?oc=5\" target=\"_blank\" rel=\"nofollow noopener\">Wypadek w rezerwacie. Nie \u017cyje kobieta<\/a>&nbsp;&nbsp;Radio Kielce<\/li>\n<li><a href=\"https:\/\/news.google.com\/rss\/articles\/CBMivwFBVV95cUxPNjN6cUNhVmVWTXMxX3ZaSkl0R3d1TEdjWnl0WjBDd1Jma2pFSFVJRXRZNy1GUGZMU2tTREVWeTlBWV94R29NQWxtbDJ6YmxoZEVnSDVDLTZJYjRTbUZzdThzQVkzV054Q1Q4S3ktUXVqemxkMDVtTVc0YjVrUnRDSTVVcmxGU1dGTGthdm9sU0w3VXc5dEtPeFJDWjJ4OVlBNzhaU2JMSnFvSEFYMHdBZXpIcE9udnNuQnpfREZnWQ?oc=5\" target=\"_blank\" rel=\"nofollow noopener\">Tragiczny fina\u0142 spaceru w rezerwacie. Nie \u017cyje 32-letnia kobieta<\/a>&nbsp;&nbsp;TVP Info<\/li>\n<\/ol>\n","protected":false},"excerpt":{"rendered":"Dramatyczny wypadek w Kielcach. Kobieta spad\u0142a ze ska\u0142&nbsp;&nbsp;Onet Dramatyczne sceny w rezerwacie \u015alichowice. \u017bycia kielczanki nie uda\u0142o si\u0119&hellip;\n","protected":false},"author":2,"featured_media":59299,"comment_status":"","ping_status":"","sticky":false,"template":"","format":"standard","meta":{"footnotes":""},"categories":[5],"tags":[32,33,244,36,37,27,67,15559,34,35,28,31,53,25,52,68,51,55,42,12182,38,251,40,39,41,47,29,30,65,50,26],"class_list":{"0":"post-59298","1":"post","2":"type-post","3":"status-publish","4":"format-standard","5":"has-post-thumbnail","7":"category-naglowki","8":"tag-breaking-news","9":"tag-breakingnews","10":"tag-ctr_tst","11":"tag-featured-news","12":"tag-featurednews","13":"tag-headlines","14":"tag-intextvideo_splayer","15":"tag-kielce_miasto","16":"tag-latest-news","17":"tag-latestnews","18":"tag-naglowki","19":"tag-najwazniejsze-artykuly","20":"tag-new_header","21":"tag-news","22":"tag-onet3","23":"tag-onet3d","24":"tag-onet3d_2i","25":"tag-phx","26":"tag-pl","27":"tag-pogotowie_ratunkowe_karetka_karetki","28":"tag-poland","29":"tag-policja_policjanci_policjant_policjantka_policjantki","30":"tag-polish","31":"tag-polska","32":"tag-polski","33":"tag-screening_general","34":"tag-top-stories","35":"tag-topstories","36":"tag-update_me","37":"tag-v2021","38":"tag-wiadomosci"},"share_on_mastodon":{"url":"","error":""},"_links":{"self":[{"href":"https:\/\/www.europesays.com\/pl\/wp-json\/wp\/v2\/posts\/59298","targetHints":{"allow":["GET"]}}],"collection":[{"href":"https:\/\/www.europesays.com\/pl\/wp-json\/wp\/v2\/posts"}],"about":[{"href":"https:\/\/www.europesays.com\/pl\/wp-json\/wp\/v2\/types\/post"}],"author":[{"embeddable":true,"href":"https:\/\/www.europesays.com\/pl\/wp-json\/wp\/v2\/users\/2"}],"replies":[{"embeddable":true,"href":"https:\/\/www.europesays.com\/pl\/wp-json\/wp\/v2\/comments?post=59298"}],"version-history":[{"count":0,"href":"https:\/\/www.europesays.com\/pl\/wp-json\/wp\/v2\/posts\/59298\/revisions"}],"wp:featuredmedia":[{"embeddable":true,"href":"https:\/\/www.europesays.com\/pl\/wp-json\/wp\/v2\/media\/59299"}],"wp:attachment":[{"href":"https:\/\/www.europesays.com\/pl\/wp-json\/wp\/v2\/media?parent=59298"}],"wp:term":[{"taxonomy":"category","embeddable":true,"href":"https:\/\/www.europesays.com\/pl\/wp-json\/wp\/v2\/categories?post=59298"},{"taxonomy":"post_tag","embeddable":true,"href":"https:\/\/www.europesays.com\/pl\/wp-json\/wp\/v2\/tags?post=59298"}],"curies":[{"name":"wp","href":"https:\/\/api.w.org\/{rel}","templated":true}]}}