{"id":593045,"date":"2026-07-31T21:41:11","date_gmt":"2026-07-31T21:41:11","guid":{"rendered":"https:\/\/www.europesays.com\/pl\/593045\/"},"modified":"2026-07-31T21:41:11","modified_gmt":"2026-07-31T21:41:11","slug":"ukraincy-wciaz-chca-powrotu-fedorowa-tysiace-osob-wyszly-na-ulice","status":"publish","type":"post","link":"https:\/\/www.europesays.com\/pl\/593045\/","title":{"rendered":"Ukrai\u0144cy wci\u0105\u017c chc\u0105 powrotu Fedorowa. Tysi\u0105ce os\u00f3b wysz\u0142y na ulice"},"content":{"rendered":"<p>W pi\u0105tek ulicami Kijowa przesz\u0142o ok. 6 tys. uczestnik\u00f3w marszu. Demonstranci zgromadzili si\u0119 na placu Iwana Franki, po\u0142o\u017conym w pobli\u017cu ulicy Bankowej. To w\u0142a\u015bnie tam znajduje si\u0119 siedziba prezydenta Wo\u0142odymyra Ze\u0142enskiego.<\/p>\n<p> Dalszy ci\u0105g artyku\u0142u pod materia\u0142em wideo Transparenty pod siedzib\u0105 prezydenta<a href=\"https:\/\/www.onet.pl\/\" title=\"Strona G\u0142\u00f3wna\" aria-label=\"Strona G\u0142\u00f3wna\" data-astro-prefetch=\"tap\" class=\"ods-a-logo-main-desktop\" rel=\"nofollow noopener\" target=\"_blank\"><img src=\"https:\/\/cdn.wiadomosci.onet.pl\/img\/Logo_desktop_Onet.svg\" class=\"ods-a-logo-main-desktop__image\" alt=\"Logo\" width=\"107\" height=\"60\" fetchpriority=\"high\" decoding=\"sync\" style=\"height:60px\"\/><\/a><\/p>\n<p class=\"ods-m-google-article__text\">Czytaj nas cz\u0119\u015bciej w Google<\/p>\n<p><a href=\"https:\/\/google.com\/preferences\/source?q=wiadomosci.onet.pl\" target=\"_blank\" rel=\"noopener noreferrer nofollow\" aria-label=\"Dodaj w Google\" title=\"Dodaj w Google\" class=\"ods-a-button ods-a-button__primary ods-a-button__default ods-a-button-l\"> Dodaj w Google <\/a><a href=\"https:\/\/wiadomosci.onet.pl\/swiat\/kolejne-protesty-na-ulicach-kijowa-zadaja-powrotu-mychajlo-fedorowa-do-rzadu\/9d4s0f2\" id=\"22eb1ca4-f3a9-4d33-9e77-f968b2af79de\" rel=\"nofollow noopener\" target=\"_blank\">Uczestnicy protestu nie\u015bli kartonowe transparenty z wymownymi has\u0142ami<\/a>. Agencja Interfax-Ukraina przekazuje, \u017ce na tablicach widnia\u0142y napisy: &#8222;Przywr\u00f3\u0107cie Fedorowa&#8221;, &#8222;Fedorow \u2014 Ministerstwo Obrony&#8221;, &#8222;M\u00f3wi ca\u0142a Ukraina&#8221;, &#8222;Jaki jest plan wojny?&#8221; oraz &#8222;Nar\u00f3d decyduje, kiedy i gdzie&#8221;. Pojawi\u0142y si\u0119 r\u00f3wnie\u017c inne has\u0142a wyra\u017caj\u0105ce poparcie dla by\u0142ego ministra.         <\/p>\n<p>Podobne manifestacje odby\u0142y si\u0119 nie tylko w stolicy. Media podaj\u0105, \u017ce marsze i wiece dotycz\u0105ce dialogu oraz reform w sektorze obronnym zorganizowano w co najmniej dziesi\u0119ciu miastach. Akcje protestacyjne \u2014 opr\u00f3cz ukrai\u0144skiej stolicy \u2014 mia\u0142y miejsce te\u017c we Lwowie, Dnieprze, \u0141ucku, R\u00f3wnem, Po\u0142tawie, Odessie, Winnicy, Chmielnickim i Czerniowcach.<\/p>\n<p>     Napi\u0119cia w ukrai\u0144skim dow\u00f3dztwie i dymisje<a href=\"https:\/\/wiadomosci.onet.pl\/swiat\/ukraina-wychodzi-na-ulice-wscieklosc-na-zelenskiego-siega-zenitu-rzad-nas-nie-slucha\/7bnh5r4\" id=\"18237cc8-c4d5-478f-b75c-4e1f39d6606c\" rel=\"nofollow noopener\" target=\"_blank\">Fala protest\u00f3w rozpocz\u0119\u0142a si\u0119 po odwo\u0142aniu Fedorowa z funkcji ministra obrony.<\/a> Media informuj\u0105, \u017ce powodem dymisji by\u0142 konflikt z genera\u0142em O\u0142eksandrem Syrskim, kt\u00f3ry pe\u0142ni\u0142 w\u00f3wczas funkcj\u0119 naczelnego dow\u00f3dcy Si\u0142 Zbrojnych Ukrainy. Napi\u0119cia mi\u0119dzy politykiem a wojskowym osi\u0105gn\u0119\u0142y poziom uniemo\u017cliwiaj\u0105cy dalsz\u0105 wsp\u00f3\u0142prac\u0119. &#8222;Dima, dodaj gazu!&#8221;. Koniec walki o w\u0142adz\u0119 w Kijowie. Zwyci\u0119zca jest zaskakuj\u0105cy  <\/p>\n<p class=\"ods-o-frame-in-text__paragraph\"><a href=\"https:\/\/wiadomosci.onet.pl\/swiat\/dima-dodaj-gazu-koniec-walki-o-wladze-w-kijowie-zwyciezca-jest-zaskakujacy\/y6ff0ew\" id=\"96517870-a2b0-40b2-b632-3a9c1a9fdb5e\" rel=\"nofollow noopener\" target=\"_blank\">Przeczytaj ca\u0142o\u015b\u0107 w Onecie!<\/a><\/p>\n<p>   <img class=\"ods-a-photo ods-a-photo--background\" src=\"https:\/\/www.europesays.com\/pl\/wp-content\/uploads\/2026\/07\/tNXk9lBaHR0cHM6Ly9vY2RuLmV1L3B1bHNjbXMvTURBXy81MWU5ZGJhYzI2MDY1MWVkN2ViMzU3N2JhN2QyMzM1ZS5qcGeRlQLNA.jpeg\" height=\"322\" width=\"450\" alt=\"Gen. Mychaj\u0142o Drapaty\" loading=\"lazy\" fetchpriority=\"low\" decoding=\"async\"\/>  <\/p>\n<p>Sze\u015b\u0107 dni po wybuchu demonstracji Ze\u0142enski podj\u0105\u0142 decyzj\u0119 o odwo\u0142aniu Syrskiego ze stanowiska. Na jego miejsce prezydent powo\u0142a\u0142 genera\u0142a Mychaj\u0142a Drapatego, kt\u00f3ry obj\u0105\u0142 funkcj\u0119 naczelnego dow\u00f3dcy ukrai\u0144skich si\u0142 zbrojnych.<\/p>\n","protected":false},"excerpt":{"rendered":"W pi\u0105tek ulicami Kijowa przesz\u0142o ok. 6 tys. uczestnik\u00f3w marszu. Demonstranci zgromadzili si\u0119 na placu Iwana Franki, po\u0142o\u017conym&hellip;\n","protected":false},"author":2,"featured_media":593046,"comment_status":"","ping_status":"","sticky":false,"template":"","format":"standard","meta":{"footnotes":"","_share_on_mastodon":"0"},"categories":[14],"tags":[61195,32,33,27,76,34,35,28,31,48,25,46,40,41,1622,47,80,29,100098,111182,30,415,26,82,83,84],"class_list":["post-593045","post","type-post","status-publish","format-standard","has-post-thumbnail","category-swiat","tag-bottomfeed_styl","tag-breaking-news","tag-breakingnews","tag-headlines","tag-inwazja_rosji_na_ukraine","tag-latest-news","tag-latestnews","tag-naglowki","tag-najwazniejsze-artykuly","tag-nat_styl","tag-news","tag-omp","tag-polish","tag-polski","tag-protesty","tag-screening_general","tag-swiat","tag-top-stories","tag-topbar","tag-topbar_tst1","tag-topstories","tag-ukraina","tag-wiadomosci","tag-world","tag-world-news","tag-worldnews"],"share_on_mastodon":{"url":"https:\/\/pubeurope.com\/@pl\/117016770108844531","error":""},"_links":{"self":[{"href":"https:\/\/www.europesays.com\/pl\/wp-json\/wp\/v2\/posts\/593045","targetHints":{"allow":["GET"]}}],"collection":[{"href":"https:\/\/www.europesays.com\/pl\/wp-json\/wp\/v2\/posts"}],"about":[{"href":"https:\/\/www.europesays.com\/pl\/wp-json\/wp\/v2\/types\/post"}],"author":[{"embeddable":true,"href":"https:\/\/www.europesays.com\/pl\/wp-json\/wp\/v2\/users\/2"}],"replies":[{"embeddable":true,"href":"https:\/\/www.europesays.com\/pl\/wp-json\/wp\/v2\/comments?post=593045"}],"version-history":[{"count":0,"href":"https:\/\/www.europesays.com\/pl\/wp-json\/wp\/v2\/posts\/593045\/revisions"}],"wp:featuredmedia":[{"embeddable":true,"href":"https:\/\/www.europesays.com\/pl\/wp-json\/wp\/v2\/media\/593046"}],"wp:attachment":[{"href":"https:\/\/www.europesays.com\/pl\/wp-json\/wp\/v2\/media?parent=593045"}],"wp:term":[{"taxonomy":"category","embeddable":true,"href":"https:\/\/www.europesays.com\/pl\/wp-json\/wp\/v2\/categories?post=593045"},{"taxonomy":"post_tag","embeddable":true,"href":"https:\/\/www.europesays.com\/pl\/wp-json\/wp\/v2\/tags?post=593045"}],"curies":[{"name":"wp","href":"https:\/\/api.w.org\/{rel}","templated":true}]}}