{"id":593218,"date":"2026-07-31T23:37:13","date_gmt":"2026-07-31T23:37:13","guid":{"rendered":"https:\/\/www.europesays.com\/pl\/593218\/"},"modified":"2026-07-31T23:37:13","modified_gmt":"2026-07-31T23:37:13","slug":"skoki-narciarskie-lgp-w-wisle-sobota-z-inauguracyjnymi-zawodami-kobiet-i-mezczyzn-listy-startowe","status":"publish","type":"post","link":"https:\/\/www.europesays.com\/pl\/593218\/","title":{"rendered":"Skoki narciarskie. LGP w Wi\u015ble: Sobota z inauguracyjnymi zawodami kobiet i m\u0119\u017cczyzn (listy startowe)"},"content":{"rendered":"<p>Czas rozpocz\u0105\u0107 tegoroczn\u0105 edycj\u0119 Letniego Grand Prix w skokach narciarskich! W sobot\u0119 i niedziel\u0119 przeprowadzone zostan\u0105 zawody kobiet i m\u0119\u017cczyzn na Skoczni im. Adama Ma\u0142ysza (HS134) w Wi\u015ble. W akcji ujrzymy dwana\u015bcioro reprezentant\u00f3w Polski.<\/p>\n<p>                            <a class=\"fancybox\" href=\"https:\/\/www.skijumping.pl\/content\/images\/news\/powieksz\/035a2993_2026-07-31_23-53-34.jpg\" data-fancybox=\"gallery38886\" data-caption=\"Skocznia w Wi\u015ble, fot. Tadeusz Mieczy\u0144ski\" rel=\"nofollow noopener\" target=\"_blank\"><img decoding=\"async\" class=\"img-responsive lazyload\" src=\"https:\/\/www.europesays.com\/pl\/wp-content\/uploads\/2026\/07\/280x190_q80_035a2993_2026-07-31_23-53-34.jpg\" alt=\"Skocznia w Wi\u015ble\" title=\"Skocznia w Wi\u015ble\"\/><\/a>Skocznia w Wi\u015ble<a class=\"fancybox\" href=\"https:\/\/www.skijumping.pl\/content\/images\/news\/powieksz\/tomasiak_2026-07-15_13-47-15.jpg\" data-fancybox=\"gallery38886\" data-caption=\"Kacper Tomasiak, fot. Tadeusz Mieczy\u0144ski\" rel=\"nofollow noopener\" target=\"_blank\"><img decoding=\"async\" class=\"img-responsive lazyload\" src=\"https:\/\/www.europesays.com\/pl\/wp-content\/uploads\/2026\/07\/280x190_q80_tomasiak_2026-07-15_13-47-15.jpg\" alt=\"Kacper Tomasiak\" title=\"Kacper Tomasiak\"\/><\/a>Kacper Tomasiak<\/p>\n<p>fot. Tadeusz Mieczy\u0144ski<\/p>\n<p><a class=\"fancybox\" href=\"https:\/\/www.skijumping.pl\/content\/images\/news\/powieksz\/twardosz_2026-07-15_13-47-36.jpg\" data-fancybox=\"gallery38886\" data-caption=\"Anna Twardosz, fot. Tadeusz Mieczy\u0144ski\" rel=\"nofollow noopener\" target=\"_blank\"><img decoding=\"async\" class=\"img-responsive lazyload\" src=\"https:\/\/www.europesays.com\/pl\/wp-content\/uploads\/2026\/07\/280x190_q80_twardosz_2026-07-15_13-47-36.jpg\" alt=\"Anna Twardosz\" title=\"Anna Twardosz\"\/><\/a>Anna Twardosz<\/p>\n<p>fot. Tadeusz Mieczy\u0144ski<\/p>\n<p>125 dni po wielkim finale sezonu Pucharu \u015awiata 2025\/2026 w Planicy i zako\u0144czeniu kariery przez Kamila Stocha, najlepsi skoczkowie \u015bwiata powracaj\u0105 do mi\u0119dzynarodowej rywalizacji. Po raz pierwszy od czterech lat inauguracyjnym przystankiem na trasie Letniego Grand Prix jest Wis\u0142a.<\/p>\n<p>W ramach tegorocznej edycji Letniego Grand Prix zaplanowanych zosta\u0142o 7 konkurs\u00f3w indywidualnych i 1 mikst. Zawodnicy b\u0119d\u0105 rywalizowali kolejno w Wi\u015ble (1-2 sierpnia), Courchevel (8-9 sierpnia), Rasnovie (19-20 wrze\u015bnia) i Klingenthal (24-25 pa\u017adziernika). Panie maj\u0105 identyczny kalendarz rozgrywek.<\/p>\n<p>Tegoroczny cykl b\u0119dzie przeprowadzony w testowej formie programu weekendu. W sobot\u0119 w Wi\u015ble, Courchevel i Rasnovie wszyscy zg\u0142oszeni skoczkowie przyst\u0105pi\u0105 do konkursu tu\u017c po dw\u00f3ch seriach treningowych. Kwalifikacje b\u0119d\u0105 rozgrywane wy\u0142\u0105cznie przed niedzielnymi zawodami. Dodatkowo u pa\u0144 po raz pierwszy wdro\u017cono system kwot startowych znany z rywalizacji m\u0119\u017cczyzn.<\/p>\n<p>Sobota na Skoczni im. Adama Ma\u0142ysza b\u0119dzie sta\u0142a pod znakiem konkurs\u00f3w indywidualnych kobiet i m\u0119\u017cczyzn. W okolicach po\u0142udnia do walki o zwyci\u0119stwo przyst\u0105pi\u0105 panie, z kolei p\u00f3\u017anym popo\u0142udniem &#8211; panowie.<\/p>\n<p>Na li\u015bcie startowej sobotnich zawod\u00f3w m\u0119\u017cczyzn w Wi\u015ble znajduj\u0105 si\u0119 nazwiska 60 skoczk\u00f3w z osiemnastu reprezentacji narodowych. W tym gronie jest dziesi\u0119ciu reprezentant\u00f3w Polski &#8211; \u0141ukasz \u0141ukaszczyk (nr 1), Jakub Wolny (nr 2), Kamil Waszek (nr 3), Klemens Joniak (nr 24), Aleksander Zniszczo\u0142 (nr 28), Dawid Kubacki (nr 43), Pawe\u0142 W\u0105sek (nr 44), Maciej Kot (nr 47), Piotr \u017by\u0142a (nr 50) i Kacper Tomasiak (nr 53).<\/p>\n<p>W sobotnim konkursie Polacy skorzystaj\u0105 z kwoty krajowej, kt\u00f3ra w Letnim Grand Prix przys\u0142uguje tylko w jednych zawodach. W niedziel\u0119 na belce startowej zasi\u0105dzie wy\u0142\u0105cznie sze\u015bciu reprezentant\u00f3w gospodarzy.<\/p>\n<p>W Wi\u015ble zabraknie czo\u0142owej dziesi\u0105tki ostatniego sezonu Pucharu \u015awiata w skokach narciarskich. Z drugiej &#8222;10&#8221; minionej zimy wyst\u0105pi\u0105 natomiast Naoki Nakamura, Kristoffer Eriksen Sundal, Valentin Foubert, Gregor Deschwanden i W\u0142adimir Zografski.<\/p>\n<p>Wcze\u015bniej, bo ju\u017c o 9:00, na rozbiegu skoczni pojawi\u0105 si\u0119 panie. W gronie 38 zawodniczek z dwunastu pa\u0144stw s\u0105 dwie reprezentantki Polski &#8211; Kamila Karpiel (nr 6) i Anna Twardosz (nr 27).<\/p>\n<p>Do rywalizacji w Wi\u015ble przyst\u0105pi\u0105 trzy zawodniczki czo\u0142owej dziesi\u0105tki Pucharu \u015awiata pa\u0144 2025\/2026 &#8211; Abigail Strate, Eirin Maria Kvandal oraz Nika Vodan. Z uwagi na ma\u0142\u0105 liczb\u0119 zawodniczek, niedzielne kwalifikacje zosta\u0142y zast\u0105pione seri\u0105 pr\u00f3bn\u0105.<\/p>\n<p>Do tej pory 21-krotnie rozgrywano zawody indywidualne Letniego Grand Prix m\u0119\u017cczyzn w Wi\u015ble i tylko cztery razy na podium zawod\u00f3w zabrak\u0142o reprezentanta Polski. Najcz\u0119\u015bciej, bo 6 razy na Skoczni im. Adama Ma\u0142ysza triumfowa\u0142 Dawid Kubacki (2015, 2017, dwukrotnie w 2020, 2021, 2022). Trzy wygrane na swoim koncie maj\u0105 Kamil Stoch (2010, 2018, 2022) i Maciej Kot (2012, 2016, 2025). Ze zwyci\u0119stwa cieszyli si\u0119 r\u00f3wnie\u017c Adam Ma\u0142ysz (2010) i Jakub Wolny (2021). Bia\u0142o-Czerwoni wywalczyli 30 z 63 mo\u017cliwych miejsc na podium.<\/p>\n<p>U pa\u0144 letnie zmagania na Skoczni im. Adama Ma\u0142ysza wygrywa\u0142y do tej pory zawsze wygrywa\u0142y reprezentantki S\u0142owenii &#8211; trzykrotnie Ursa Bogataj (dwukrotnie w 2021 oraz 2022), dwukrotnie Nika Prevc (oba razy w 2025) i raz Nika Vodan (2022).<\/p>\n<p>W trakcie sobotnich zawod\u00f3w kobiet wiatr na skoczni w Wi\u015ble ma osi\u0105ga\u0107 \u015bredni\u0105 pr\u0119dko\u015b\u0107 4 m\/s, z kolei temperatura powietrza ma wynosi\u0107 +31\u00b0C. Rywalizacja ma przebiega\u0107 w s\u0142onecznych warunkach.<\/p>\n<p>Zupe\u0142nie inne warunki s\u0105 zapowiada na rywalizacj\u0119 m\u0119\u017cczyzn. W okolicach 18:00 ma rozp\u0119ta\u0107 si\u0119 burza, a si\u0142a wiatru wzro\u015bnie z 4 do 7 m\/s. Temperatura powietrza spadnie z +32\u00b0C do +23\u00b0C.<\/p>\n<p>Oficjalnym letnim rekordzist\u0105 zmodernizowanej Skoczni im. Adama Ma\u0142ysza (HS134) jest Marius Lindvik. W ubieg\u0142ym roku reprezentant Norwegii poszybowa\u0142 na odleg\u0142o\u015b\u0107 139,5 metra. Kobiecy rekord wynosi 133,5 metra i nale\u017cy od 2021 roku do Japonki Sary Takanashi.<\/p>\n<p>O 8:30 ma rozpocz\u0105\u0107 si\u0119 sesja treningowa przed zaplanowanym na 11:00 konkursem indywidualnym kobiet. Z kolei o 15:00 ma ruszy\u0107 trening poprzedzaj\u0105cy zawody indywidualne m\u0119\u017cczyzn (17:30).<\/p>\n<p>Transmisj\u0119 z zawod\u00f3w pa\u0144 przeprowadz\u0105 tvpsport.pl (11:00) i platforma HBO Max (10:50).<\/p>\n<p>Fragmenty sesji treningowej m\u0119\u017cczyzn zostan\u0105 pokazane w studiu TVP Sport (16:15).<\/p>\n<p>Natomiast konkurs indywidualny pan\u00f3w b\u0119dzie transmitowany w TVP1 (17:25), TVP Sport (17:05), Eurosport 2 (17:20) i HBO Max (17:20).<\/p>\n<p><a href=\"http:\/\/live.skijumping.pl\/\" target=\"_blank\" rel=\"nofollow noopener\">Wyniki m\u0119\u017cczyzn na \u017cywo b\u0119dziecie mogli \u015bledzi\u0107 za po\u015brednictwem relacji LIVE FIS &gt;&gt;&gt;<\/a><br \/>&#13;<br \/>\nlub <a href=\"https:\/\/www.skijumping.pl\/live-berkutschi\/lgp\" target=\"_blank\" rel=\"nofollow noopener\">relacji Berkutschi &gt;&gt;&gt;<\/a><\/p>\n<p>z kolei <a href=\"https:\/\/live.skijumping.pl\/lps\/\" target=\"_blank\" rel=\"nofollow noopener\">wyniki kobiet na \u017cywo b\u0119dziecie mogli \u015bledzi\u0107 za po\u015brednictwem relacji LIVE FIS &gt;&gt;&gt;<\/a><br \/>&#13;<br \/>\nlub <a href=\"https:\/\/www.skijumping.pl\/live-berkutschi\/llgp\" target=\"_blank\" rel=\"nofollow noopener\">relacji Berkutschi &gt;&gt;&gt;<\/a><\/p>\n<p>&#13;<br \/>\n\t&#13;<\/p>\n<tr>&#13;<\/p>\n<td class=\"tytul\" colspan=\"3\">Program zawod\u00f3w:<\/td>\n<p>&#13;<br \/>\n\t\t<\/tr>\n<p>&#13;<\/p>\n<tr>&#13;<br \/>\n\t\t\tGodzina&#13;<br \/>\n\t\t\tWydarzenie&#13;<br \/>\n\t\t\tTransmisja&#13;<br \/>\n\t\t<\/tr>\n<p>&#13;<\/p>\n<tr class=\"ciemne\">&#13;<\/p>\n<td colspan=\"3\">Sobota, 01.08.2026<\/td>\n<p>&#13;<br \/>\n\t\t<\/tr>\n<p>&#13;<\/p>\n<tr class=\"jasne\">&#13;<\/p>\n<td>9:00<\/td>\n<p>&#13;<\/p>\n<td>Oficjalny trening kobiet<\/td>\n<p>&#13;<\/p>\n<td>\u00a0<\/td>\n<p>&#13;<br \/>\n\t\t<\/tr>\n<p>&#13;<\/p>\n<tr class=\"ciemne\">&#13;<\/p>\n<td>11:00<\/td>\n<p>&#13;<\/p>\n<td>Konkurs indywidualny kobiet<\/td>\n<p>&#13;<\/p>\n<td>tvpsport.pl, HBO Max<\/td>\n<p>&#13;<br \/>\n\t\t<\/tr>\n<p>&#13;<\/p>\n<tr class=\"jasne\">&#13;<\/p>\n<td>15:00<\/td>\n<p>&#13;<\/p>\n<td>Oficjalny trening m\u0119\u017cczyzn<\/td>\n<p>&#13;<\/p>\n<td>TVP Sport (od 16:15)<\/td>\n<p>&#13;<br \/>\n\t\t<\/tr>\n<p>&#13;<\/p>\n<tr class=\"ciemne\">&#13;<\/p>\n<td>17:30<\/td>\n<p>&#13;<\/p>\n<td>Konkurs indywidualny m\u0119\u017cczyzn<\/td>\n<p>&#13;<\/p>\n<td>TVP1, TVP Sport, Eurosport 2, HBO Max<\/td>\n<p>&#13;<br \/>\n\t\t<\/tr>\n<p>&#13;<\/p>\n<tr class=\"jasne\">&#13;<\/p>\n<td colspan=\"3\">Niedziela, 02.08.2026<\/td>\n<p>&#13;<br \/>\n\t\t<\/tr>\n<p>&#13;<\/p>\n<tr class=\"ciemne\">&#13;<\/p>\n<td>10:00<\/td>\n<p>&#13;<\/p>\n<td>Seria pr\u00f3bna kobiet<\/td>\n<p>&#13;<\/p>\n<td>\u00a0<\/td>\n<p>&#13;<br \/>\n\t\t<\/tr>\n<p>&#13;<\/p>\n<tr class=\"jasne\">&#13;<\/p>\n<td>11:30<\/td>\n<p>&#13;<\/p>\n<td>Konkurs indywidualny kobiet<\/td>\n<p>&#13;<\/p>\n<td>tvpsport.pl, HBO Max<\/td>\n<p>&#13;<br \/>\n\t\t<\/tr>\n<p>&#13;<\/p>\n<tr class=\"ciemne\">&#13;<\/p>\n<td>13:15<\/td>\n<p>&#13;<\/p>\n<td>Kwalifikacje m\u0119\u017cczyzn<\/td>\n<p>&#13;<\/p>\n<td>TVP Sport<\/td>\n<p>&#13;<br \/>\n\t\t<\/tr>\n<p>&#13;<\/p>\n<tr class=\"jasne\">&#13;<\/p>\n<td>14:45<\/td>\n<p>&#13;<\/p>\n<td>Konkurs indywidualny m\u0119\u017cczyzn<\/td>\n<p>&#13;<\/p>\n<td>TVP1, TVP Sport, Eurosport 2, HBO Max<\/td>\n<p>&#13;<br \/>\n\t\t<\/tr>\n<p>&#13;<br \/>\n\t&#13;<\/p>\n","protected":false},"excerpt":{"rendered":"Czas rozpocz\u0105\u0107 tegoroczn\u0105 edycj\u0119 Letniego Grand Prix w skokach narciarskich! W sobot\u0119 i niedziel\u0119 przeprowadzone zostan\u0105 zawody kobiet&hellip;\n","protected":false},"author":2,"featured_media":593219,"comment_status":"","ping_status":"","sticky":false,"template":"","format":"standard","meta":{"footnotes":"","_share_on_mastodon":"0"},"categories":[24],"tags":[1574,1546,1557,1558,1561,1573,1571,1563,291,1553,1564,1549,1551,1543,1550,1562,1547,1565,1540,1568,1544,42,38,40,39,41,1554,1359,1567,1560,1559,1566,1556,1569,1539,1538,1555,127,126,1552,1541,1548,1542,1570,1572,645,1545],"class_list":["post-593218","post","type-post","status-publish","format-standard","has-post-thumbnail","category-sport","tag-4skocznie","tag-adam","tag-adam-malysz","tag-adammalysz","tag-coc","tag-czteryskocznie","tag-fis","tag-fis-cup","tag-historia","tag-horngacher","tag-io","tag-kobayashi","tag-kraft","tag-kuba","tag-kubacki","tag-lotos-cup","tag-malysz","tag-ms","tag-narciarskie","tag-narty","tag-piotrek","tag-pl","tag-poland","tag-polish","tag-polska","tag-polski","tag-polskie","tag-ranking","tag-ski-jumping","tag-skijump","tag-skijumping","tag-skoczkowie","tag-skocznia","tag-skocznie","tag-skoki","tag-skoki-narciarskie","tag-skokinarciarskie","tag-sport","tag-sports","tag-stefan","tag-stoch","tag-wellinger","tag-wolny","tag-zakopane","tag-zawody","tag-zdjecia","tag-zyla"],"share_on_mastodon":{"url":"","error":"Validation failed: Text character limit of 500 exceeded"},"_links":{"self":[{"href":"https:\/\/www.europesays.com\/pl\/wp-json\/wp\/v2\/posts\/593218","targetHints":{"allow":["GET"]}}],"collection":[{"href":"https:\/\/www.europesays.com\/pl\/wp-json\/wp\/v2\/posts"}],"about":[{"href":"https:\/\/www.europesays.com\/pl\/wp-json\/wp\/v2\/types\/post"}],"author":[{"embeddable":true,"href":"https:\/\/www.europesays.com\/pl\/wp-json\/wp\/v2\/users\/2"}],"replies":[{"embeddable":true,"href":"https:\/\/www.europesays.com\/pl\/wp-json\/wp\/v2\/comments?post=593218"}],"version-history":[{"count":0,"href":"https:\/\/www.europesays.com\/pl\/wp-json\/wp\/v2\/posts\/593218\/revisions"}],"wp:featuredmedia":[{"embeddable":true,"href":"https:\/\/www.europesays.com\/pl\/wp-json\/wp\/v2\/media\/593219"}],"wp:attachment":[{"href":"https:\/\/www.europesays.com\/pl\/wp-json\/wp\/v2\/media?parent=593218"}],"wp:term":[{"taxonomy":"category","embeddable":true,"href":"https:\/\/www.europesays.com\/pl\/wp-json\/wp\/v2\/categories?post=593218"},{"taxonomy":"post_tag","embeddable":true,"href":"https:\/\/www.europesays.com\/pl\/wp-json\/wp\/v2\/tags?post=593218"}],"curies":[{"name":"wp","href":"https:\/\/api.w.org\/{rel}","templated":true}]}}