{"id":593440,"date":"2026-08-01T02:24:10","date_gmt":"2026-08-01T02:24:10","guid":{"rendered":"https:\/\/www.europesays.com\/pl\/593440\/"},"modified":"2026-08-01T02:24:10","modified_gmt":"2026-08-01T02:24:10","slug":"niepokojace-dane-przed-zima-magazyny-gazu-zapelnione-tylko-w-54-proc","status":"publish","type":"post","link":"https:\/\/www.europesays.com\/pl\/593440\/","title":{"rendered":"Niepokoj\u0105ce dane przed zim\u0105. Magazyny gazu zape\u0142nione tylko w 54 proc."},"content":{"rendered":"\n<p>&#13;<br \/>\nJak alarmuje &#8222;New York Times&#8221;, magazyny gazu w\u00a0Unii Europejskiej s\u0105 przed sezonem grzewczym wype\u0142nione zaledwie w\u00a054 proc. To\u00a0najni\u017cszy poziom od\u00a02021 roku, gdy Rosja ogranicza\u0142a dostawy surowca do\u00a0Europy. Zdaniem ekspert\u00f3w sytuacj\u0119 dodatkowo pogarsza wojna na\u00a0Bliskim Wschodzie. &#13;\n<\/p>\n<p>&#13;<br \/>\nDziennik, powo\u0142uj\u0105c si\u0119 na\u00a0analizy brytyjskiego think tanku Chatham House oraz\u00a0Mi\u0119dzynarodowej Agencji Energetycznej (MAE), wskazuje, \u017ce\u00a0utrzymuj\u0105ce si\u0119 napi\u0119cia geopolityczne mog\u0105 prze\u0142o\u017cy\u0107 si\u0119 na\u00a0d\u0142ugotrwale wysokie ceny gazu i\u00a0energii elektrycznej. Ich skutki odczuj\u0105 zar\u00f3wno przedsi\u0119biorcy, jak i\u00a0gospodarstwa domowe. &#13;\n<\/p>\n<p>Wojna utrudnia dostawy gazu i\u00a0ropy<\/p>\n<p>&#13;<br \/>\nOd kilku miesi\u0119cy sytuacj\u0119 na\u00a0rynku energii komplikuje konflikt na\u00a0Bliskim Wschodzie. Wed\u0142ug &#8222;NYT&#8221; wojna ogranicza poda\u017c ropy i\u00a0gazu na\u00a0\u015bwiatowych rynkach, podczas gdy Europa musi rywalizowa\u0107 o\u00a0dostawy skroplonego gazu LNG z\u00a0krajami Azji. Tam rekordowo wysokie temperatury zwi\u0119kszy\u0142y zapotrzebowanie na\u00a0surowiec. &#13;\n<\/p>\n<p>&#13;<br \/>\nDodatkowym problemem pozostaje blokada cie\u015bniny Ormuz przez Iran. To\u00a0jeden z\u00a0najwa\u017cniejszych szlak\u00f3w transportu ropy i\u00a0gazu na\u00a0\u015bwiecie. Gazeta zwraca r\u00f3wnie\u017c uwag\u0119 na\u00a0skutki atak\u00f3w na\u00a0infrastruktur\u0119 energetyczn\u0105 Kataru \u2013\u00a0jednego z\u00a0najwi\u0119kszych eksporter\u00f3w LNG \u2013\u00a0kt\u00f3re jeszcze bardziej ograniczy\u0142y dost\u0119pno\u015b\u0107 surowca. &#13;\n<\/p>\n<p>&#13;<br \/>\n\u2013 To\u00a0zdecydowanie niepokoj\u0105ca sytuacja \u2013\u00a0oceni\u0142 ekspert Chatham House Chris Aylett, dodaj\u0105c, \u017ce\u00a0obecnie nie\u00a0wida\u0107 perspektyw na\u00a0szybkie rozwi\u0105zanie problem\u00f3w zwi\u0105zanych z\u00a0blokad\u0105 cie\u015bniny Ormuz. &#13;\n<\/p>\n<p>Europa ma\u00a0jeszcze jeden problem<\/p>\n<p>&#13;<br \/>\nEksperci ostrzegaj\u0105, \u017ce\u00a0je\u015bli nie\u00a0dojdzie do\u00a0trwa\u0142ego rozwi\u0105zania kryzysu na\u00a0Bliskim Wschodzie, wysokie ceny energii mog\u0105 utrzyma\u0107 si\u0119 przez d\u0142u\u017cszy czas. Dyrektor wykonawczy Mi\u0119dzynarodowej Agencji Energetycznej Fatih Birol podkre\u015bla, \u017ce\u00a0skutki odczuj\u0105 wszyscy importerzy LNG, w\u00a0tym kraje Unii Europejskiej, kt\u00f3re w\u0142a\u015bnie pr\u00f3buj\u0105 odbudowa\u0107 zapasy przed zim\u0105. &#13;\n<\/p>\n<p>&#13;<br \/>\nSytuacj\u0119 dodatkowo komplikuj\u0105 unijne przepisy. Za\u00a0niespe\u0142na sze\u015b\u0107 miesi\u0119cy pa\u0144stwa cz\u0142onkowskie maj\u0105 ca\u0142kowicie zako\u0144czy\u0107 import gazu z\u00a0Rosji. Wed\u0142ug \u201eNew York Timesa\u201d oznacza to\u00a0zmniejszenie dost\u0119pnych dostaw o\u00a0oko\u0142o 12 proc., co\u00a0mo\u017ce jeszcze bardziej utrudni\u0107 uzupe\u0142nienie magazyn\u00f3w i\u00a0wywrze\u0107 presj\u0119 na\u00a0wzrost cen energii w\u00a0nadchodz\u0105cym sezonie grzewczym. &#13;\n<\/p>\n<p>&#13;<br \/>\n   Czytaj te\u017c:<br \/><a href=\"https:\/\/dorzeczy.pl\/ekonomia\/922159\/astronomiczne-koszty-polityki-klimatycznej-tyle-do-zaplaty.html\" rel=\"follow nofollow noopener\" data-schema=\"DORZECZY\" data-image=\"https:\/\/img.dorzeczy.pl\/_thumb\/90\/3a\/7376881cfa5f6ed6919a52b94f35.jpeg\" target=\"_blank\">Astronomiczne koszty polityki klimatycznej. Tyle maj\u0105 zap\u0142aci\u0107 Brytyjczycy<\/a>   Czytaj te\u017c:<br \/><a href=\"https:\/\/dorzeczy.pl\/ekonomia\/920734\/tusk-regulowane-ceny-paliw-zaproponujemy-na-czas-powrotow-z-wakacji.html\" rel=\"follow nofollow noopener\" data-schema=\"DORZECZY\" data-image=\"https:\/\/img.dorzeczy.pl\/_thumb\/b3\/c5\/acb4ed5b11a6bf3a4054ae7c0880.jpeg\" target=\"_blank\">Diesel zbli\u017ca si\u0119 do\u00a08 z\u0142 za\u00a0litr. Premier proponuje rozwi\u0105zanie<\/a>&#13;<\/p>\n","protected":false},"excerpt":{"rendered":"&#13; Jak alarmuje &#8222;New York Times&#8221;, magazyny gazu w\u00a0Unii Europejskiej s\u0105 przed sezonem grzewczym wype\u0142nione zaledwie w\u00a054 proc.&hellip;\n","protected":false},"author":2,"featured_media":593441,"comment_status":"","ping_status":"","sticky":false,"template":"","format":"standard","meta":{"footnotes":"","_share_on_mastodon":"0"},"categories":[16],"tags":[113,112,98,105,3087,4779,49,8772,42,38,40,39,41,104,7441],"class_list":["post-593440","post","type-post","status-publish","format-standard","has-post-thumbnail","category-biznes","tag-biznes","tag-business","tag-dorzeczy","tag-ekonomia","tag-energia","tag-gaz","tag-kraj","tag-magazyn","tag-pl","tag-poland","tag-polish","tag-polska","tag-polski","tag-unia-europejska","tag-zima"],"share_on_mastodon":{"url":"https:\/\/pubeurope.com\/@pl\/117017881299850115","error":""},"_links":{"self":[{"href":"https:\/\/www.europesays.com\/pl\/wp-json\/wp\/v2\/posts\/593440","targetHints":{"allow":["GET"]}}],"collection":[{"href":"https:\/\/www.europesays.com\/pl\/wp-json\/wp\/v2\/posts"}],"about":[{"href":"https:\/\/www.europesays.com\/pl\/wp-json\/wp\/v2\/types\/post"}],"author":[{"embeddable":true,"href":"https:\/\/www.europesays.com\/pl\/wp-json\/wp\/v2\/users\/2"}],"replies":[{"embeddable":true,"href":"https:\/\/www.europesays.com\/pl\/wp-json\/wp\/v2\/comments?post=593440"}],"version-history":[{"count":0,"href":"https:\/\/www.europesays.com\/pl\/wp-json\/wp\/v2\/posts\/593440\/revisions"}],"wp:featuredmedia":[{"embeddable":true,"href":"https:\/\/www.europesays.com\/pl\/wp-json\/wp\/v2\/media\/593441"}],"wp:attachment":[{"href":"https:\/\/www.europesays.com\/pl\/wp-json\/wp\/v2\/media?parent=593440"}],"wp:term":[{"taxonomy":"category","embeddable":true,"href":"https:\/\/www.europesays.com\/pl\/wp-json\/wp\/v2\/categories?post=593440"},{"taxonomy":"post_tag","embeddable":true,"href":"https:\/\/www.europesays.com\/pl\/wp-json\/wp\/v2\/tags?post=593440"}],"curies":[{"name":"wp","href":"https:\/\/api.w.org\/{rel}","templated":true}]}}