{"id":593488,"date":"2026-08-01T02:54:09","date_gmt":"2026-08-01T02:54:09","guid":{"rendered":"https:\/\/www.europesays.com\/pl\/593488\/"},"modified":"2026-08-01T02:54:09","modified_gmt":"2026-08-01T02:54:09","slug":"jan-maria-rokita-o-polityce-wobec-ukrainy-wtedy-morawiecki-wzbudzil-moja-nadzieje","status":"publish","type":"post","link":"https:\/\/www.europesays.com\/pl\/593488\/","title":{"rendered":"Jan Maria Rokita o polityce wobec Ukrainy. &#8222;Wtedy Morawiecki wzbudzi\u0142 moj\u0105 nadziej\u0119&#8221;"},"content":{"rendered":"\n<p>&#13;<br \/>\nW pi\u0105tek w\u00a0Warszawie odby\u0142o si\u0119 spotkanie stowarzyszenia Rozw\u00f3j Plus by\u0142ego premiera Mateusza Morawieckiego. Debatowano o\u00a0demografii, gospodarce, infrastrukturze oraz\u00a0ideach politycznych. Ostatnim, g\u0142\u00f3wnym punktem programu, by\u0142a debata pod\u00a0has\u0142em &#8222;Quo Vadis Polsko? Debata fina\u0142owa o\u00a0kierunku rozwoju Polski w\u00a0najbli\u017cszych latach&#8221;. Na\u00a0stronie wydarzenia wskazano, \u017ce\u00a0&#8222;to podsumowanie najwa\u017cniejszych wniosk\u00f3w dnia i\u00a0rozmowa o\u00a0tym, jak przekuwa\u0107 idee w\u00a0konkretne dzia\u0142ania&#8221;. Prelegentami byli Mateusz Morawiecki, gen. Rajmund Andrzejczak oraz\u00a0publicysta Jan Maria Rokita. &#13;\n<\/p>\n<p>&#13;<br \/>\nRokita odni\u00f3s\u0142 si\u0119 do\u00a0polityki rz\u0105du Mateusza Morawieckiego wobec Ukrainy w\u00a0pierwszych dniach <a href=\"https:\/\/dorzeczy.pl\/swiat\/923056\/usa-nie-zgodzily-sie-na-produkcje-patriotow-przez-ukraine-trump-oglosil-decyzje.html\" title=\"Trump odm\u00f3wi\u0142 Ukrainie. Wyra\u017any zwrot\" rel=\"nofollow noopener\" target=\"_blank\">rosyjskiej agresji<\/a>. \u2013\u00a0Powiem co\u015b bardzo prywatnego, ale\u00a0zarazem politycznego, a\u00a0propos mojego s\u0105siada. Kiedy Mateusz Morawiecki \u2013\u00a0nie\u00a0jako ekspert od\u00a0gospodarki i\u00a0swoich strategii dla\u00a0Polski, ale\u00a0jako polityk, jako przyw\u00f3dca polityczny w\u00a0Polsce \u2013\u00a0wzbudzi\u0142 moj\u0105 nadziej\u0119? Tak nale\u017ca\u0142oby to\u00a0uj\u0105\u0107. To\u00a0lepsze s\u0142owo ni\u017c\u00a0&#8222;sympati\u0119&#8221; \u2013\u00a0rozpocz\u0105\u0142. &#13;\n<\/p>\n<p>Rokita wskazuje na\u00a0kluczowe decyzje Morawieckiego <\/p>\n<p>&#13;<br \/>\n\u2013 To\u00a0by\u0142 2022 rok, kiedy w\u0142a\u015bnie Morawiecki w\u00a0imieniu Polski uzna\u0142, \u017ce\u00a0nale\u017cy ocali\u0107 Ukrain\u0119 przed pierwszym uderzeniem. W\u00a0czasie, gdy nikt jeszcze nie\u00a0chcia\u0142 ratowa\u0107 Ukrainy, Morawiecki pojecha\u0142 do\u00a0Berlina i\u00a0innych europejskich stolic, m\u00f3wi\u0105c: &#8222;Prosz\u0119 bardzo, Polska jest przyk\u0142adem. Polska jest przygotowana do\u00a0tej wojny. Nak\u0142adajcie sankcje, wspierajcie Ukrain\u0119&#8221;. Kpi\u0142 z\u00a0niemieckiego kanclerza, \u017ce\u00a0chce wysy\u0142a\u0107 Ukrai\u0144com jedynie he\u0142my. Patrzy\u0142em z\u00a0wielkim uznaniem i\u00a0sympati\u0105: oto polski polityk, polski premier, jeszcze nikomu w\u00a0Europie szerzej nieznany, staje pod\u00a0Bundestagiem i\u00a0otwarcie krytykuje Niemc\u00f3w \u2013\u00a0przypomina\u0142. &#13;\n<\/p>\n<p>&#13;<br \/>\n\u2013 A\u00a0niemieckie gazety, i\u00a0nie tylko niemieckie, zacz\u0119\u0142y pisa\u0107: po\u00a0raz pierwszy Polska ma\u00a0racj\u0119. Polska mia\u0142a racj\u0119 w\u00a0sprawach Wschodu. Lech Kaczy\u0144ski m\u00f3wi\u0142 o\u00a0tym wcze\u015bniej cho\u0107by w\u00a0Gruzji. Polacy mieli racj\u0119. Byli te\u017c przygotowani na\u00a0odci\u0119cie rosyjskiego gazu. Okaza\u0142o si\u0119, \u017ce\u00a0s\u0105 w\u00a0stanie z\u00a0dnia na\u00a0dzie\u0144 zrezygnowa\u0107 z\u00a0rosyjskich dostaw bez wi\u0119kszego problemu, podczas gdy Niemcy prze\u017cywali ogromne trudno\u015bci. Z\u00a0w\u0119glem nie\u00a0wszystko si\u0119 uda\u0142o \u2013\u00a0to\u00a0prawda \u2013\u00a0ale\u00a0z\u00a0gazem ju\u017c tak \u2013\u00a0wskaza\u0142 Jan Maria Rokita. &#13;\n<\/p>\n<p>&#13;<br \/>\nGo\u015b\u0107 wydarzenia zauwa\u017cy\u0142, \u017ce\u00a0by\u0142a to\u00a0&#8222;kontynuacja wcze\u015bniejszej polityki. To\u00a0by\u0142 kluczowy moment. Historyczny moment dla\u00a0Polski, kiedy wydawa\u0142o si\u0119, \u017ce\u00a0nasz kraj mo\u017ce sta\u0107 si\u0119 jednym z\u00a0g\u0142\u00f3wnych tw\u00f3rc\u00f3w nowej architektury Europy Wschodniej&#8221;. \u2013\u00a0Wydawa\u0142o si\u0119, \u017ce\u00a0w\u0142a\u015bnie to\u00a0si\u0119 dzieje. \u017be\u00a0presti\u017c, si\u0142a i\u00a0autorytet pa\u0144stwa polskiego na\u00a0Zachodzie \u2013\u00a0w\u00a0zachodniej prasie i\u00a0w\u015br\u00f3d zachodnich polityk\u00f3w \u2013\u00a0wynikaj\u0105 z\u00a0odkrycia, \u017ce\u00a0Polska odgrywa kluczow\u0105 rol\u0119 w\u00a0Europie Wschodniej. Autorytet Polski na\u00a0Zachodzie bierze si\u0119 z\u00a0si\u0142y Polski na\u00a0Wschodzie. To\u00a0jest ta\u00a0fundamentalna prawid\u0142owo\u015b\u0107 \u2013\u00a0podkre\u015bli\u0142 komentator. &#13;\n<\/p>\n<p>&#13;<br \/>\n   Czytaj te\u017c:<br \/><a href=\"https:\/\/dorzeczy.pl\/opinie\/923071\/marcin-jozefaciuk-na-grillu-u-morawieckiego-opisal-swoje-przemyslenia.html\" rel=\"follow nofollow noopener\" data-schema=\"DORZECZY\" data-image=\"https:\/\/img.dorzeczy.pl\/_thumb\/e0\/c8\/e09d3bd50472334678ddfaffc90c.jpeg\" target=\"_blank\">By\u0142y pose\u0142 KO poszed\u0142 na\u00a0grilla Morawieckiego. &#8222;Wyszed\u0142em rozczarowany&#8221;<\/a>   Czytaj te\u017c:<br \/><a href=\"https:\/\/dorzeczy.pl\/kraj\/923104\/zaskakujacy-gosc-u-morawieckiego-niedawno-janina-goss-odeszla-z-pis.html\" rel=\"follow nofollow noopener\" data-schema=\"DORZECZY\" data-image=\"https:\/\/img.dorzeczy.pl\/_thumb\/a4\/3d\/0b58f317c9b496e10213386e40bc.jpeg\" target=\"_blank\">Zaskakuj\u0105cy go\u015b\u0107 u\u00a0Morawieckiego. Niedawno odesz\u0142a z\u00a0PiS<\/a>&#13;<\/p>\n","protected":false},"excerpt":{"rendered":"&#13; W pi\u0105tek w\u00a0Warszawie odby\u0142o si\u0119 spotkanie stowarzyszenia Rozw\u00f3j Plus by\u0142ego premiera Mateusza Morawieckiego. Debatowano o\u00a0demografii, gospodarce, infrastrukturze&hellip;\n","protected":false},"author":2,"featured_media":593489,"comment_status":"","ping_status":"","sticky":false,"template":"","format":"standard","meta":{"footnotes":"","_share_on_mastodon":"0"},"categories":[12],"tags":[32,33,98,36,37,27,49,34,35,3816,28,31,25,102,42,38,40,39,41,16943,87,29,30,415,26,892],"class_list":["post-593488","post","type-post","status-publish","format-standard","has-post-thumbnail","category-polska","tag-breaking-news","tag-breakingnews","tag-dorzeczy","tag-featured-news","tag-featurednews","tag-headlines","tag-kraj","tag-latest-news","tag-latestnews","tag-morawiecki","tag-naglowki","tag-najwazniejsze-artykuly","tag-news","tag-opinie","tag-pl","tag-poland","tag-polish","tag-polska","tag-polski","tag-rokita","tag-rosja","tag-top-stories","tag-topstories","tag-ukraina","tag-wiadomosci","tag-wojna"],"share_on_mastodon":{"url":"https:\/\/pubeurope.com\/@pl\/117017999048316188","error":""},"_links":{"self":[{"href":"https:\/\/www.europesays.com\/pl\/wp-json\/wp\/v2\/posts\/593488","targetHints":{"allow":["GET"]}}],"collection":[{"href":"https:\/\/www.europesays.com\/pl\/wp-json\/wp\/v2\/posts"}],"about":[{"href":"https:\/\/www.europesays.com\/pl\/wp-json\/wp\/v2\/types\/post"}],"author":[{"embeddable":true,"href":"https:\/\/www.europesays.com\/pl\/wp-json\/wp\/v2\/users\/2"}],"replies":[{"embeddable":true,"href":"https:\/\/www.europesays.com\/pl\/wp-json\/wp\/v2\/comments?post=593488"}],"version-history":[{"count":0,"href":"https:\/\/www.europesays.com\/pl\/wp-json\/wp\/v2\/posts\/593488\/revisions"}],"wp:featuredmedia":[{"embeddable":true,"href":"https:\/\/www.europesays.com\/pl\/wp-json\/wp\/v2\/media\/593489"}],"wp:attachment":[{"href":"https:\/\/www.europesays.com\/pl\/wp-json\/wp\/v2\/media?parent=593488"}],"wp:term":[{"taxonomy":"category","embeddable":true,"href":"https:\/\/www.europesays.com\/pl\/wp-json\/wp\/v2\/categories?post=593488"},{"taxonomy":"post_tag","embeddable":true,"href":"https:\/\/www.europesays.com\/pl\/wp-json\/wp\/v2\/tags?post=593488"}],"curies":[{"name":"wp","href":"https:\/\/api.w.org\/{rel}","templated":true}]}}