{"id":593598,"date":"2026-08-01T04:19:38","date_gmt":"2026-08-01T04:19:38","guid":{"rendered":"https:\/\/www.europesays.com\/pl\/593598\/"},"modified":"2026-08-01T04:19:38","modified_gmt":"2026-08-01T04:19:38","slug":"magdalena-sobkowiak-czarnecka-o-alarmie-rakietowym-odpowiada-na-zarzuty","status":"publish","type":"post","link":"https:\/\/www.europesays.com\/pl\/593598\/","title":{"rendered":"Magdalena Sobkowiak-Czarnecka o alarmie rakietowym. Odpowiada na zarzuty"},"content":{"rendered":"<p>Po incydencie z <a href=\"https:\/\/www.onet.pl\/informacje\/nowa-technika-wojskowa\/pocisk-manewrujacy-ch-101-moze-razic-cele-nawet-w-niemczech\/8efvcr1,30bc1058\" id=\"e4d84e25-4a72-4cbb-bf55-8ec1c62364fd\" rel=\"nofollow noopener\" target=\"_blank\">uzbrojon\u0105 rosyjsk\u0105 rakiet\u0105 Ch-101<\/a>, kt\u00f3ra wlecia\u0142a w polsk\u0105 przestrze\u0144 powietrzn\u0105, w debacie publicznej pojawi\u0142o si\u0119 wiele pyta\u0144 o skuteczno\u015b\u0107 informowania obywateli o niebezpiecze\u0144stwie. Magdalena Sobkowiak-Czarnecka twardo stoi na stanowisku, \u017ce od strony proceduralnej wszystko przebieg\u0142o prawid\u0142owo.<\/p>\n<p>Wiceminister zaznacza, \u017ce w sytuacjach krytycznych to syreny alarmowe pozostaj\u0105 priorytetowym narz\u0119dziem, poniewa\u017c pozwalaj\u0105 na b\u0142yskawiczne dotarcie do mieszka\u0144c\u00f3w w czasie rzeczywistym. To one stanowi\u0105 pierwszy sygna\u0142, kt\u00f3ry ma sk\u0142oni\u0107 obywateli do zachowania czujno\u015bci.<\/p>\n<p><a href=\"https:\/\/www.onet.pl\/\" title=\"Strona G\u0142\u00f3wna\" aria-label=\"Strona G\u0142\u00f3wna\" data-astro-prefetch=\"tap\" class=\"ods-a-logo-main-desktop\" rel=\"nofollow noopener\" target=\"_blank\"><img src=\"https:\/\/cdn.wiadomosci.onet.pl\/img\/Logo_desktop_Onet.svg\" class=\"ods-a-logo-main-desktop__image\" alt=\"Logo\" width=\"107\" height=\"60\" fetchpriority=\"high\" decoding=\"sync\" style=\"height:60px\"\/><\/a><\/p>\n<p class=\"ods-m-google-article__text\">Czytaj nas cz\u0119\u015bciej w Google<\/p>\n<p><a href=\"https:\/\/google.com\/preferences\/source?q=wiadomosci.onet.pl\" target=\"_blank\" rel=\"noopener noreferrer nofollow\" aria-label=\"Dodaj w Google\" title=\"Dodaj w Google\" class=\"ods-a-button ods-a-button__primary ods-a-button__default ods-a-button-l\">Dodaj w Google<\/a><\/p>\n<p>\u2014 Najwa\u017cniejsze, co si\u0119 wydarzy\u0142o, to to, \u017ce Rosjanie wtargn\u0119li na nasz\u0105 przestrze\u0144 powietrzn\u0105 i wlecia\u0142a po raz pierwszy uzbrojona rakieta, bo podczas tej nocy dronowej takiej sytuacji nie mieli\u015bmy do tej pory. Nigdy. Nawet to, co wlatywa\u0142o, to by\u0142y atrapy albo by\u0142y jakie\u015b \u0107wiczebne \u0142adunki, jaki\u015b cement i tego rodzaju rzeczy, ale nie uzbrojony \u0142adunek \u2014 podkre\u015bla wiceminister.<\/p>\n<p>Nowa strategia RCB. &#8222;S\u0142uchamy mieszka\u0144c\u00f3w&#8221;<\/p>\n<p>Resort obrony dostrzega jednak potrzeb\u0119 ewolucji systemu Alertu RCB. Po sygna\u0142ach od mieszka\u0144c\u00f3w, a tak\u017ce po interwencji premiera Donalda Tuska, rz\u0105d wyci\u0105ga wnioski dotycz\u0105ce komunikacji w sytuacjach kryzysowych.<\/p>\n<p>Jak wyja\u015bnia Sobkowiak-Czarnecka, od tej pory SMS-y maj\u0105 by\u0107 wysy\u0142ane nie tylko w momencie niebezpiecze\u0144stwa, ale tak\u017ce po jego zako\u0144czeniu. Dodatkowo RCB rozes\u0142a\u0142o do obywateli specjalny poradnik bezpiecze\u0144stwa w wersji cyfrowej. \u2014 To najlepszy dow\u00f3d na to, \u017ce my te\u017c wyci\u0105gamy wnioski i s\u0142uchamy tego, o czym m\u00f3wi\u0105 mieszka\u0144cy \u2014 m\u00f3wi wiceszefowa MON.<\/p>\n<p>Przyznaje jednocze\u015bnie, \u017ce przed Polakami wci\u0105\u017c stoj\u0105 wyzwania, takie jak cho\u0107by niska \u015bwiadomo\u015b\u0107 dotycz\u0105ca lokalizacji najbli\u017cszych schron\u00f3w.<\/p>\n<p>Dlaczego pilot nie strzeli\u0142? &#8222;U\u0142amki milisekund&#8221;<\/p>\n<p>Wiceminister broni te\u017c decyzji podj\u0119tych przez dow\u00f3dztwo wojskowe, podkre\u015blaj\u0105c, \u017ce pe\u0142ne wsparcie resortu ma genera\u0142 Ireneusz Nowak, dow\u00f3dca operacyjny, kt\u00f3ry zdecydowa\u0142 o niezestrzeleniu obiektu nad terenami zamieszkanymi.<\/p>\n<p>\u2014 To s\u0105 wszystko u\u0142amki milisekund, kiedy trzeba podejmowa\u0107 krytyczne decyzje \u2014 wyja\u015bnia\u0142a Sobkowiak-Czarnecka. Zaznacza, \u017ce piloci my\u015bliwc\u00f3w F-16 poruszaj\u0105 si\u0119 z nieprawdopodobnymi pr\u0119dko\u015bciami, co w po\u0142\u0105czeniu z faktem, \u017ce rakieta spad\u0142a samoistnie szybciej, ni\u017c zak\u0142adano, potwierdza \u2014 w opinii wiceminister \u2014 s\u0142uszno\u015b\u0107 wstrzymania ognia.<\/p>\n<p>Wiceszefowa MON apeluje r\u00f3wnie\u017c, by w obliczu takich incydent\u00f3w nie ulega\u0107 rosyjskim wp\u0142ywom w internecie. Podkre\u015bla, \u017ce celem Rosji jest rozbicie jedno\u015bci sojuszniczej oraz wywo\u0142anie wewn\u0119trznych spor\u00f3w dotycz\u0105cych decyzji polskich genera\u0142\u00f3w. \u2014 Najwa\u017cniejsze jest pokazanie jedno\u015bci NATO i to si\u0119 wczoraj wydarzy\u0142o \u2014 podsumowuje.<\/p>\n","protected":false},"excerpt":{"rendered":"Po incydencie z uzbrojon\u0105 rosyjsk\u0105 rakiet\u0105 Ch-101, kt\u00f3ra wlecia\u0142a w polsk\u0105 przestrze\u0144 powietrzn\u0105, w debacie publicznej pojawi\u0142o si\u0119&hellip;\n","protected":false},"author":2,"featured_media":593599,"comment_status":"","ping_status":"","sticky":false,"template":"","format":"standard","meta":{"footnotes":"","_share_on_mastodon":"0"},"categories":[12],"tags":[61195,76,49,1587,48,160,56992,46,42,38,40,39,41,8250,87,47],"class_list":["post-593598","post","type-post","status-publish","format-standard","has-post-thumbnail","category-polska","tag-bottomfeed_styl","tag-inwazja_rosji_na_ukraine","tag-kraj","tag-mon","tag-nat_styl","tag-nato","tag-newbb_tst1","tag-omp","tag-pl","tag-poland","tag-polish","tag-polska","tag-polski","tag-rcb","tag-rosja","tag-screening_general"],"share_on_mastodon":{"url":"https:\/\/pubeurope.com\/@pl\/117018334133927855","error":""},"_links":{"self":[{"href":"https:\/\/www.europesays.com\/pl\/wp-json\/wp\/v2\/posts\/593598","targetHints":{"allow":["GET"]}}],"collection":[{"href":"https:\/\/www.europesays.com\/pl\/wp-json\/wp\/v2\/posts"}],"about":[{"href":"https:\/\/www.europesays.com\/pl\/wp-json\/wp\/v2\/types\/post"}],"author":[{"embeddable":true,"href":"https:\/\/www.europesays.com\/pl\/wp-json\/wp\/v2\/users\/2"}],"replies":[{"embeddable":true,"href":"https:\/\/www.europesays.com\/pl\/wp-json\/wp\/v2\/comments?post=593598"}],"version-history":[{"count":0,"href":"https:\/\/www.europesays.com\/pl\/wp-json\/wp\/v2\/posts\/593598\/revisions"}],"wp:featuredmedia":[{"embeddable":true,"href":"https:\/\/www.europesays.com\/pl\/wp-json\/wp\/v2\/media\/593599"}],"wp:attachment":[{"href":"https:\/\/www.europesays.com\/pl\/wp-json\/wp\/v2\/media?parent=593598"}],"wp:term":[{"taxonomy":"category","embeddable":true,"href":"https:\/\/www.europesays.com\/pl\/wp-json\/wp\/v2\/categories?post=593598"},{"taxonomy":"post_tag","embeddable":true,"href":"https:\/\/www.europesays.com\/pl\/wp-json\/wp\/v2\/tags?post=593598"}],"curies":[{"name":"wp","href":"https:\/\/api.w.org\/{rel}","templated":true}]}}