{"id":593672,"date":"2026-08-01T05:16:20","date_gmt":"2026-08-01T05:16:20","guid":{"rendered":"https:\/\/www.europesays.com\/pl\/593672\/"},"modified":"2026-08-01T05:16:20","modified_gmt":"2026-08-01T05:16:20","slug":"meskie-granie-we-wroclawiu-przerwane-z-powodu-burzy-zobaczcie-zdjecia-z-pierwszego-dnia-imprezy-meskie-granie-31-07-2026","status":"publish","type":"post","link":"https:\/\/www.europesays.com\/pl\/593672\/","title":{"rendered":"M\u0119skie Granie we Wroc\u0142awiu przerwane z powodu burzy. Zobaczcie zdj\u0119cia z pierwszego dnia imprezy [M\u0118SKIE GRANIE 31.07.2026]"},"content":{"rendered":"<p>Pierwszy dzie\u0144 M\u0119skiego Grania na Polach Marsowych\u00a0we Wroc\u0142awiu sko\u0144czy\u0142 si\u0119 przed czasem. Przed godz. 23 organizatorzy zdecydowali o przerwaniu imprezy z powodu burzy. Odwo\u0142any koncerty \u0141\u0105ki \u0141an oraz projekt M\u0119skie Granie Przestawia z udzia\u0142em Kultu, Kazika i sk\u0142adu PRO8L3M.<\/p>\n<p><a href=\"https:\/\/tuwroclaw.com\/galerie\/meskie-granie-we-wroclawiu-g495561\/8881090\" rel=\"nofollow noopener\" target=\"_blank\"><img decoding=\"async\" src=\"https:\/\/www.europesays.com\/pl\/wp-content\/uploads\/2026\/08\/c5494-IMG_5163.jpeg\"\/><\/a><\/p>\n<p>Komunikat Organizator\u00f3w:\u00a0<br \/>Prosimy o zachowanie spokoju, stosowanie si\u0119 do polece\u0144 s\u0142u\u017cb oraz kierowanie si\u0119 do najbli\u017cszych wyj\u015b\u0107 ewakuacyjnych. Prosimy o przekazanie tej informacji osobom znajduj\u0105cym si\u0119 w pobli\u017cu. Bezpiecze\u0144stwo wszystkich os\u00f3b przebywaj\u0105cych na terenie koncertu jest dla nas najwa\u017cniejsze &#8211;\u00a0<\/p>\n<p>Zalecenia bezpiecze\u0144stwa:<\/p>\n<p>* Poszukajcie bezpiecznego schronienia w okolicznych budynkach.<\/p>\n<p>* Je\u015bli przeczekujecie burz\u0119 w pobli\u017cu budynku, nie opierajcie si\u0119 o instalacje odgromowe (piorunochrony).<\/p>\n<p>* Nie zatrzymujcie si\u0119 pod drzewami.<\/p>\n<p>* Je\u015bli znajdujecie si\u0119 w samochodzie, nie parkujcie pod drzewami, s\u0142upami energetycznymi, reklamami<\/p>\n<p><a href=\"https:\/\/tuwroclaw.com\/galerie\/meskie-granie-we-wroclawiu-g495561\/8880899\" rel=\"nofollow noopener\" target=\"_blank\"><img decoding=\"async\" src=\"https:\/\/www.europesays.com\/pl\/wp-content\/uploads\/2026\/08\/b3c9d-batch_IMG_5005.jpg\"\/><\/a><\/p>\n<p><a href=\"https:\/\/tuwroclaw.com\/galerie\/meskie-granie-we-wroclawiu-g495561\/8880898\" rel=\"nofollow noopener\" target=\"_blank\"><img decoding=\"async\" src=\"https:\/\/www.europesays.com\/pl\/wp-content\/uploads\/2026\/08\/02b69-batch_IMG_5003.jpg\"\/><\/a><\/p>\n<p>Wcze\u015bniej pisali\u015bmy:<\/p>\n<p>Wydarzenie przyci\u0105gn\u0119\u0142o fan\u00f3w r\u00f3\u017cnorodnego brzmienia. Na Scenie G\u0142\u00f3wnej wyst\u0119puj\u0105 m.in. Lor, Natalia Przybysz, Myslovitz oraz Ralph Kaminski. Fina\u0142em pi\u0105tku b\u0119dzie projekt \u201eM\u0119skie Granie Przedstawia: KULT \/\/ PRO8L3M gra Kazika\u201d, w kt\u00f3rym klasyka polskiego rocka spotyka si\u0119 z nowoczesnymi interpretacjami.<\/p>\n<p>R\u00f3wnolegle dzia\u0142a Scena \u017b, gdzie publiczno\u015b\u0107 mo\u017ce us\u0142ysze\u0107 m.in. Dezyderego, K\u0119pi\u0144ski x Derej, Acid Drinkers i \u0141\u0105ki \u0141an. To w\u0142a\u015bnie gitarowe granie i powr\u00f3t do korzeni projektu s\u0105 jednym z najmocniejszych punkt\u00f3w tegorocznej ods\u0142ony.<\/p>\n<p>Nowo\u015bci\u0105 jest Scena M\u0142odych Radar Polska, przygotowana we wsp\u00f3\u0142pracy ze Spotify i Orlenem. We Wroc\u0142awiu prezentuj\u0105 si\u0119 tam m.in. maks.tachasiuk, Hugo Tarres i Jea Mira \u2013 arty\u015bci m\u0142odego pokolenia, kt\u00f3rzy coraz \u015bmielej zaznaczaj\u0105 swoj\u0105 obecno\u015b\u0107 na rynku.<\/p>\n<p>Koncerty b\u0119d\u0105 kontynuowane w sobot\u0119, 1 sierpnia. Na Scenie G\u0142\u00f3wnej pojawi\u0105 si\u0119 m.in. Wiraszko, Kasia Sienkiewicz, projekt Tribute to Stanis\u0142aw Soyka z udzia\u0142em Natalii Przybysz, Smolika, Pauliny Przybysz i Gra\u017cyny \u0141obaszewskiej, a tak\u017ce Coma. Ca\u0142o\u015b\u0107 zwie\u0144czy wyst\u0119p M\u0119skie Granie Orkiestra 2026 w sk\u0142adzie Igor Herbut, Zalia i Vito Bambino.<\/p>\n<p>Na Scenie \u017b drugiego dnia zaplanowano koncerty takich artyst\u00f3w jak Hela, Matylda\/\u0141ukasiewicz, \u00d8rganek i Kosmonauci.<\/p>\n<p>M\u0119skie Granie jest organizowane\u00a0od 2010. Od skromnego pocz\u0105tku wydarzenie rozros\u0142o si\u0119 do rangi najwa\u017cniejszego festiwalu po\u015bwi\u0119conego polskiej muzyce alternatywnej i popowej.<\/p>\n<p><a href=\"https:\/\/tuwroclaw.com\/galerie\/meskie-granie-we-wroclawiu-g495561\/8880909\" rel=\"nofollow noopener\" target=\"_blank\"><img decoding=\"async\" src=\"https:\/\/www.europesays.com\/pl\/wp-content\/uploads\/2026\/08\/3ce35-batch_IMG_4991.jpg\"\/><\/a><\/p>\n<p>Pi\u0105tek, 31 lipca<\/p>\n<p>Scena G\u0142\u00f3wna<\/p>\n<p>Lor; Natalia Przybysz; Myslovitz; Ralph Kaminski; M\u0119skie Granie Przestawia: KULT \/\/ PRO8L3M gra Kazika<\/p>\n<p>Scena \u017b<\/p>\n<p>Dezydery; K\u0119pi\u0144ski x Derej [Polska] \u015acie\u017cka D\u017awi\u0119kowa; Acid Drinkers; \u0141\u0105ki \u0141an<\/p>\n<p>\u00a0<\/p>\n<p>Sobota, 1 sierpnia<\/p>\n<p>Scena G\u0142\u00f3wna<\/p>\n<p>Wiraszko; Kasia Sienkiewicz; Tribute to Stanis\u0142aw Soyka \u2013 Natalia Przybysz Feat. Smolik, Paulina Przybysz, Gra\u017cyna \u0141obaszewska; Coma; M\u0119skie Granie Orkiestra 2026<\/p>\n<p>Scena \u017b<\/p>\n<p>Hela; Matylda\/\u0141ukasiewicz; \u00d8rganek; Kosmonauci<\/p>\n<p>                                                                                                                                                                                                        ]]><\/p>\n","protected":false},"excerpt":{"rendered":"Pierwszy dzie\u0144 M\u0119skiego Grania na Polach Marsowych\u00a0we Wroc\u0142awiu sko\u0144czy\u0142 si\u0119 przed czasem. Przed godz. 23 organizatorzy zdecydowali o&hellip;\n","protected":false},"author":2,"featured_media":593673,"comment_status":"","ping_status":"","sticky":false,"template":"","format":"standard","meta":{"footnotes":"","_share_on_mastodon":"0"},"categories":[51607],"tags":[42,38,40,39,41,1136,1853],"class_list":["post-593672","post","type-post","status-publish","format-standard","has-post-thumbnail","category-wroclaw","tag-pl","tag-poland","tag-polish","tag-polska","tag-polski","tag-rynek","tag-wroclaw"],"share_on_mastodon":{"url":"https:\/\/pubeurope.com\/@pl\/117018558567614776","error":""},"_links":{"self":[{"href":"https:\/\/www.europesays.com\/pl\/wp-json\/wp\/v2\/posts\/593672","targetHints":{"allow":["GET"]}}],"collection":[{"href":"https:\/\/www.europesays.com\/pl\/wp-json\/wp\/v2\/posts"}],"about":[{"href":"https:\/\/www.europesays.com\/pl\/wp-json\/wp\/v2\/types\/post"}],"author":[{"embeddable":true,"href":"https:\/\/www.europesays.com\/pl\/wp-json\/wp\/v2\/users\/2"}],"replies":[{"embeddable":true,"href":"https:\/\/www.europesays.com\/pl\/wp-json\/wp\/v2\/comments?post=593672"}],"version-history":[{"count":0,"href":"https:\/\/www.europesays.com\/pl\/wp-json\/wp\/v2\/posts\/593672\/revisions"}],"wp:featuredmedia":[{"embeddable":true,"href":"https:\/\/www.europesays.com\/pl\/wp-json\/wp\/v2\/media\/593673"}],"wp:attachment":[{"href":"https:\/\/www.europesays.com\/pl\/wp-json\/wp\/v2\/media?parent=593672"}],"wp:term":[{"taxonomy":"category","embeddable":true,"href":"https:\/\/www.europesays.com\/pl\/wp-json\/wp\/v2\/categories?post=593672"},{"taxonomy":"post_tag","embeddable":true,"href":"https:\/\/www.europesays.com\/pl\/wp-json\/wp\/v2\/tags?post=593672"}],"curies":[{"name":"wp","href":"https:\/\/api.w.org\/{rel}","templated":true}]}}