{"id":594004,"date":"2026-08-01T09:15:35","date_gmt":"2026-08-01T09:15:35","guid":{"rendered":"https:\/\/www.europesays.com\/pl\/594004\/"},"modified":"2026-08-01T09:15:35","modified_gmt":"2026-08-01T09:15:35","slug":"szef-bbn-prezydent-na-biezaco-otrzymuje-informacje-o-naruszeniu-polskiej-przestrzeni-powietrznej","status":"publish","type":"post","link":"https:\/\/www.europesays.com\/pl\/594004\/","title":{"rendered":"Szef BBN: Prezydent na bie\u017c\u0105co otrzymuje informacje o naruszeniu polskiej przestrzeni powietrznej"},"content":{"rendered":"<p>&#13;<\/p>\n<p>&#13;<br \/>\n    30.07.2026&#13;<br \/>\n    Szef BBN: Prezydent na bie\u017c\u0105co otrzymuje informacje o naruszeniu polskiej przestrzeni powietrznej&#13;<br \/>\n    Prezydent RP Karol Nawrocki na bie\u017c\u0105co otrzymuje informacje o nocnym naruszeniu polskiej przestrzeni powietrznej \u2013 poinformowa\u0142 szef Biura Bezpiecze\u0144stwa Narodowego Bartosz Grodecki. W drodze na miejsce zdarzenia jest przedstawiciel BBN.&#13;\n  <\/p>\n<p>&#13;<\/p>\n<p>\u2013 Od wczesnych godzin porannych Pan Prezydent jest w kontakcie z premierem Donaldem Tuskiem i wicepremierem, ministrem obrony narodowej W\u0142adys\u0142awem Kosiniakiem\u2013Kamyszem. Biuro Bezpiecze\u0144stwa Narodowego jest w sta\u0142ym kontakcie z w\u0142a\u015bciwymi dow\u00f3dztwami Si\u0142 Zbrojnych RP oraz zaanga\u017cowanymi s\u0142u\u017cbami \u2013 przekaza\u0142 minister. Zaznaczy\u0142, \u017ce do Dy\u017curnej S\u0142u\u017cby Operacyjnej BBN sp\u0142ywaj\u0105 meldunki m. in. od Dow\u00f3dztwa Operacyjnego Rodzaj\u00f3w Si\u0142 Zbrojnych oraz Rz\u0105dowego Centrum Bezpiecze\u0144stwa.<\/p>\n<p>Oczekujemy precyzyjnych i szczeg\u00f3\u0142owych informacji dotycz\u0105cych ca\u0142ego przebiegu zdarzenia \u2013 podkre\u015bli\u0142 Bartosz Grodecki.<\/p>\n<p dir=\"ltr\">Prezydent RP Karol Nawrocki na bie\u017c\u0105co otrzymuje informacje o nocnym naruszeniu polskiej przestrzeni powietrznej. Od wczesnych godzin porannych Pan Prezydent jest w kontakcie z premierem Donaldem Tuskiem i wicepremierem, ministrem obrony narodowej W\u0142adys\u0142awem\u2026<\/p>\n<p>\u2014 Bartosz Grodecki (@BartoszGrodecki) <a href=\"https:\/\/x.com\/BartoszGrodecki\/status\/2082730978716352653?ref_src=twsrc%5Etfw\" rel=\"nofollow\">July 30, 2026<\/a><br \/>\n        \t  \t  &#13;<br \/>\n  &#13;<br \/>\n  &#13;<\/p>\n","protected":false},"excerpt":{"rendered":"&#13; &#13; 30.07.2026&#13; Szef BBN: Prezydent na bie\u017c\u0105co otrzymuje informacje o naruszeniu polskiej przestrzeni powietrznej&#13; Prezydent RP Karol&hellip;\n","protected":false},"author":2,"featured_media":594005,"comment_status":"","ping_status":"","sticky":false,"template":"","format":"standard","meta":{"footnotes":"","_share_on_mastodon":"0"},"categories":[62712],"tags":[787,70440,21323,690,45810,43377,70441],"class_list":["post-594004","post","type-post","status-publish","format-standard","has-post-thumbnail","category-karol-nawrocki","tag-bbn","tag-bezpieczenstwo-polski","tag-biuro-bezpieczenstwa-narodowego","tag-karol-nawrocki","tag-prezydent-rp","tag-rada-bezpieczenstwa-narodowego","tag-stanislaw-koziej"],"share_on_mastodon":{"url":"https:\/\/pubeurope.com\/@pl\/117019497328825803","error":""},"_links":{"self":[{"href":"https:\/\/www.europesays.com\/pl\/wp-json\/wp\/v2\/posts\/594004","targetHints":{"allow":["GET"]}}],"collection":[{"href":"https:\/\/www.europesays.com\/pl\/wp-json\/wp\/v2\/posts"}],"about":[{"href":"https:\/\/www.europesays.com\/pl\/wp-json\/wp\/v2\/types\/post"}],"author":[{"embeddable":true,"href":"https:\/\/www.europesays.com\/pl\/wp-json\/wp\/v2\/users\/2"}],"replies":[{"embeddable":true,"href":"https:\/\/www.europesays.com\/pl\/wp-json\/wp\/v2\/comments?post=594004"}],"version-history":[{"count":0,"href":"https:\/\/www.europesays.com\/pl\/wp-json\/wp\/v2\/posts\/594004\/revisions"}],"wp:featuredmedia":[{"embeddable":true,"href":"https:\/\/www.europesays.com\/pl\/wp-json\/wp\/v2\/media\/594005"}],"wp:attachment":[{"href":"https:\/\/www.europesays.com\/pl\/wp-json\/wp\/v2\/media?parent=594004"}],"wp:term":[{"taxonomy":"category","embeddable":true,"href":"https:\/\/www.europesays.com\/pl\/wp-json\/wp\/v2\/categories?post=594004"},{"taxonomy":"post_tag","embeddable":true,"href":"https:\/\/www.europesays.com\/pl\/wp-json\/wp\/v2\/tags?post=594004"}],"curies":[{"name":"wp","href":"https:\/\/api.w.org\/{rel}","templated":true}]}}