{"id":594118,"date":"2026-08-01T10:43:13","date_gmt":"2026-08-01T10:43:13","guid":{"rendered":"https:\/\/www.europesays.com\/pl\/594118\/"},"modified":"2026-08-01T10:43:13","modified_gmt":"2026-08-01T10:43:13","slug":"trump-swietuje-historyczne-porozumienie-dotyczace-strefy-gazy-pospieszyl-sie","status":"publish","type":"post","link":"https:\/\/www.europesays.com\/pl\/594118\/","title":{"rendered":"Trump \u015bwi\u0119tuje &#8222;historyczne&#8221; porozumienie dotycz\u0105ce Strefy Gazy. Pospieszy\u0142 si\u0119"},"content":{"rendered":"<p>Jest to sytuacja, kt\u00f3r\u0105 znamy ju\u017c jako typow\u0105 dla Trumpa: prezydent USA og\u0142asza sensacyjne porozumienie mi\u0119dzy dwiema stronami konfliktu, a potem \u015bwiat zastanawia si\u0119, co dok\u0142adnie ono obejmuje i czy w og\u00f3le wszystkie strony wyrazi\u0142y na nie zgod\u0119. Tak by\u0142o w przypadku rosyjskiej wojny przeciwko Ukrainie, tak by\u0142o z Iranem \u2014 i tak jest teraz po raz kolejny w przypadku Strefy Gazy.<\/p>\n<p>&#8222;Dzisiaj Rada Pokoju osi\u0105gn\u0119\u0142a HISTORYCZNE porozumienie w sprawie CA\u0141KOWITEGO ROZBROJENIA Hamasu i wszystkich innych ugrupowa\u0144 w Strefie Gazy&#8221; \u2014 napisa\u0142 Trump w pi\u0105tek o godz. 0:24 polskiego czasu na swoim portalu spo\u0142eczno\u015bciowym Truth Social. To &#8222;monumentalny krok w kierunku trwa\u0142ego POKOJU i BEZPIECZE\u0143STWA&#8221;.<\/p>\n<p>Je\u015bli faktycznie zostanie wdro\u017cone porozumienie w formie nakre\u015blonej przez Trumpa, by\u0142by to decyduj\u0105cy krok w kierunku realizacji 20-punktowego planu pokojowego ameryka\u0144skiego prezydenta, na kt\u00f3ry w zesz\u0142ym roku zgodzi\u0142y si\u0119 r\u00f3wnie\u017c Izrael i Hamas. Na razie jednak nie jest jasne, kto i w jakim zakresie zgodzi\u0142 si\u0119 na obecne porozumienie dotycz\u0105ce rozbrojenia oraz w jaki spos\u00f3b zosta\u0142oby ono wdro\u017cone, gdyby faktycznie zosta\u0142o zaakceptowane przez wszystkie strony.<\/p>\n<p>Najwyra\u017aniej istnieje tekst porozumienia, kt\u00f3re przewiduje rozbrojenie Hamasu oraz wycofanie si\u0119 Izraela w obr\u0119bie Strefy Gazy lub poza ni\u0105. Izrael nie wypowiedzia\u0142 si\u0119 jeszcze jednak na temat tego porozumienia. R\u00f3wnie\u017c Trump nie wspomina o izraelskiej zgodzie.<\/p>\n<p>To, czy Izrael wyrazi zgod\u0119 na porozumienie, jest kluczowe. W o\u015bwiadczeniu niemieckiego ministra spraw zagranicznych Johanna Wadephula dotycz\u0105cym og\u0142oszenia porozumienia mo\u017cna dostrzec co\u015b w rodzaju przyjaznej zach\u0119ty skierowanej do Izraela, by si\u0119 na nie zgodzi\u0142.<\/p>\n<p>Wadephul w po\u015bcie na X z zadowoleniem przyjmuje porozumienie, podkre\u015bla, \u017ce Hamas musi si\u0119 teraz &#8222;naprawd\u0119 rozbroi\u0107&#8221; i pochwala kroki Izraela maj\u0105ce na celu umo\u017cliwienie rozmieszczenia Mi\u0119dzynarodowych Si\u0142 Stabilizacyjnych (ISF) zgodnie z 20-punktowym planem. Zosta\u0142o to zatwierdzone przez izraelsk\u0105 rad\u0119 bezpiecze\u0144stwa kilka dni temu. Jednak warunkiem wys\u0142ania tych si\u0142 jest wspomniane rozbrojenie.<\/p>\n<p><img class=\"ods-a-photo ods-a-photo--background\" src=\"https:\/\/www.europesays.com\/pl\/wp-content\/uploads\/2026\/08\/nWUk9lBaHR0cHM6Ly9vY2RuLmV1L3B1bHNjbXMvTURBXy84ODM2MTgyZDRjMjNhODY4MGQyOWI1OWZlZGEyMTU2Ny5qcGeRkwXNB.jpeg\" height=\"627\" width=\"940\" alt=\"Namioty w obozie dla uchod\u017ac\u00f3w Jabalia w p\u00f3\u0142nocnej cz\u0119\u015bci Strefy Gazy, 30 lipca 2026 r. \" loading=\"lazy\" fetchpriority=\"auto\" decoding=\"auto\"\/><\/p>\n<p>AHMED AL ARINI \/ MIDDLE EAST IMAGES \/ MIDDLE EAST IMAGES VIA AFP \/ AFP<\/p>\n<p>Namioty w obozie dla uchod\u017ac\u00f3w Jabalia w p\u00f3\u0142nocnej cz\u0119\u015bci Strefy Gazy, 30 lipca 2026 r. <\/p>\n<p>Obecnie nie jest jednak jasne, czy Hamas ostatecznie wyrazi\u0142 na nie zgod\u0119. W rozmowie z agencj\u0105 Reutera przedstawiciel Hamasu okre\u015bli\u0142 tekst jedynie jako &#8222;projekt&#8221;. W stacji telewizyjnej Al-D\u017cazira negocjator Hamasu Gazi Hamad o\u015bwiadczy\u0142: &#8222;Nie podejmiemy \u017cadnych krok\u00f3w w kierunku rozbrojenia, dop\u00f3ki Izrael nie wycofa si\u0119 ze Strefy Gazy&#8221;.<\/p>\n<p>Kwestia tego, czy najpierw Hamas ma si\u0119 rozbroi\u0107, czy te\u017c najpierw Izrael musi si\u0119 wycofa\u0107, pozosta\u0142a otwarta w tek\u015bcie porozumienia opublikowanym przez Rad\u0119 Pokoju wczesnym popo\u0142udniem w pi\u0105tek polskiego czasu. Tak samo by\u0142o ju\u017c w 20-punktowym planie.<\/p>\n<p>W odr\u00f3\u017cnieniu od Trumpa Rada Pokoju w opublikowanym w\u0142a\u015bnie dokumencie nie m\u00f3wi o &#8222;porozumieniu&#8221;, lecz o &#8222;mapie drogowej&#8221;, czyli planie dzia\u0142ania prowadz\u0105cym do uzgodnionego stanu ko\u0144cowego. Zgodnie z nim najpierw powinny zosta\u0107 zako\u0144czone dzia\u0142ania zbrojne ze wszystkich stron.<\/p>\n<p>Nast\u0119pnie ma rozpocz\u0105\u0107 si\u0119 proces rozbrojenia, kt\u00f3ry przeprowadzi Narodowy Komitet ds. Zarz\u0105dzania Gaz\u0105 (NCAG), utworzony na mocy 20-punktowego planu Trumpa, ale kt\u00f3ry nie podj\u0105\u0142 jeszcze rzeczywistej dzia\u0142alno\u015bci w Gazie. Mi\u0119dzynarodowe si\u0142y ISF maj\u0105 wspiera\u0107 ten proces. A Izrael ma si\u0119 wycofa\u0107. Ale w jakiej kolejno\u015bci?<\/p>\n<p>W punkcie 8. dokumentu pada jedynie stwierdzenie, \u017ce wycofanie i rozbrojenie b\u0119d\u0105 przebiega\u0107 etapowo i b\u0119d\u0105 &#8222;linked&#8221;, czyli powi\u0105zane. Jak dok\u0142adnie maj\u0105 przebiega\u0107, zostanie wynegocjowane w ramach dwutygodniowego procesu po wyra\u017ceniu zgody przez wszystkie strony na plan dzia\u0142ania.<\/p>\n<p>Oznacza to, \u017ce tak zwana mapa drogowa jedynie powiela kluczow\u0105, otwart\u0105 kwesti\u0119 zawart\u0105 w 20-punktowym planie i pr\u00f3buje wyznaczy\u0107 termin jej rozwi\u0105zania \u2014 kt\u00f3ry jednak, jak stwierdzono w innym miejscu, mo\u017ce zosta\u0107 przed\u0142u\u017cony.<\/p>\n<p>W jednym punkcie tekst jest nawet do\u015b\u0107 zbli\u017cony do interpretacji Hamasu. W punkcie 8. czytamy mi\u0119dzy innymi: &#8222;\u017badna bro\u0144 nie zostanie przekazana ani wydana Izraelowi ani stronom niepalesty\u0144skim&#8221;. Rzeczywi\u015bcie, funkcjonariusz Hamasu Hamad w wywiadzie dla Al-D\u017caziry stwierdza, \u017ce Hamas przeka\u017ce swoj\u0105 bro\u0144 Komitetowi Narodowemu &#8222;w celu przechowywania&#8221;.<\/p>\n<p>Dalszy ci\u0105g artyku\u0142u pod materia\u0142em wideo<\/p>\n<p>Hamas najwyra\u017aniej nie zamierza wi\u0119c naprawd\u0119 trwale przekaza\u0107 swojej broni, chce jedynie zleci\u0107 jej przechowywanie \u2014 i to przez palesty\u0144skich rodak\u00f3w, a nie przez osoby trzecie. Ponadto w planie nie zawsze jest jasne, o jak\u0105 bro\u0144 chodzi. Co prawda w punkcie 8. pada stwierdzenie, \u017ce pod koniec procesu tylko Komitet Narodowy b\u0119dzie dysponowa\u0142 broni\u0105 w Strefie Gazy.<\/p>\n<p>Jednak wszystkie konkretne postanowienia w tym punkcie odnosz\u0105 si\u0119 wyra\u017anie do &#8222;broni ci\u0119\u017ckiej&#8221;. Bro\u0144 lekka jest uwa\u017cana za warunek konieczny do sprawowania przez Hamas kontroli nad ludno\u015bci\u0105 w Strefie Gazy. Posiadanie broni ci\u0119\u017ckiej jest postrzegane jako element, dzi\u0119ki kt\u00f3remu ugrupowanie bojowe mo\u017ce prezentowa\u0107 si\u0119 jako si\u0142a przeciwstawiaj\u0105ca si\u0119 Izraelowi.<\/p>\n<p>Hamas, nawet po wyra\u017ceniu zgody na 20-punktowy plan, wielokrotnie powtarza\u0142, \u017ce nie zrezygnuje ze swojej roli w polityce palesty\u0144skiej. Izrael ze swojej strony wielokrotnie dawa\u0142 do zrozumienia, \u017ce ca\u0142kowita kapitulacja Hamasu w Strefie Gazy jest warunkiem trwa\u0142ego pokoju.<\/p>\n<p>Po wyra\u017ceniu zgody na 20-punktowy plan Izrael wycofa\u0142 si\u0119 z cz\u0119\u015bci Strefy Gazy i obecnie kontroluje jeszcze 60\u201370 proc. terytorium. To, czy i w jaki spos\u00f3b plan ten zostanie wdro\u017cony, ma dla obu stron znaczenie egzystencjalne.<\/p>\n<p>Hamas powsta\u0142 w Strefie Gazy i rz\u0105dzi\u0142 tam przez dziesi\u0119ciolecia, dlatego te\u017c znaczna cz\u0119\u015b\u0107 jego roszcze\u0144 do przyw\u00f3dztwa w\u015br\u00f3d og\u00f3\u0142u Palesty\u0144czyk\u00f3w opiera si\u0119 na jego roli w tym rejonie. Premier Izraela Binjamin Netanjahu prowadzi z kolei kampani\u0119 wyborcz\u0105 i wielokrotnie, ostatnio w styczniu, o\u015bwiadcza\u0142, \u017ce pod jego przyw\u00f3dztwem Izrael nigdy nie zrezygnuje z kontroli bezpiecze\u0144stwa nad Stref\u0105 Gazy.<\/p>\n","protected":false},"excerpt":{"rendered":"Jest to sytuacja, kt\u00f3r\u0105 znamy ju\u017c jako typow\u0105 dla Trumpa: prezydent USA og\u0142asza sensacyjne porozumienie mi\u0119dzy dwiema stronami&hellip;\n","protected":false},"author":2,"featured_media":594119,"comment_status":"","ping_status":"","sticky":false,"template":"","format":"standard","meta":{"footnotes":"","_share_on_mastodon":"0"},"categories":[14],"tags":[56,343,61195,32,33,44,213,27,91,34,35,28,31,48,56812,25,46,40,41,40547,47,88,80,29,30,26,82,83,84],"class_list":["post-594118","post","type-post","status-publish","format-standard","has-post-thumbnail","category-swiat","tag-article_premium","tag-binjamin_netanjahu","tag-bottomfeed_styl","tag-breaking-news","tag-breakingnews","tag-donald_trump","tag-hamas","tag-headlines","tag-izrael","tag-latest-news","tag-latestnews","tag-naglowki","tag-najwazniejsze-artykuly","tag-nat_styl","tag-newbb_tst0","tag-news","tag-omp","tag-polish","tag-polski","tag-rada_pokoju","tag-screening_general","tag-strefa_gazy","tag-swiat","tag-top-stories","tag-topstories","tag-wiadomosci","tag-world","tag-world-news","tag-worldnews"],"share_on_mastodon":{"url":"https:\/\/pubeurope.com\/@pl\/117019843393001968","error":""},"_links":{"self":[{"href":"https:\/\/www.europesays.com\/pl\/wp-json\/wp\/v2\/posts\/594118","targetHints":{"allow":["GET"]}}],"collection":[{"href":"https:\/\/www.europesays.com\/pl\/wp-json\/wp\/v2\/posts"}],"about":[{"href":"https:\/\/www.europesays.com\/pl\/wp-json\/wp\/v2\/types\/post"}],"author":[{"embeddable":true,"href":"https:\/\/www.europesays.com\/pl\/wp-json\/wp\/v2\/users\/2"}],"replies":[{"embeddable":true,"href":"https:\/\/www.europesays.com\/pl\/wp-json\/wp\/v2\/comments?post=594118"}],"version-history":[{"count":0,"href":"https:\/\/www.europesays.com\/pl\/wp-json\/wp\/v2\/posts\/594118\/revisions"}],"wp:featuredmedia":[{"embeddable":true,"href":"https:\/\/www.europesays.com\/pl\/wp-json\/wp\/v2\/media\/594119"}],"wp:attachment":[{"href":"https:\/\/www.europesays.com\/pl\/wp-json\/wp\/v2\/media?parent=594118"}],"wp:term":[{"taxonomy":"category","embeddable":true,"href":"https:\/\/www.europesays.com\/pl\/wp-json\/wp\/v2\/categories?post=594118"},{"taxonomy":"post_tag","embeddable":true,"href":"https:\/\/www.europesays.com\/pl\/wp-json\/wp\/v2\/tags?post=594118"}],"curies":[{"name":"wp","href":"https:\/\/api.w.org\/{rel}","templated":true}]}}