{"id":594226,"date":"2026-08-01T12:00:13","date_gmt":"2026-08-01T12:00:13","guid":{"rendered":"https:\/\/www.europesays.com\/pl\/594226\/"},"modified":"2026-08-01T12:00:13","modified_gmt":"2026-08-01T12:00:13","slug":"zuzel-problemy-przed-grand-prix-w-lodzi-nagly-komunikat-organizatorow","status":"publish","type":"post","link":"https:\/\/www.europesays.com\/pl\/594226\/","title":{"rendered":"\u017bu\u017cel. Problemy przed Grand Prix w \u0141odzi. Nag\u0142y komunikat organizator\u00f3w"},"content":{"rendered":"\n<p class=\"contentpart contentpart--default contentpart--text\" data-position=\"0\">Prognozy pogody zapowiadaj\u0105, \u017ce ok. godz. 14:00 przez \u0141\u00f3d\u017a mog\u0105 przej\u015b\u0107 intensywne opady deszczu. Dlatego te\u017c organizatorzy\u00a0<a href=\"https:\/\/sportowefakty.wp.pl\/zuzel\/gp-polski\" rel=\"nofollow noopener\" target=\"_blank\">GP Polski<\/a>\u00a0postanowili zrezygnowa\u0107 z treningu i kwalifikacji, jakie zaplanowano na Moto Arenie przed wieczornym turniejem <a href=\"https:\/\/sportowefakty.wp.pl\/zuzel\/sgpims\" rel=\"nofollow noopener\" target=\"_blank\">SGP<\/a>. Wszystko z my\u015bl\u0105 o tym, aby nie naruszy\u0107 nawierzchni i przygotowa\u0107 j\u0105 na ewentualny opad deszczu.<\/p>\n<p>Trening i kwalifikacje do GP Polski odwo\u0142ane<\/p>\n<p>  <img decoding=\"async\" src=\"https:\/\/v.wpimg.pl\/X3dwLnN2d1IFFTpdYUl6R0ZNbgcnEHQREVV2TGEGbUtRT2MdOlZ2RBQUKABgQjQcDRotCStBd1IAAWMeIlM7VgwYIAorQAdEFFk_GCkQJQ\" alt=\"\" width=\"45\" height=\"58\" loading=\"lazy\"\/>  <\/p>\n<p class=\"contentpart contentpart--default contentpart--text\" data-position=\"2\">Rezygnacja z &#8222;czas\u00f3wki&#8221; oznacza,\u00a0\u017ce zawodnicy nie b\u0119d\u0105 mieli wyboru numer\u00f3w startowych do sobotniego turnieju. W tej sytuacji o godz. 13:00 rozpocz\u0119\u0142a si\u0119 procedura losowania listy startowej GP Polski.<\/p>\n<p class=\"contentpart contentpart--default contentpart--text\" data-position=\"3\">ZOBACZ WIDEO: Sp\u0119dzili dwa tygodnie w &#8222;Maluchach&#8221;. Przejechali Europ\u0119 i zebrali 2 mln z\u0142<\/p>\n<p class=\"contentpart contentpart--default contentpart--text\" data-position=\"5\">\u0141\u00f3d\u017a po raz pierwszy w historii jest gospodarzem turnieju z cyklu \u017cu\u017clowych mistrzostw \u015bwiata. Dlatego nie powinno dziwi\u0107, \u017ce organizatorzy z trosk\u0105 podchodz\u0105 do sobotnich zawod\u00f3w i chc\u0105 zrobi\u0107 wszystko, aby ewentualne opady deszczu nie przeszkodzi\u0142y w ich rozegraniu.<\/p>\n<p class=\"contentpart contentpart--default contentpart--text\" data-position=\"6\">Pocz\u0105tek turnieju SGP w \u0141odzi zaplanowano na godz. 19:00. Relacja na \u017cywo w portalu WP SportoweFakty. Serdecznie zapraszamy do jej \u015bledzenia pod poni\u017cszym linkiem.<\/p>\n<p>  <img decoding=\"async\" src=\"https:\/\/v.wpimg.pl\/X3dwLnN2d1IFFTpdYUl6R0ZNbgcnEHQREVV2TGEGbUtRT2MdOlZ2RBQUKABgQjQcDRotCStBd1IAAWMeIlM7VgwYIAorQAdEFFk_GCkQJQ\" alt=\"\" width=\"45\" height=\"58\" loading=\"lazy\"\/>   <\/p>\n<p>Nasza relacja:<\/p>\n<p> <a href=\"https:\/\/sportowefakty.wp.pl\/zuzel\/relacja-na-zywo\/176169\/grand-prix-polski-w-lodzi-live\" class=\"box\" rel=\"nofollow noopener\" target=\"_blank\">  <\/p>\n<p>01.08.2026 19:00<\/p>\n<p>SGP\/IM\u015a<\/p>\n<p>Grand Prix Polski w \u0141odzi<\/p>\n<p>   <\/a>  <\/p>\n","protected":false},"excerpt":{"rendered":"Prognozy pogody zapowiadaj\u0105, \u017ce ok. godz. 14:00 przez \u0141\u00f3d\u017a mog\u0105 przej\u015b\u0107 intensywne opady deszczu. Dlatego te\u017c organizatorzy\u00a0GP Polski\u00a0postanowili&hellip;\n","protected":false},"author":2,"featured_media":594227,"comment_status":"","ping_status":"","sticky":false,"template":"","format":"standard","meta":{"footnotes":"","_share_on_mastodon":"0"},"categories":[51608],"tags":[98339,22718,3652,979,31296,42,38,40,39,41,748,174],"class_list":["post-594226","post","type-post","status-publish","format-standard","has-post-thumbnail","category-lodz","tag-gp-polski","tag-h-skrzydlewska-orzel-lodz","tag-lodz","tag-metalkas-2-ekstraliga","tag-moto-arena-lodz","tag-pl","tag-poland","tag-polish","tag-polska","tag-polski","tag-sgp-ims","tag-zuzel"],"share_on_mastodon":{"url":"https:\/\/pubeurope.com\/@pl\/117020147202694338","error":""},"_links":{"self":[{"href":"https:\/\/www.europesays.com\/pl\/wp-json\/wp\/v2\/posts\/594226","targetHints":{"allow":["GET"]}}],"collection":[{"href":"https:\/\/www.europesays.com\/pl\/wp-json\/wp\/v2\/posts"}],"about":[{"href":"https:\/\/www.europesays.com\/pl\/wp-json\/wp\/v2\/types\/post"}],"author":[{"embeddable":true,"href":"https:\/\/www.europesays.com\/pl\/wp-json\/wp\/v2\/users\/2"}],"replies":[{"embeddable":true,"href":"https:\/\/www.europesays.com\/pl\/wp-json\/wp\/v2\/comments?post=594226"}],"version-history":[{"count":0,"href":"https:\/\/www.europesays.com\/pl\/wp-json\/wp\/v2\/posts\/594226\/revisions"}],"wp:featuredmedia":[{"embeddable":true,"href":"https:\/\/www.europesays.com\/pl\/wp-json\/wp\/v2\/media\/594227"}],"wp:attachment":[{"href":"https:\/\/www.europesays.com\/pl\/wp-json\/wp\/v2\/media?parent=594226"}],"wp:term":[{"taxonomy":"category","embeddable":true,"href":"https:\/\/www.europesays.com\/pl\/wp-json\/wp\/v2\/categories?post=594226"},{"taxonomy":"post_tag","embeddable":true,"href":"https:\/\/www.europesays.com\/pl\/wp-json\/wp\/v2\/tags?post=594226"}],"curies":[{"name":"wp","href":"https:\/\/api.w.org\/{rel}","templated":true}]}}