{"id":59426,"date":"2025-10-20T18:58:14","date_gmt":"2025-10-20T18:58:14","guid":{"rendered":"https:\/\/www.europesays.com\/pl\/59426\/"},"modified":"2025-10-20T18:58:14","modified_gmt":"2025-10-20T18:58:14","slug":"daniela-martyniuka-nie-bedzie-na-chrzcinach-syna-kiedys-mu-to-wytlumacze","status":"publish","type":"post","link":"https:\/\/www.europesays.com\/pl\/59426\/","title":{"rendered":"Daniela Martyniuka nie b\u0119dzie na chrzcinach syna? \u201eKiedy\u015b mu to wyt\u0142umacz\u0119\u201d"},"content":{"rendered":"<ul>\n<li>Daniel Martyniuk poinformowa\u0142, \u017ce nie pojawi si\u0119 na chrzcie syna.<\/li>\n<li>Zenek Martyniuk zapewnia, \u017ce ca\u0142a rodzina stawi si\u0119 na chrzcie Floriana.<\/li>\n<li>Daniel Martyniuk uderza w rodzin\u0119. Nadal twierdzi, \u017ce nie mo\u017ce wzi\u0105\u0107 udzia\u0142u w chrzcie syna.<\/li>\n<\/ul>\n<p>\t\t\t\t                                    \t<a name=\"eztoc22540806_0_3\" id=\"eztoc22540806_0_3\"\/>Kolejna awantura Daniela Martyniuka. Nie b\u0119dzie go na chrzcinach syna?<\/p>\n<p>Daniel Martyniuk<br \/>\n<a href=\"https:\/\/www.meloradio.pl\/newsy\/daniel-martyniuk-grozil-faustynie-rozwodem-tak-zareagowal-na-zdjecie-synka\" target=\"_blank\" rel=\"dofollow noopener\">wyjecha\u0142 z Polski i zacz\u0105\u0142 pracowa\u0107 na budowie w Hiszpanii<\/a>. Kiedy wydawa\u0142o si\u0119, \u017ce wychodzi na prost\u0105, opublikowa\u0142 na Instagramie<br \/>\n<a href=\"https:\/\/www.meloradio.pl\/dramy\/niepokojace-wpisy-daniela-martyniuka-grozi-wiezieniem-i-wierzy-ze-bliscy-chca-go-zniszczyc\" target=\"_blank\" rel=\"dofollow noopener\">seri\u0119 niepokoj\u0105cych wpis\u00f3w<\/a> i<br \/>\n<a href=\"https:\/\/www.meloradio.pl\/dramy\/daniel-martyniuk-znowu-szaleje-na-instagramie-w-tle-kryzys-w-relacji-i-awantura-o-latarnie\" target=\"_blank\" rel=\"dofollow noopener\">zagrozi\u0142 Faustynie rozwodem<\/a>. P\u00f3\u017aniej zasugerowa\u0142, \u017ce nie b\u0119dzie obecny na chrzcinach syna. \u201eChrzciny Floriana s\u0105 26 pa\u017adziernika. Niestety mnie na nich zabraknie\u201d &#8211; napisa\u0142. Deklaracja Daniela Martyniuka bardzo zdziwi\u0142a jego ojca. Zenek Martyniuk zapewni\u0142, \u017ce ca\u0142a rodzina stawi si\u0119 w ko\u015bciele na chrzcie Floriana. &#8211; Wszystko organizuje Faustyna w Bia\u0142ymstoku. Wspaniale sobie radzi. My z Danusi\u0105 szykujemy si\u0119 na t\u0119 uroczysto\u015b\u0107 i nasz syn te\u017c tam b\u0119dzie &#8211; powiedzia\u0142 \u201ekr\u00f3l disco-polo\u201d w rozmowie z Glampress. Niestety nie spodziewa\u0142 si\u0119, jak na te s\u0142owa zareaguje Daniel Martyniuk.<\/p>\n<p>\t\t\t\t                                    \t<a name=\"eztoc22540806_0_4\" id=\"eztoc22540806_0_4\"\/>Daniel Martyniuk uderza w rodzin\u0119. \u201eSzok, \u017ceby nie m\u00f3c przyjecha\u0107 na chrzciny syna\u201d<\/p>\n<p>Daniel Martyniuk od jakiego\u015b czasu daje zna\u0107 internautom, \u017ce czuje si\u0119 atakowany przez najbli\u017cszych. \u201eMieli taki plan, \u017ceby was wydyma\u0107.<br \/>\n<a href=\"https:\/\/www.meloradio.pl\/newsy\/daniel-martyniuk-powiedzial-za-duzo-mialem-sie-zgodzic-na-osrodek\" target=\"_blank\" rel=\"dofollow noopener\">Ja mia\u0142em si\u0119 zgodzi\u0107 na jaki\u015b o\u015brodek za grube tysi\u0105ce. Potem niby mia\u0142em wyj\u015b\u0107, a wy niby widzie\u0107 przemian\u0119<\/a>. Reklama o\u015brodk\u00f3w, psycholog\u00f3w. Ju\u017c czaicie, jak to wszystko wygl\u0105da?\u201d &#8211; napisa\u0142, po czym<br \/>\n<a href=\"https:\/\/www.meloradio.pl\/dramy\/daniel-martyniuk-atakuje-zone-i-tesciowa-wspomnial-o-brutalnym-spisku-niszczenie-destrukcja\" target=\"_blank\" rel=\"dofollow noopener\">zarzuci\u0142 te\u015bciowej, \u017ce \u201ekupi\u0142a\u201d doktorat Faustynie<\/a>. Teraz znowu uderzy\u0142 w cz\u0142onk\u00f3w swojej rodziny.<\/p>\n<blockquote class=\"blockquote\">\n<p>    Te\u017c tak macie? \u017beby tatusiowi PR-u nie psu\u0107? Macie tak? Wi\u0119c odczepcie si\u0119 nareszcie, bo b\u0119d\u0119 tym, co to udowodni i du\u017co zmieni w tym biznesie, kt\u00f3ry teraz jest kontrolowany przez total imbecyli. Wol\u0119 wszystko straci\u0107, byle by zmieni\u0107 co\u015b dla innych, \u017ceby artysta by\u0142 artyst\u0105! Serio, m\u00f3wi\u0119 do\u015b\u0107. To jest hardcore. Ja wiem wszystko. Musz\u0119 by\u0107 sob\u0105 i nie podda\u0107 si\u0119 bez wzgl\u0119du na wszystko. Nie znacie mnie. W Boga nie wierz\u0119, w ojczyzn\u0119 jako tako, ale honor jest najwa\u017cniejszy. W ojczyzn\u0119 nie wierz\u0119, bo \u017cyj\u0119 w kraju, w kt\u00f3rym kto\u015b chce mnie zrobi\u0107 w chu**. Niedoczekanie. Takiego skur*** jak ja, to ze \u015bwiec\u0105 szuka\u0107, m\u00f3wi\u0119 wam wszystkim teraz &#8211; im dalej to potrwa, tym b\u0119dzie gorzej. Mam nawet ograniczone dodawanie komentarzy do w\u0142asnych post\u00f3w, a to ju\u017c akurat nowo\u015b\u0107. Tego jeszcze nie grali, ja ju\u017c adwokat\u00f3w nawet nie potrzebuj\u0119. Sam to udowodni\u0119, ale Helsinki b\u0119d\u0105. Ju\u017c jest po was cwaniaczki<br \/>\n    &#8211; pisa\u0142.<\/p><\/blockquote>\n<p>W dalszej cz\u0119\u015bci wpisu Daniel Martyniuk po raz kolejny da\u0142 zna\u0107, \u017ce nie pojawi si\u0119 na chrzcinach Floriana. \u201eSzok, \u017ceby nie m\u00f3c przyjecha\u0107 na chrzciny syna. Kiedy\u015b mu to wyt\u0142umacz\u0119. Zrozumie! (\u2026) Nie chc\u0119 zna\u0107 tych ludzi. Rodzina ju\u017c nie istnieje\u201d &#8211; grzmia\u0142. Rozumiecie co\u015b z tego jeszcze?<\/p>\n<p>                            <img decoding=\"async\" data-ot-ignore=\"\" class=\" \" src=\"https:\/\/www.europesays.com\/pl\/wp-content\/uploads\/2025\/10\/Daniel-Martyniuk-mowi-ze-nie-bedzie-na-chrzcie-syna.png\" width=\"471\" height=\"803\" alt=\"Daniel Martyniuk m\u00f3wi, \u017ce nie b\u0119dzie na chrzcie syna\" data- title=\"Daniel Martyniuk m\u00f3wi, \u017ce nie b\u0119dzie na chrzcie syna\" data-portal-copyright=\"Instagram\/@unfckble89\" loading=\"lazy\"\/><\/p>\n<p>                                fot.<br \/>\n                                    Instagram\/@unfckble89<\/p>\n<p>                                Daniel Martyniuk m\u00f3wi, \u017ce nie b\u0119dzie na chrzcie syna<\/p>\n<p>                            <img decoding=\"async\" data-ot-ignore=\"\" class=\" \" src=\"https:\/\/www.europesays.com\/pl\/wp-content\/uploads\/2025\/10\/Daniel-Martyniuk-uderza-w-najblizszych.png\" width=\"471\" height=\"798\" alt=\"Daniel Martyniuk uderza w najbli\u017cszych\" data- title=\"Daniel Martyniuk uderza w najbli\u017cszych\" data-portal-copyright=\"Instagram\/@unfckble89\" loading=\"lazy\"\/><\/p>\n<p>                                fot.<br \/>\n                                    Instagram\/@unfckble89<\/p>\n<p>                                Daniel Martyniuk uderza w najbli\u017cszych<\/p>\n<p>                            <img decoding=\"async\" data-ot-ignore=\"\" class=\" \" src=\"https:\/\/www.europesays.com\/pl\/wp-content\/uploads\/2025\/10\/Daniel-Martyniuk-uderza-w-rodzine.png\" width=\"477\" height=\"809\" alt=\"Daniel Martyniuk uderza w rodzin\u0119\" data- title=\"Daniel Martyniuk uderza w rodzin\u0119\" data-portal-copyright=\"Instagram\/@unfckble89\" loading=\"lazy\"\/><\/p>\n<p>                                fot.<br \/>\n                                    Instagram\/@unfckble89<\/p>\n<p>                                Daniel Martyniuk uderza w rodzin\u0119<\/p>\n<p>\u0179r\u00f3d\u0142o: Meloradio.pl\/Glampress<\/p>\n","protected":false},"excerpt":{"rendered":"Daniel Martyniuk poinformowa\u0142, \u017ce nie pojawi si\u0119 na chrzcie syna. Zenek Martyniuk zapewnia, \u017ce ca\u0142a rodzina stawi si\u0119&hellip;\n","protected":false},"author":2,"featured_media":59427,"comment_status":"","ping_status":"","sticky":false,"template":"","format":"standard","meta":{"footnotes":""},"categories":[22],"tags":[15573,122,7250,42,38,40,39,41,123,7251,15574],"class_list":{"0":"post-59426","1":"post","2":"type-post","3":"status-publish","4":"format-standard","5":"has-post-thumbnail","7":"category-rozrywka","8":"tag-daniel-martyniuk","9":"tag-entertainment","10":"tag-historie-gwiazd","11":"tag-pl","12":"tag-poland","13":"tag-polish","14":"tag-polska","15":"tag-polski","16":"tag-rozrywka","17":"tag-skandale","18":"tag-zenek-martyniuk"},"share_on_mastodon":{"url":"","error":""},"_links":{"self":[{"href":"https:\/\/www.europesays.com\/pl\/wp-json\/wp\/v2\/posts\/59426","targetHints":{"allow":["GET"]}}],"collection":[{"href":"https:\/\/www.europesays.com\/pl\/wp-json\/wp\/v2\/posts"}],"about":[{"href":"https:\/\/www.europesays.com\/pl\/wp-json\/wp\/v2\/types\/post"}],"author":[{"embeddable":true,"href":"https:\/\/www.europesays.com\/pl\/wp-json\/wp\/v2\/users\/2"}],"replies":[{"embeddable":true,"href":"https:\/\/www.europesays.com\/pl\/wp-json\/wp\/v2\/comments?post=59426"}],"version-history":[{"count":0,"href":"https:\/\/www.europesays.com\/pl\/wp-json\/wp\/v2\/posts\/59426\/revisions"}],"wp:featuredmedia":[{"embeddable":true,"href":"https:\/\/www.europesays.com\/pl\/wp-json\/wp\/v2\/media\/59427"}],"wp:attachment":[{"href":"https:\/\/www.europesays.com\/pl\/wp-json\/wp\/v2\/media?parent=59426"}],"wp:term":[{"taxonomy":"category","embeddable":true,"href":"https:\/\/www.europesays.com\/pl\/wp-json\/wp\/v2\/categories?post=59426"},{"taxonomy":"post_tag","embeddable":true,"href":"https:\/\/www.europesays.com\/pl\/wp-json\/wp\/v2\/tags?post=59426"}],"curies":[{"name":"wp","href":"https:\/\/api.w.org\/{rel}","templated":true}]}}