{"id":59434,"date":"2025-10-20T19:02:11","date_gmt":"2025-10-20T19:02:11","guid":{"rendered":"https:\/\/www.europesays.com\/pl\/59434\/"},"modified":"2025-10-20T19:02:11","modified_gmt":"2025-10-20T19:02:11","slug":"tragedia-na-przejezdzie-kolejowym-kierowca-osobowki-zginal-na-miejscu-onet-wiadomosci","status":"publish","type":"post","link":"https:\/\/www.europesays.com\/pl\/59434\/","title":{"rendered":"Tragedia na przeje\u017adzie kolejowym. Kierowca osob\u00f3wki zgin\u0105\u0142 na miejscu &#8211; Onet Wiadomo\u015bci"},"content":{"rendered":"<ol>\n<li><a href=\"https:\/\/news.google.com\/rss\/articles\/CBMiugFBVV95cUxQM1VuNGh0dTNyQU1yUU9tUDFiZS1LM185Ykx2YnNCbEVteHp6YU5RX1BLUEF3aVlOc3pjTnNCaVM1NklEUnRESTFUMUN2RS1CN2t6RlU1eHRyRlAxZDFlVXM3V3hRWlRXcGhLeTUtTE5RRklSbmljWS1jVldlVWJGelpTenpDbVhYMmtneUcxa2RFYXlwMEFhUW41aTBtU0djMHZTSktBT1RxOXl4ZDk4NGYzdUZfNm5ZTXc?oc=5\" target=\"_blank\" rel=\"nofollow noopener\">Tragedia na przeje\u017adzie kolejowym. Kierowca osob\u00f3wki zgin\u0105\u0142 na miejscu<\/a>&nbsp;&nbsp;Onet Wiadomo\u015bci<\/li>\n<li><a href=\"https:\/\/news.google.com\/rss\/articles\/CBMirAFBVV95cUxOOVZIRXAyMTFXRFloblVlNEdRXzZrRWdjUC1EYXpKaGFYYzJ5NDNPT2dKUXJ5MG12Vm1KR2RlVjROOU8zWTVMOVJKS1hPeUpwZDFjbFh4YUVYdXhfQTM5UjB5ZTBKeGN3WFQyVmlCWnNPelZVYWxVM1BoLW5RbThMN0lxb3RwYXVyS2kxamg1MDBwQXZzYVNlVDRBR2hCbXJxeURUbV9PWHhwZ3FG?oc=5\" target=\"_blank\" rel=\"nofollow noopener\">\u015amier\u0107 na przeje\u017adzie kolejowym. Poci\u0105g uderzy\u0142 w auto<\/a>&nbsp;&nbsp;RMF24<\/li>\n<li><a href=\"https:\/\/news.google.com\/rss\/articles\/CBMi_AFBVV95cUxQUVVuTDZudUJ2Y0N0MVkxZ1FlVFFCUGtOak5KdkVzUW5ycE1uTWwtbGhRNUxUYjJ1SWtQM3BjREJnZU1VVE55SERYWXNoZlJxTUtoSDZUaXg2RVFwZFNoOFNiWnVDODRkRHd6b2c2S0J0WXZNZnJTcXltTG1Pc3lMNjU5OS1xc05CWktSSVdCWlpmNGpNY3QzdlNBdndlSVZZME5DSTFxYS1ydXlOVlozcEpjMUJvTWJJMm9xb2JJUWMxejQ0WFp0YWhxcDRIRnVKS0huYnZwbng0Rk1Wckx5NEM2MzJOQkVFZlE1Um93YzhSd1dhekJ4X0Qzd0k?oc=5\" target=\"_blank\" rel=\"nofollow noopener\">Zachodniopomorskie: Wznowiono ruch poci\u0105g\u00f3w mi\u0119dzy Stargardem a Wa\u0142czem po \u015bmiertelnym wypadku (aktl.)<\/a>&nbsp;&nbsp;Portal Samorz\u0105dowy<\/li>\n<li><a href=\"https:\/\/news.google.com\/rss\/articles\/CBMiggFBVV95cUxPeXJwS2NwRHVXX2FReWQ4UEFCMTA1UGZVMkoxdVBjWDhWV0hmZ193UUtLNWF0UTB2Q24xSTY2czE5MksydUJlZllJVWNVeEJma0xqTmJTMG4wdmliY085UVB3cEhXOHhVSVluU2hJZXhONGg0aVl3Ml9FUEZNSUx5MmR3?oc=5\" target=\"_blank\" rel=\"nofollow noopener\">Tragiczny wypadek na przeje\u017adzie kolejowym<\/a>&nbsp;&nbsp;Radio Szczecin<\/li>\n<li><a href=\"https:\/\/news.google.com\/rss\/articles\/CBMi4gFBVV95cUxPNkYxbnR2LWJaNUU3enRUMUM4QXZHV2hWZnBnTnNmSXp3LVVPcnpLMUlkVzZwUDlhaVJ6UC1YUllDTDNHN2VHUVhqYzQydlRsWVpLc1E0LXd0cjBpQWxUcjh1REo5OFpmeFZHRV9nQkhmWkZ2UTBhVDN3R3VEWm42SnhaNzViMDhRU1FWZm9pb3M2cWJudTNfb1F6dlRoRE1SNjJqUGZXWGV6eTg4RmNTOW5jVUs4TnJTTDUyMFJjQzlXcnVvaFpucVY5a0ZVcE82UUpHTGwyZkVybHdBVXBnVlJn?oc=5\" target=\"_blank\" rel=\"nofollow noopener\">Zderzenie na przeje\u017adzie kolejowym. Nie \u017cyje kierowca osob\u00f3wki<\/a>&nbsp;&nbsp;TVP Info<\/li>\n<\/ol>\n","protected":false},"excerpt":{"rendered":"Tragedia na przeje\u017adzie kolejowym. Kierowca osob\u00f3wki zgin\u0105\u0142 na miejscu&nbsp;&nbsp;Onet Wiadomo\u015bci \u015amier\u0107 na przeje\u017adzie kolejowym. Poci\u0105g uderzy\u0142 w auto&nbsp;&nbsp;RMF24&hellip;\n","protected":false},"author":2,"featured_media":59435,"comment_status":"","ping_status":"","sticky":false,"template":"","format":"standard","meta":{"footnotes":""},"categories":[12],"tags":[32,33,36,37,27,363,34,35,28,31,48,25,46,42,38,40,39,41,15577,47,15576,2307,29,30,8277,26,2588],"class_list":{"0":"post-59434","1":"post","2":"type-post","3":"status-publish","4":"format-standard","5":"has-post-thumbnail","7":"category-polska","8":"tag-breaking-news","9":"tag-breakingnews","10":"tag-featured-news","11":"tag-featurednews","12":"tag-headlines","13":"tag-kolej_pociagi_transport_kolejowy","14":"tag-latest-news","15":"tag-latestnews","16":"tag-naglowki","17":"tag-najwazniejsze-artykuly","18":"tag-nat_styl","19":"tag-news","20":"tag-omp","21":"tag-pl","22":"tag-poland","23":"tag-polish","24":"tag-polska","25":"tag-polski","26":"tag-przejazd_kolejowy","27":"tag-screening_general","28":"tag-stargard","29":"tag-szczecin","30":"tag-top-stories","31":"tag-topstories","32":"tag-tragedia","33":"tag-wiadomosci","34":"tag-wypadek"},"share_on_mastodon":{"url":"","error":""},"_links":{"self":[{"href":"https:\/\/www.europesays.com\/pl\/wp-json\/wp\/v2\/posts\/59434","targetHints":{"allow":["GET"]}}],"collection":[{"href":"https:\/\/www.europesays.com\/pl\/wp-json\/wp\/v2\/posts"}],"about":[{"href":"https:\/\/www.europesays.com\/pl\/wp-json\/wp\/v2\/types\/post"}],"author":[{"embeddable":true,"href":"https:\/\/www.europesays.com\/pl\/wp-json\/wp\/v2\/users\/2"}],"replies":[{"embeddable":true,"href":"https:\/\/www.europesays.com\/pl\/wp-json\/wp\/v2\/comments?post=59434"}],"version-history":[{"count":0,"href":"https:\/\/www.europesays.com\/pl\/wp-json\/wp\/v2\/posts\/59434\/revisions"}],"wp:featuredmedia":[{"embeddable":true,"href":"https:\/\/www.europesays.com\/pl\/wp-json\/wp\/v2\/media\/59435"}],"wp:attachment":[{"href":"https:\/\/www.europesays.com\/pl\/wp-json\/wp\/v2\/media?parent=59434"}],"wp:term":[{"taxonomy":"category","embeddable":true,"href":"https:\/\/www.europesays.com\/pl\/wp-json\/wp\/v2\/categories?post=59434"},{"taxonomy":"post_tag","embeddable":true,"href":"https:\/\/www.europesays.com\/pl\/wp-json\/wp\/v2\/tags?post=59434"}],"curies":[{"name":"wp","href":"https:\/\/api.w.org\/{rel}","templated":true}]}}