{"id":594454,"date":"2026-08-01T14:39:27","date_gmt":"2026-08-01T14:39:27","guid":{"rendered":"https:\/\/www.europesays.com\/pl\/594454\/"},"modified":"2026-08-01T14:39:27","modified_gmt":"2026-08-01T14:39:27","slug":"polska-rozbija-slowenie-w-68-minut-super-nowosci","status":"publish","type":"post","link":"https:\/\/www.europesays.com\/pl\/594454\/","title":{"rendered":"Polska rozbija S\u0142oweni\u0119 w 68 minut &#8211; Super Nowo\u015bci"},"content":{"rendered":"<p> 0 <img fetchpriority=\"high\" decoding=\"async\" width=\"1024\" height=\"682\" src=\"https:\/\/www.europesays.com\/pl\/wp-content\/uploads\/2026\/08\/hxtow1kdpytvgjzyncqs-1024x682.jpg\" alt=\"\" class=\" penci-lazy wp-image-114741\"  \/>Fot. volleyballworld <\/p>\n<p class=\"has-medium-font-size wp-block-paragraph\">Reprezentacja Polski po 68 minutach gry pokona\u0142a w Ningbo S\u0142oweni\u0119 3-0 w p\u00f3\u0142finale Ligi Narod\u00f3w. W niedzielnym meczu o z\u0142oty medal zmierz\u0105 si\u0119 ze zwyci\u0119zc\u0105 spotkania Stany Zjednoczone \u2013 Japonia, kt\u00f3re rozpocznie si\u0119 o godz. 13.30.<\/p>\n<p class=\"wp-block-paragraph\">SIATK\u00d3WKA. LIGA NAROD\u00d3W<\/p>\n<p class=\"wp-block-paragraph\">Zesp\u00f3\u0142 trenera Nikoli Grbicia, by po raz czwarty w historii zameldowa\u0142 si\u0119 w finale Ligi Narod\u00f3w. S\u0142owe\u0144cy, kt\u00f3rzy dla Bia\u0142o-Czerwonych cz\u0119sto byli niewygodnym przeciwnikiem, a w fazie zasadniczej rozgrywek wygrali 3-2, w sobot\u0119 stanowili jednak tylko t\u0142o dla polskiego zespo\u0142u. Do efektownego zwyci\u0119stwa poprowadzi\u0142 polskich siatkarzy Wilfredo Leon, kt\u00f3ry zdoby\u0142 16 punkt\u00f3w, z czego a\u017c sze\u015b\u0107 z zagrywki. To w\u0142a\u015bnie jego niezwykle mocne serwisy, po kt\u00f3rych pi\u0142ka lecia\u0142a z pr\u0119dko\u015bci\u0105 ponad 120 km\/h, sprawi\u0142y mn\u00f3stwo problem\u00f3w przeciwnikom.<\/p>\n<p class=\"wp-block-paragraph\">\u2013 Zawsze musisz przygotowa\u0107 zesp\u00f3\u0142 na mo\u017cliwie najtrudniejsze spotkanie, ale dzisiaj sami u\u0142atwili\u015bmy sobie zadanie. Nie pami\u0119tam, czy kiedykolwiek rozegrali\u015bmy tak \u015bwietny mecz na zagrywce. Dzi\u0119ki temu du\u017co \u0142atwiej by\u0142o zorganizowa\u0107 blok, obron\u0119 czy kontratak. Mamy tylko nadziej\u0119, \u017ce taki poziom na zagrywce b\u0119dziemy kontynuowa\u0107 \u2013 przyzna\u0142 Nikola Grbi\u0107 na antenie Polsatu.<\/p>\n<p class=\"wp-block-paragraph\">Serbski szkoleniowiec zaznaczy\u0142, \u017ce nie zamierza si\u0119 zbyt d\u0142ugo zachwyca\u0107 si\u0119 na gr\u0105 swoich podopiecznych, bowiem w niedziel\u0119 czeka ich kolejne wyzwanie. \u2013 Teraz musimy jednak zapomnie\u0107 o tym spotkaniu. Bardzo fajny mecz, fantastycznie zagrali\u015bmy, jeste\u015bmy najlepsi, bla, bla, bla\u2026 Ale teraz ju\u017c reset. Odk\u0142adamy to, bo zn\u00f3w zaczynamy od 0:0. I nie ma znaczenia, z kim zagramy w finale. Musimy zachowa\u0107 jako\u015b\u0107 naszego grania, ale te\u017c postara\u0107 si\u0119 powt\u00f3rzy\u0107 to, co zaprezentowali\u015bmy w p\u00f3\u0142finale \u2013 doda\u0142.<\/p>\n<p class=\"wp-block-paragraph\">Jednym z bohater\u00f3w spotkania by\u0142 Wilfredo Leon, kt\u00f3ry odnotowa\u0142 a\u017c sze\u015b\u0107 as\u00f3w serwisowych. Siatkarz sprawi\u0142 sobie jednocze\u015bnie mi\u0142y prezent, bowiem w pi\u0105tek \u015bwi\u0119towa\u0142 swoje 33. urodziny. \u2013 Nie zawsze wygrywasz 3-0 w p\u00f3\u0142finale Ligi Narod\u00f3w. Jeste\u015bmy bardzo zadowoleni, bo zagrali\u015bmy bardzo dobrze we wszystkich trzech setach. Graj\u0105c o tak du\u017c\u0105 stawk\u0119 nie jest \u0142atwo utrzyma\u0107 wysoki poziom przez ca\u0142e spotkanie \u2013 przyzna\u0142.<\/p>\n<p class=\"wp-block-paragraph\">Zdaniem atakuj\u0105cego Bart\u0142omieja Bo\u0142\u0105dzia Polacy od pocz\u0105tku wywierali presj\u0119 na rywalach i tym ich z\u0142amali. \u2013 Idealnie nie by\u0142o, ale raczej kontrolowali\u015bmy wydarzenia na parkiecie i przebieg gry. Zdarzy\u0142y si\u0119 nam tylko, na szcz\u0119\u015bcie, kr\u00f3tkie momenty przestoj\u00f3w, ale najwa\u017cniejsze, \u017ce jeste\u015bmy w finale.<\/p>\n<p class=\"wp-block-paragraph\">Polacy, ubieg\u0142oroczni zwyci\u0119zcy Ligi Narod\u00f3w, po raz czwarty wyst\u0105pi\u0105 w finale. Triumfowali tak\u017ce w 2023 roku, a w 2021 roku przegrali mecz o z\u0142oty medal z Brazyli\u0105. Dotychczas sze\u015bciokrotnie stan\u0119li na podium.<\/p>\n<p class=\"wp-block-paragraph\">S\u0142owenia \u2013 Polska 0-3 (16:25, 19:25, 17:25)<\/p>\n<p class=\"wp-block-paragraph\">S\u0142owenia: Planinsi\u0107, Mozi\u0107 7, Kozamernik 1, Mujanov\u0107 6, Urnaut 6, Pajenk 11 oraz Okrogli\u0107 (libero), Najdi\u0107, Bra\u0107ko 1, Sen, Marovt 1, Krzi\u0107 1.<\/p>\n<p class=\"wp-block-paragraph\">Polska: Komenda 2, Leon 16, Jakubiszak 9, Bo\u0142\u0105d\u017a 15, Fornal 6, Lema\u0144ski 6 oraz Popiwczak (libero), Granieczny (libero), Semeniuk, Szalpuk 2.<\/p>\n<p class=\"wp-block-paragraph\">PRZECZYTAJ TE\u017b: <a href=\"https:\/\/supernowosci24.pl\/sport\/siatkowka\/tobias-brand-zamyka-sklad-asseco-resovii-na-nowy-sezon\/\" rel=\"nofollow noopener\" target=\"_blank\">Tobias Brand zamyka sk\u0142ad Asseco Resovii na nowy sezon<\/a><\/p>\n<p> Mo\u017ce Ci\u0119 zainteresowa\u0107<\/p>\n","protected":false},"excerpt":{"rendered":"0 Fot. volleyballworld Reprezentacja Polski po 68 minutach gry pokona\u0142a w Ningbo S\u0142oweni\u0119 3-0 w p\u00f3\u0142finale Ligi Narod\u00f3w.&hellip;\n","protected":false},"author":2,"featured_media":594455,"comment_status":"","ping_status":"","sticky":false,"template":"","format":"standard","meta":{"footnotes":"","_share_on_mastodon":"0"},"categories":[12],"tags":[100415,70055,12614,3159,42,38,40,39,41,15549,17094,66125,51615,1342],"class_list":["post-594454","post","type-post","status-publish","format-standard","has-post-thumbnail","category-polska","tag-artur-szalpuk","tag-asseco-resovia","tag-liga-narodow","tag-nikola-grbic","tag-pl","tag-poland","tag-polish","tag-polska","tag-polski","tag-pzps","tag-tauron-liga","tag-vnl","tag-volleyball","tag-wilfredo-leon"],"share_on_mastodon":{"url":"https:\/\/pubeurope.com\/@pl\/117020771206637768","error":""},"_links":{"self":[{"href":"https:\/\/www.europesays.com\/pl\/wp-json\/wp\/v2\/posts\/594454","targetHints":{"allow":["GET"]}}],"collection":[{"href":"https:\/\/www.europesays.com\/pl\/wp-json\/wp\/v2\/posts"}],"about":[{"href":"https:\/\/www.europesays.com\/pl\/wp-json\/wp\/v2\/types\/post"}],"author":[{"embeddable":true,"href":"https:\/\/www.europesays.com\/pl\/wp-json\/wp\/v2\/users\/2"}],"replies":[{"embeddable":true,"href":"https:\/\/www.europesays.com\/pl\/wp-json\/wp\/v2\/comments?post=594454"}],"version-history":[{"count":0,"href":"https:\/\/www.europesays.com\/pl\/wp-json\/wp\/v2\/posts\/594454\/revisions"}],"wp:featuredmedia":[{"embeddable":true,"href":"https:\/\/www.europesays.com\/pl\/wp-json\/wp\/v2\/media\/594455"}],"wp:attachment":[{"href":"https:\/\/www.europesays.com\/pl\/wp-json\/wp\/v2\/media?parent=594454"}],"wp:term":[{"taxonomy":"category","embeddable":true,"href":"https:\/\/www.europesays.com\/pl\/wp-json\/wp\/v2\/categories?post=594454"},{"taxonomy":"post_tag","embeddable":true,"href":"https:\/\/www.europesays.com\/pl\/wp-json\/wp\/v2\/tags?post=594454"}],"curies":[{"name":"wp","href":"https:\/\/api.w.org\/{rel}","templated":true}]}}