{"id":594474,"date":"2026-08-01T14:49:19","date_gmt":"2026-08-01T14:49:19","guid":{"rendered":"https:\/\/www.europesays.com\/pl\/594474\/"},"modified":"2026-08-01T14:49:19","modified_gmt":"2026-08-01T14:49:19","slug":"po-szturmie-na-ceute-jest-reakcja-ue-tusk-wsrod-sygnatariuszy-listu","status":"publish","type":"post","link":"https:\/\/www.europesays.com\/pl\/594474\/","title":{"rendered":"Po szturmie na Ceut\u0119 jest reakcja UE. Tusk w\u015br\u00f3d sygnatariuszy listu"},"content":{"rendered":"<p>Kryzys migracyjny w Ceucie. List do szef\u00f3w instytucji UE<\/p>\n<p class=\"font-primary mb-8 text-lg leading-[1.55] [&amp;_a]:text-[#23437D] [&amp;_a]:underline [&amp;_a]:font-bold\">List jest reakcj\u0105 na wydarzenia <a href=\"https:\/\/polskieradio24.pl\/swiat\/kryzys-migracyjny-w-ceucie-hiszpania-wysyla-wojsko-na-granice\" rel=\"nofollow noopener\" target=\"_blank\">z ostatnich dni z Ceuty<\/a>, hiszpa\u0144skiej eksklawy w Afryce P\u00f3\u0142nocnej. Nielegalnie przedosta\u0142o si\u0119 tam <a href=\"https:\/\/polskieradio24.pl\/swiat\/to-wydarzylo-sie-w-kilka-godzin-tysiace-migrantow-ruszyly-na-hiszpanska-granice\" rel=\"nofollow noopener\" target=\"_blank\">ok. 60 tysi\u0119cy migrant\u00f3w<\/a> z Maroka.<\/p>\n<p class=\"font-primary mb-8 text-lg leading-[1.55] [&amp;_a]:text-[#23437D] [&amp;_a]:underline [&amp;_a]:font-bold\">&#8222;Nie mo\u017cemy pozwoli\u0107, aby niekontrolowane masowe przekraczanie granic, instrumentalizacja migracji lub inne zagro\u017cenia hybrydowe stworzy\u0142y wra\u017cenie, \u017ce nielegalny wjazd do Unii Europejskiej jest mo\u017cliwy. \u017be nielegalny wjazd migranta mo\u017ce przekszta\u0142ci\u0107 si\u0119 w legalny pobyt&#8221; &#8211; napisali przyw\u00f3dcy kraj\u00f3w unijnych.<\/p>\n<p class=\"font-primary mb-8 text-lg leading-[1.55] [&amp;_a]:text-[#23437D] [&amp;_a]:underline [&amp;_a]:font-bold\">Polityczni liderzy podkre\u015blili, \u017ce\u00a0&#8222;takie postrzeganie zach\u0119ca\u0142oby do dalszych pr\u00f3b&#8221;, a do tego &#8222;podwa\u017ca\u0142o zaufanie do wsp\u00f3lnej polityki migracyjnej i mia\u0142o konsekwencje dla wszystkich pa\u0144stw cz\u0142onkowskich&#8221;.<\/p>\n<p>Reakcja premiera Hiszpanii<\/p>\n<p class=\"font-primary mb-8 text-lg leading-[1.55] [&amp;_a]:text-[#23437D] [&amp;_a]:underline [&amp;_a]:font-bold\">Z kolei premier Hiszpanii Pedro Sanchez skierowa\u0142 pismo do szefowej Komisji Europejskiej Ursuli von der Leyen, przewodnicz\u0105cego Rady Europejskiej Antonio Costy i premiera Irlandii Micheala Martina, kt\u00f3rego kraj sprawuje przewodnictwo w Radzie UE, w kt\u00f3rym zaapelowa\u0142 do zorganizowania pilnej wideokonferencji z ministrami spraw wewn\u0119trznych kraj\u00f3w UE.<\/p>\n<p><img alt=\"Grupa nielegalnych migrant\u00f3w podczas eskorty do granicy z Marokiem\" loading=\"lazy\" width=\"1036\" height=\"584\" decoding=\"async\" data-nimg=\"1\" style=\"color:transparent\"   src=\"https:\/\/www.europesays.com\/pl\/wp-content\/uploads\/2026\/08\/thumbnails.webp\"\/><\/p>\n<p class=\"font-inter text-[12px] sm:text-base font-semibold leading-[125%] text-[#000]\">Grupa nielegalnych migrant\u00f3w podczas eskorty do granicy z Marokiem\/ Foto: Reuters<\/p>\n<p class=\"font-primary mb-8 text-lg leading-[1.55] [&amp;_a]:text-[#23437D] [&amp;_a]:underline [&amp;_a]:font-bold\">Sanchez oceni\u0142, \u017ce reakcja niekt\u00f3rych pa\u0144stw cz\u0142onkowskich na <a href=\"https:\/\/polskieradio24.pl\/swiat\/wielki-kryzys-migracyjny-w-hiszpanskiej-ceucie-kilkadziesiat-osob-nie-zyje\" rel=\"nofollow noopener\" target=\"_blank\">wydarzenia w Ceucie<\/a> by\u0142a &#8222;samolubna, polaryzuj\u0105ca i niezgodna z prawem&#8221; (domaga\u0142y si\u0119 one ograniczenia udzia\u0142u Hiszpanii <a href=\"https:\/\/polskieradio24.pl\/swiat\/kryzys-w-ceucie-eskaluje-padaja-wezwania-do-wyrzucenia-hiszpanii-ze-schengen\" rel=\"nofollow noopener\" target=\"_blank\">w strefie Schengen<\/a>). Nie wymieni\u0142 ich z nazwy, natomiast kontekst wypowiedzi wskazywa\u0142, chodzi przede wszystkim o W\u0142ochy.<\/p>\n<p>Sanchez: przywr\u00f3cili\u015bmy pe\u0142n\u0105 kontrol\u0119 nad granic\u0105<\/p>\n<p class=\"font-primary mb-8 text-lg leading-[1.55] [&amp;_a]:text-[#23437D] [&amp;_a]:underline [&amp;_a]:font-bold\">Premier Hiszpanii\u00a0stwierdzi\u0142, \u017ce w ci\u0105gu niespe\u0142na 48 godzin hiszpa\u0144skie w\u0142adze przywr\u00f3ci\u0142y pe\u0142n\u0105 kontrol\u0119 nad granic\u0105, udzieli\u0142y pomocy humanitarnej, zawr\u00f3ci\u0142y niemal wszystkich migrant\u00f3w, kt\u00f3rzy przekroczyli granic\u0119 nielegalnie, jak r\u00f3wnie\u017c zapobieg\u0142y ich dalszemu przemieszczaniu si\u0119 do Europy kontynentalnej.<\/p>\n<p class=\"font-primary mb-8 text-lg leading-[1.55] [&amp;_a]:text-[#23437D] [&amp;_a]:underline [&amp;_a]:font-bold\">Polityk zaznaczy\u0142, \u017ce dzia\u0142ania te zosta\u0142y przeprowadzone we wsp\u00f3\u0142pracy z w\u0142adzami Maroka i przy &#8222;bardzo ograniczonym wsparciu&#8221; ze strony innych pa\u0144stw UE. Przyzna\u0142 jednak, \u017ce\u00a0wi\u0119kszo\u015b\u0107 pa\u0144stw cz\u0142onkowskich popar\u0142a Hiszpani\u0119 i zaoferowa\u0142a pomoc.<\/p>\n<p><img alt=\"Policja i wojsko na ulicy w Ceucie podczas eskorty migrant\u00f3w do granicy\" loading=\"lazy\" width=\"1036\" height=\"584\" decoding=\"async\" data-nimg=\"1\" style=\"color:transparent\"   src=\"https:\/\/www.europesays.com\/pl\/wp-content\/uploads\/2026\/08\/1785595759_307_thumbnails.webp\"\/><\/p>\n<p class=\"font-inter text-[12px] sm:text-base font-semibold leading-[125%] text-[#000]\">Policja i wojsko na ulicy w Ceucie podczas eskorty migrant\u00f3w do granicy\/ Foto: Reuters<\/p>\n<p class=\"font-primary mb-8 text-lg leading-[1.55] [&amp;_a]:text-[#23437D] [&amp;_a]:underline [&amp;_a]:font-bold\">Sanchez podkre\u015bli\u0142, \u017ce Ceuta nie nale\u017cy do strefy Schengen, a Hiszpania, jak wskazuj\u0105 dane Frontexu, nale\u017cy do pa\u0144stw najlepiej chroni\u0105cych zewn\u0119trzn\u0105 granic\u0119 UE.<\/p>\n<p>Redakcja poleca<\/p>\n","protected":false},"excerpt":{"rendered":"Kryzys migracyjny w Ceucie. List do szef\u00f3w instytucji UE List jest reakcj\u0105 na wydarzenia z ostatnich dni z&hellip;\n","protected":false},"author":2,"featured_media":594475,"comment_status":"","ping_status":"","sticky":false,"template":"","format":"standard","meta":{"footnotes":"","_share_on_mastodon":"0"},"categories":[62713],"tags":[1345,267,409,104],"class_list":["post-594474","post","type-post","status-publish","format-standard","has-post-thumbnail","category-donald-tusk","tag-donald-tusk","tag-hiszpania","tag-migracja","tag-unia-europejska"],"share_on_mastodon":{"url":"https:\/\/pubeurope.com\/@pl\/117020811664879601","error":""},"_links":{"self":[{"href":"https:\/\/www.europesays.com\/pl\/wp-json\/wp\/v2\/posts\/594474","targetHints":{"allow":["GET"]}}],"collection":[{"href":"https:\/\/www.europesays.com\/pl\/wp-json\/wp\/v2\/posts"}],"about":[{"href":"https:\/\/www.europesays.com\/pl\/wp-json\/wp\/v2\/types\/post"}],"author":[{"embeddable":true,"href":"https:\/\/www.europesays.com\/pl\/wp-json\/wp\/v2\/users\/2"}],"replies":[{"embeddable":true,"href":"https:\/\/www.europesays.com\/pl\/wp-json\/wp\/v2\/comments?post=594474"}],"version-history":[{"count":0,"href":"https:\/\/www.europesays.com\/pl\/wp-json\/wp\/v2\/posts\/594474\/revisions"}],"wp:featuredmedia":[{"embeddable":true,"href":"https:\/\/www.europesays.com\/pl\/wp-json\/wp\/v2\/media\/594475"}],"wp:attachment":[{"href":"https:\/\/www.europesays.com\/pl\/wp-json\/wp\/v2\/media?parent=594474"}],"wp:term":[{"taxonomy":"category","embeddable":true,"href":"https:\/\/www.europesays.com\/pl\/wp-json\/wp\/v2\/categories?post=594474"},{"taxonomy":"post_tag","embeddable":true,"href":"https:\/\/www.europesays.com\/pl\/wp-json\/wp\/v2\/tags?post=594474"}],"curies":[{"name":"wp","href":"https:\/\/api.w.org\/{rel}","templated":true}]}}