{"id":594494,"date":"2026-08-01T15:10:11","date_gmt":"2026-08-01T15:10:11","guid":{"rendered":"https:\/\/www.europesays.com\/pl\/594494\/"},"modified":"2026-08-01T15:10:11","modified_gmt":"2026-08-01T15:10:11","slug":"polska-w-finale-ligi-narodow-niewygodny-pokonany-droga-do-zlota","status":"publish","type":"post","link":"https:\/\/www.europesays.com\/pl\/594494\/","title":{"rendered":"Polska w finale Ligi Narod\u00f3w! Niewygodny pokonany, droga do z\u0142ota&#8230;"},"content":{"rendered":"<p>W pierwszym secie Bia\u0142o-Czerwoni szybko odskoczyli na cztery punkty. P\u00f3\u017aniej S\u0142owe\u0144cy z\u0142apali rytm i zanosi\u0142o si\u0119 na wyr\u00f3wnan\u0105 ko\u0144c\u00f3wk\u0119. Ale nic z tych rzeczy. Wynik m\u00f3wi sam za siebie: 25:16 dla Polski.<\/p>\n<p>Drugi set do\u015b\u0107 d\u0142ugo toczy\u0142 si\u0119 bez wyra\u017anej przewagi kt\u00f3rego\u015b z zespo\u0142\u00f3w. Ekipa Nikoli Grbicia pope\u0142ni\u0142a sporo b\u0142\u0119d\u00f3w w zagrywce. Ko\u0144c\u00f3wka jednak nale\u017ca\u0142a do Polski. Wyj\u0105tkowej urody asy Bart\u0142omieja Lema\u0144skiego, Wilfredo Leona i Tomasza Fornala, \u015bwietna gra tego ostatniego w obronie i na kontrze oraz bardzo stabilna, skuteczna gra atakuj\u0105cego Bart\u0142omieja Bo\u0142\u0105dzia zapewni\u0142y naszym wygran\u0105 do 19.<\/p>\n<p>Trzecia partia rozpocz\u0119\u0142a si\u0119 od prowadzenia Polski 4:0 (Leon na zagrywce!), potem by\u0142o 6:1. S\u0142owe\u0144cy odgryzali si\u0119 mocnymi atakami, w ca\u0142ym meczu imponuj\u0105co gra\u0142 ich rozgrywaj\u0105cy Uros Planinsi\u0107, ale wszystko, na co by\u0142o ich sta\u0107 w ostatnim secie, to by\u0142o 17 punkt\u00f3w. Ko\u0144c\u00f3wk\u0119 po stronie s\u0142owe\u0144skiej rozgrywali ju\u017c zmiennicy pierwszej sz\u00f3stki. Trener Fabio Soli chyba ju\u017c oszcz\u0119dza\u0142 lider\u00f3w na jutrzejszy mecz o br\u0105z.<\/p>\n<p>W finale Polska zmierzy si\u0119 z USA. Amerykanie po fantastycznym meczu, pe\u0142nym pot\u0119\u017cnych atak\u00f3w, nieprawdopodobnych obron, cyrkowych wystaw i zab\u00f3jczych blok\u00f3w wygrali z Japo\u0144czykami 3:2. Walka trwa\u0142a przesz\u0142o dwa razy d\u0142u\u017cej ni\u017c kr\u00f3tka przeprawa Polak\u00f3w ze S\u0142owe\u0144cami. Zm\u0119czenie dru\u017cyny USA mo\u017ce mie\u0107 znaczenie dla przebiegu meczu fina\u0142owego z Polsk\u0105. Rozpocznie si\u0119 on jutro o godz. 13.30 polskiego czasu.<\/p>\n<p>\n\t\t\u00ab<br \/>\n\t\t\u2039<\/p>\n<p>\t\t1<\/p>\n<p>\t\t\u203a<br \/>\n\t\t\u00bb<\/p>\n","protected":false},"excerpt":{"rendered":"W pierwszym secie Bia\u0142o-Czerwoni szybko odskoczyli na cztery punkty. P\u00f3\u017aniej S\u0142owe\u0144cy z\u0142apali rytm i zanosi\u0142o si\u0119 na wyr\u00f3wnan\u0105&hellip;\n","protected":false},"author":2,"featured_media":594495,"comment_status":"","ping_status":"","sticky":false,"template":"","format":"standard","meta":{"footnotes":"","_share_on_mastodon":"0"},"categories":[12],"tags":[21690,12614,116560,42,38,40,39,41,21691,9378,21692],"class_list":["post-594494","post","type-post","status-publish","format-standard","has-post-thumbnail","category-polska","tag-gosc-niedzielny","tag-liga-narodow","tag-liga-narodow-w-pilce-siatkowej","tag-pl","tag-poland","tag-polish","tag-polska","tag-polski","tag-publicystyka-katolicka","tag-tygodnik-katolicki","tag-wiadomosci-z-zycia-kosciola-polski-i-swiata"],"share_on_mastodon":{"url":"https:\/\/pubeurope.com\/@pl\/117020893283021812","error":""},"_links":{"self":[{"href":"https:\/\/www.europesays.com\/pl\/wp-json\/wp\/v2\/posts\/594494","targetHints":{"allow":["GET"]}}],"collection":[{"href":"https:\/\/www.europesays.com\/pl\/wp-json\/wp\/v2\/posts"}],"about":[{"href":"https:\/\/www.europesays.com\/pl\/wp-json\/wp\/v2\/types\/post"}],"author":[{"embeddable":true,"href":"https:\/\/www.europesays.com\/pl\/wp-json\/wp\/v2\/users\/2"}],"replies":[{"embeddable":true,"href":"https:\/\/www.europesays.com\/pl\/wp-json\/wp\/v2\/comments?post=594494"}],"version-history":[{"count":0,"href":"https:\/\/www.europesays.com\/pl\/wp-json\/wp\/v2\/posts\/594494\/revisions"}],"wp:featuredmedia":[{"embeddable":true,"href":"https:\/\/www.europesays.com\/pl\/wp-json\/wp\/v2\/media\/594495"}],"wp:attachment":[{"href":"https:\/\/www.europesays.com\/pl\/wp-json\/wp\/v2\/media?parent=594494"}],"wp:term":[{"taxonomy":"category","embeddable":true,"href":"https:\/\/www.europesays.com\/pl\/wp-json\/wp\/v2\/categories?post=594494"},{"taxonomy":"post_tag","embeddable":true,"href":"https:\/\/www.europesays.com\/pl\/wp-json\/wp\/v2\/tags?post=594494"}],"curies":[{"name":"wp","href":"https:\/\/api.w.org\/{rel}","templated":true}]}}