{"id":594958,"date":"2026-08-01T20:09:13","date_gmt":"2026-08-01T20:09:13","guid":{"rendered":"https:\/\/www.europesays.com\/pl\/594958\/"},"modified":"2026-08-01T20:09:13","modified_gmt":"2026-08-01T20:09:13","slug":"kacper-tomasiak-potwierdzil-moc-w-wisle-ale-to-nie-on-skradl-show","status":"publish","type":"post","link":"https:\/\/www.europesays.com\/pl\/594958\/","title":{"rendered":"Kacper Tomasiak potwierdzi\u0142 moc w Wi\u015ble. Ale to nie on skrad\u0142 show"},"content":{"rendered":"<p>Wyniki w treningach mog\u0142y budzi\u0107 w\u015br\u00f3d polskich kibic\u00f3w optymizm, poniewa\u017c w pierwszej serii treningowej a\u017c dziewi\u0119ciu naszych skoczk\u00f3w uplasowa\u0142o si\u0119 w czo\u0142owej 30. Ostatecznie o miejsce w \u015bcis\u0142ej czo\u0142\u00f3wce powalczy\u0142 tylko Kacper Tomasiak.<\/p>\n<p>Dalszy ci\u0105g artyku\u0142u pod materia\u0142em wideo<\/p>\n<p>Trzeba zauwa\u017cy\u0107, \u017ce w tym konkursie w sk\u0142adach najlepszych reprezentacji brakowa\u0142o najwi\u0119kszych gwiazd \u015bwiatowych skok\u00f3w. Mimo to po pierwszej serii drugi najlepszy z Polak\u00f3w zajmowa\u0142 dopiero 19. miejsce.<\/p>\n<p><a href=\"https:\/\/przegladsportowy.onet.pl\/\" title=\"Strona g\u0142\u00f3wna serwisu\" aria-label=\"Strona g\u0142\u00f3wna serwisu\" data-astro-prefetch=\"tap\" class=\"ods-a-logo-main-desktop\" rel=\"nofollow noopener\" target=\"_blank\"><img src=\"https:\/\/cdn.przegladsportowy.onet.pl\/img\/Logo_desktop_Onet.svg\" class=\"ods-a-logo-main-desktop__image\" alt=\"Logo\" width=\"107\" height=\"60\" fetchpriority=\"high\" decoding=\"sync\" style=\"height:60px\"\/><\/a><\/p>\n<p class=\"ods-m-google-article__text\">Czytaj nas cz\u0119\u015bciej w Google<\/p>\n<p><a href=\"https:\/\/google.com\/preferences\/source?q=przegladsportowy.onet.pl\" target=\"_blank\" rel=\"noopener noreferrer nofollow\" aria-label=\"Dodaj w Google\" title=\"Dodaj w Google\" class=\"ods-a-button ods-a-button__primary ods-a-button__default ods-a-button-l\">Dodaj w Google<\/a><\/p>\n<p>Tomasiak skoczy\u0142 w pierwszej serii 119,5 m, dzi\u0119ki czemu na p\u00f3\u0142metku zajmowa\u0142 sz\u00f3ste miejsce. W zesz\u0142ym sezonie Polak potwierdza\u0142 kilkukrotnie, \u017ce w drugich seriach umie zaatakowa\u0107, na co polscy kibice liczyli r\u00f3wnie\u017c w sobot\u0119.<\/p>\n<p>Kacper Tomasiak w czo\u0142owej 10! S\u0105 te\u017c jednak z\u0142e wie\u015bci<\/p>\n<p>Niestety, cho\u0107 w drugiej serii znacznie si\u0119 poprawi\u0142 (128 m), to pozwoli\u0142o mu wskoczy\u0107 w\u00f3wczas na czwarte miejsce. Sta\u0142o si\u0119 zatem jasne, \u017ce Polak nie stanie na podium inauguracyjnego konkursu tegorocznego Letniego Grand Prix. Pocz\u0105tkowo zaj\u0105\u0142 on \u00f3sm\u0105 lokat\u0119, lecz ostatecznie zosta\u0142 sklasyfikowany na si\u00f3dmym miejscu po dyskwalifikacji Kristoffera Eriksena Sundala.<\/p>\n<p>Po niesamowitej walce po zwyci\u0119stwo si\u0119gn\u0105\u0142, zdecydowanie najlepszy w dzisiejszym konkursie, Naoki Nakamura, kt\u00f3ry w drugiej serii skoczy\u0142 a\u017c 135 m, co by\u0142o najd\u0142u\u017csz\u0105 pr\u00f3b\u0105 w ca\u0142ej rywalizacji. Drugie miejsce zaj\u0105\u0142 Marco Woergoetter, a trzeci by\u0142 Gregor Deschwanden.<\/p>\n<p>Z Polak\u00f3w wyr\u00f3\u017cni\u0107 nale\u017cy tak\u017ce Dawida Kubackiego, kt\u00f3ry znacznie poprawi\u0142 si\u0119 w drugiej serii, uzyskuj\u0105c 126,5 m, dzi\u0119ki czemu znacznie awansowa\u0142 w klasyfikacji. Ostatecznie by\u0142 drugim najlepszym z Polak\u00f3w, zajmuj\u0105c 10. miejsce (po pierwszej serii by\u0142 19.). Poza nim w finale ogl\u0105dali\u015bmy tak\u017ce Macieja Kota, Klemensa Joniaka i Paw\u0142a W\u0105ska.<\/p>\n<p>Szczeg\u00f3lnie w przypadku tego ostatniego mogli\u015bmy liczy\u0107 na lepszy rezultat \u2014 w pierwszej serii treningowej zaj\u0105\u0142 sz\u00f3ste miejsce, a ostatecznie rywalizacj\u0119 zako\u0144czy\u0142 na 27. pozycji. Maciej Kot zosta\u0142 sklasyfikowany na 16. miejscu, a 21. by\u0142 Joniak.<\/p>\n<p>Ju\u017c po pierwszym skoku udzia\u0142 w konkursie zako\u0144czyli Aleksander Zniszczo\u0142 (31. miejsce), Kamil Waszek (32. miejsce), Piotr \u017by\u0142a (37. miejsce), Jakub Wolny (44. miejsce) i \u0141ukasz \u0141ukaszczyk (56. miejsce). Po dyskwalifikacji Sundala wszyscy przesun\u0119li si\u0119 o jedno miejsce w g\u00f3r\u0119.<\/p>\n<p>Ostateczne wyniki sobotniego konkursu Letniego Grand Prix w Wi\u015ble:<\/p>\n<p><img class=\"ods-a-photo ods-a-photo--background\" src=\"https:\/\/www.europesays.com\/pl\/wp-content\/uploads\/2026\/08\/CDuk9lCaHR0cHM6Ly9vY2RuLmV1L3B1bHNjbXMvTURBXy9hMTc2Mjc0ZDRkNmYwMjdhOTRiODY4YWY3MWUzYWQ2Yy5qcGVnkZMFz.jpeg\" height=\"1189\" width=\"860\" alt=\"Klasyfikacja konkursu LGP w Wi\u015ble\" loading=\"lazy\" fetchpriority=\"auto\" decoding=\"auto\"\/><\/p>\n<p>Skijumping.pl<\/p>\n<p>Klasyfikacja konkursu LGP w Wi\u015ble<\/p>\n","protected":false},"excerpt":{"rendered":"Wyniki w treningach mog\u0142y budzi\u0107 w\u015br\u00f3d polskich kibic\u00f3w optymizm, poniewa\u017c w pierwszej serii treningowej a\u017c dziewi\u0119ciu naszych skoczk\u00f3w&hellip;\n","protected":false},"author":2,"featured_media":594959,"comment_status":"","ping_status":"","sticky":false,"template":"","format":"standard","meta":{"footnotes":"","_share_on_mastodon":"0"},"categories":[52122],"tags":[61195,3516,15023,3514,48,46,6010,752,42,38,40,39,41,47,1874,5777,4970],"class_list":["post-594958","post","type-post","status-publish","format-standard","has-post-thumbnail","category-pko-bank-polski","tag-bottomfeed_styl","tag-dawid_kubacki","tag-kacper_tomasiak","tag-letnie_grand_prix_w_skokach_narciarskich","tag-nat_styl","tag-omp","tag-pko-bank-polski","tag-pko-bp","tag-pl","tag-poland","tag-polish","tag-polska","tag-polski","tag-screening_general","tag-skoki_narciarskie","tag-sporty_zimowe","tag-wisla"],"share_on_mastodon":{"url":"https:\/\/pubeurope.com\/@pl\/117022069618573653","error":""},"_links":{"self":[{"href":"https:\/\/www.europesays.com\/pl\/wp-json\/wp\/v2\/posts\/594958","targetHints":{"allow":["GET"]}}],"collection":[{"href":"https:\/\/www.europesays.com\/pl\/wp-json\/wp\/v2\/posts"}],"about":[{"href":"https:\/\/www.europesays.com\/pl\/wp-json\/wp\/v2\/types\/post"}],"author":[{"embeddable":true,"href":"https:\/\/www.europesays.com\/pl\/wp-json\/wp\/v2\/users\/2"}],"replies":[{"embeddable":true,"href":"https:\/\/www.europesays.com\/pl\/wp-json\/wp\/v2\/comments?post=594958"}],"version-history":[{"count":0,"href":"https:\/\/www.europesays.com\/pl\/wp-json\/wp\/v2\/posts\/594958\/revisions"}],"wp:featuredmedia":[{"embeddable":true,"href":"https:\/\/www.europesays.com\/pl\/wp-json\/wp\/v2\/media\/594959"}],"wp:attachment":[{"href":"https:\/\/www.europesays.com\/pl\/wp-json\/wp\/v2\/media?parent=594958"}],"wp:term":[{"taxonomy":"category","embeddable":true,"href":"https:\/\/www.europesays.com\/pl\/wp-json\/wp\/v2\/categories?post=594958"},{"taxonomy":"post_tag","embeddable":true,"href":"https:\/\/www.europesays.com\/pl\/wp-json\/wp\/v2\/tags?post=594958"}],"curies":[{"name":"wp","href":"https:\/\/api.w.org\/{rel}","templated":true}]}}